{"id":48930,"date":"2021-05-22T19:28:16","date_gmt":"2021-05-22T18:28:16","guid":{"rendered":"https:\/\/www.schiebener.net\/wordpress\/?p=48930"},"modified":"2021-05-22T21:05:59","modified_gmt":"2021-05-22T20:05:59","slug":"wiedereroeffnung-des-sauerland-museums-sonderausstellung-und-dauerausstellung-seit-gestern-geoeffnet","status":"publish","type":"post","link":"https:\/\/www.schiebener.net\/wordpress\/wiedereroeffnung-des-sauerland-museums-sonderausstellung-und-dauerausstellung-seit-gestern-geoeffnet\/","title":{"rendered":"Wiederer\u00f6ffnung des Sauerland-Museums: Sonderausstellung und Dauerausstellung seit gestern ge\u00f6ffnet."},"content":{"rendered":"<figure id=\"attachment_48931\" aria-describedby=\"caption-attachment-48931\" style=\"width: 700px\" class=\"wp-caption aligncenter\"><a href=\"https:\/\/www.schiebener.net\/wordpress\/wp-content\/uploads\/2021\/05\/20210522SauerlandmuseumKlein.jpg\" target=\"_blank\" rel=\"noopener\"><img loading=\"lazy\" decoding=\"async\" class=\"wp-image-48931\" src=\"https:\/\/www.schiebener.net\/wordpress\/wp-content\/uploads\/2021\/05\/20210522SauerlandmuseumKlein.jpg\" alt=\"\" width=\"700\" height=\"441\" srcset=\"https:\/\/www.schiebener.net\/wordpress\/wp-content\/uploads\/2021\/05\/20210522SauerlandmuseumKlein.jpg 1772w, https:\/\/www.schiebener.net\/wordpress\/wp-content\/uploads\/2021\/05\/20210522SauerlandmuseumKlein-300x189.jpg 300w, https:\/\/www.schiebener.net\/wordpress\/wp-content\/uploads\/2021\/05\/20210522SauerlandmuseumKlein-1024x645.jpg 1024w, https:\/\/www.schiebener.net\/wordpress\/wp-content\/uploads\/2021\/05\/20210522SauerlandmuseumKlein-768x484.jpg 768w, https:\/\/www.schiebener.net\/wordpress\/wp-content\/uploads\/2021\/05\/20210522SauerlandmuseumKlein-1536x967.jpg 1536w\" sizes=\"auto, (max-width: 709px) 85vw, (max-width: 909px) 67vw, (max-width: 984px) 61vw, (max-width: 1362px) 45vw, 600px\" \/><\/a><figcaption id=\"caption-attachment-48931\" class=\"wp-caption-text\">Wollhaarmammut mit Kalb ( Foto: Kaleidoskop Design)<\/figcaption><\/figure>\n<p><strong>Arnsberg. Wegen der verbesserten Inzidenzlage im Hochsauerlandkreis \u00f6ffnet das Sauerland-Museum p\u00fcnktlich zum langen Pfingstwochenende wieder beide Ausstellungsgeb\u00e4ude.<\/strong><\/p>\n<p><em>(Pressemitteilung HSK)<\/em><\/p>\n<p>Die aktuelle Sonderausstellung \u201eEiszeit \u2013 Leben im Extrem\u201c wird wegen der langen Schlie\u00dfungsphase mindestens bis zum 4. Juli verl\u00e4ngert.<\/p>\n<p>Besonders Familien mit Kindern l\u00e4dt die Sonderausstellung ein, eine Reise in die kalte Vergangenheit von vor \u00fcber 20.000 Jahren zu unternehmen. Absolutes Highlight der Ausstellung ist das 43.000 Jahre alte, nahezu komplette Skelett vom sogenannten &#8222;Ahlener Mammut&#8220; mit seiner stattlichen Gr\u00f6\u00dfe von 5,50 Metern L\u00e4nge und 3,25 Metern H\u00f6he. Es wird dem Sauerland-Museum vom Geomuseum der Westf\u00e4lischen Wilhelms-Universit\u00e4t M\u00fcnster f\u00fcr die Ausstellung zur Verf\u00fcgung gestellt.<\/p>\n<p>Zurzeit sind Museumsbesuche nur mit Voranmeldung (Zeitticket) m\u00f6glich. Die Zeittickets k\u00f6nnen online auf der Homepage des Museums reserviert werden: <a href=\"http:\/\/www.sauerland-museum.de\" target=\"_blank\" rel=\"noopener\">www.sauerland-museum.de<\/a><\/p>\n<p>&#8212;&#8212;&#8212;-<\/p>\n<p><strong>Das Sauerland-Museum hat zu folgenden Zeiten ge\u00f6ffnet:<\/strong><\/p>\n<p>Pfingstmontag 10-18 Uhr<br \/>\nDienstag 9\u201318 Uhr<br \/>\nMittwoch\u2013Freitag 9\u201317 Uhr<br \/>\nSamstag 14\u201318 Uhr<br \/>\nSonn- und Feiertag 10\u201318 Uhr<\/p>\n<p>Das Museumsteam ist unter der Telefonnummer 02931 94-4444 oder unter <a href=\"mailto:sauerlandmuseum@hochsauerlandkreis.de\" target=\"_blank\" rel=\"noopener\">sauerlandmuseum@hochsauerlandkreis.de<\/a> zu erreichen.<\/p>\n","protected":false},"excerpt":{"rendered":"<p>Arnsberg. Wegen der verbesserten Inzidenzlage im Hochsauerlandkreis \u00f6ffnet das Sauerland-Museum p\u00fcnktlich zum langen Pfingstwochenende wieder beide Ausstellungsgeb\u00e4ude. (Pressemitteilung HSK) Die aktuelle Sonderausstellung \u201eEiszeit \u2013 Leben im Extrem\u201c wird wegen der &hellip; <a href=\"https:\/\/www.schiebener.net\/wordpress\/wiedereroeffnung-des-sauerland-museums-sonderausstellung-und-dauerausstellung-seit-gestern-geoeffnet\/\" class=\"more-link\"><span class=\"screen-reader-text\">\u201eWiederer\u00f6ffnung des Sauerland-Museums: Sonderausstellung und Dauerausstellung seit gestern ge\u00f6ffnet.\u201c <\/span>weiterlesen<\/a><\/p>\n","protected":false},"author":17,"featured_media":0,"comment_status":"open","ping_status":"open","sticky":false,"template":"","format":"standard","meta":{"footnotes":""},"categories":[319,303,80,5,1043],"tags":[655,1943],"class_list":["post-48930","post","type-post","status-publish","format-standard","hentry","category-geschichte","category-in-unserem-briefkasten","category-lokales","category-naturwissenschaft","category-pressemitteilungen","tag-pressemitteilung","tag-sauerlandmuseum"],"_links":{"self":[{"href":"https:\/\/www.schiebener.net\/wordpress\/wp-json\/wp\/v2\/posts\/48930","targetHints":{"allow":["GET"]}}],"collection":[{"href":"https:\/\/www.schiebener.net\/wordpress\/wp-json\/wp\/v2\/posts"}],"about":[{"href":"https:\/\/www.schiebener.net\/wordpress\/wp-json\/wp\/v2\/types\/post"}],"author":[{"embeddable":true,"href":"https:\/\/www.schiebener.net\/wordpress\/wp-json\/wp\/v2\/users\/17"}],"replies":[{"embeddable":true,"href":"https:\/\/www.schiebener.net\/wordpress\/wp-json\/wp\/v2\/comments?post=48930"}],"version-history":[{"count":0,"href":"https:\/\/www.schiebener.net\/wordpress\/wp-json\/wp\/v2\/posts\/48930\/revisions"}],"wp:attachment":[{"href":"https:\/\/www.schiebener.net\/wordpress\/wp-json\/wp\/v2\/media?parent=48930"}],"wp:term":[{"taxonomy":"category","embeddable":true,"href":"https:\/\/www.schiebener.net\/wordpress\/wp-json\/wp\/v2\/categories?post=48930"},{"taxonomy":"post_tag","embeddable":true,"href":"https:\/\/www.schiebener.net\/wordpress\/wp-json\/wp\/v2\/tags?post=48930"}],"curies":[{"name":"wp","href":"https:\/\/api.w.org\/{rel}","templated":true}]}}