{"id":48925,"date":"2021-05-21T11:00:10","date_gmt":"2021-05-21T10:00:10","guid":{"rendered":"https:\/\/www.schiebener.net\/wordpress\/?p=48925"},"modified":"2021-05-21T11:00:10","modified_gmt":"2021-05-21T10:00:10","slug":"corona-virus-im-hsk-27-neuinfizierte-35-genesene-33-stationaer-am-20-mai-ist-ein-58-jahriger-mann-aus-sundern-verstorben","status":"publish","type":"post","link":"https:\/\/www.schiebener.net\/wordpress\/corona-virus-im-hsk-27-neuinfizierte-35-genesene-33-stationaer-am-20-mai-ist-ein-58-jahriger-mann-aus-sundern-verstorben\/","title":{"rendered":"Corona-Virus im HSK: 27 Neuinfizierte, 35 Genesene, 33 station\u00e4r. Am 20. Mai ist ein 58-jahriger Mann aus Sundern verstorben."},"content":{"rendered":"<p><img loading=\"lazy\" decoding=\"async\" src=\"https:\/\/www.schiebener.net\/wordpress\/wp-content\/uploads\/2009\/02\/lt_briefkasten01.jpg\" alt=\"In unserem Briefkasten\" width=\"120\" height=\"91\" class=\"alignleft size-full wp-image-2182\" \/><strong>Hochsauerlandkreis. Die Statistik des Kreisgesundheitsamtes verzeichnet am Freitag, 21. Mai, 9 Uhr, 27 Neuinfizierte und 35 Genesene. Die 7-Tage-Indizienz betr\u00e4gt 66,2 (Stand: 21. Mai, 0 Uhr).<\/strong><\/p>\n<p><em>(Pressemitteilung HSK)<\/em><\/p>\n<p>Insgesamt sind es damit aktuell 322 Infizierte, 8.942 Genesene sowie 9.459 best\u00e4tigte F\u00e4lle. Station\u00e4r werden 33 Personen behandelt, zehn intensivmedizinisch und davon werden sieben Personen beatmet. <\/p>\n<p>Am 20. Mai ist ein 58-jahriger Mann aus Sundern verstorben. Damit sind es insgesamt 195 Sterbef\u00e4lle in Verbindung mit einer Corona-Infektion. <\/p>\n<p>Die Infizierten verteilen sich insgesamt wie folgt auf die St\u00e4dte und Gemeinden: Arnsberg (97), Bestwig (10), Brilon (33), Eslohe (9), Hallenberg (7), Marsberg (9), Medebach (20), Meschede (34), Olsberg (4), Schmallenberg (41), Sundern (46) und Winterberg (12).<\/p>\n<p><strong>Nachweis der Immunit\u00e4t von Genesenen und Geimpften<\/strong><\/p>\n<p>Immer wieder tauchen Fragen zum Nachweis der Immunit\u00e4t von Genesenen und Geimpften auf. Wie wird hier unterschieden? Wie im Bundesinfektionsschutzgesetz festgelegt, stehen Geimpfte und Genesene negativ Getesteten gleich, zudem werden sie bei Personenbegrenzungen nicht mitgez\u00e4hlt. Voraussetzung ist bei Geimpften ein vollst\u00e4ndiger Impfschutz, bei den meisten Impfstoffen also der Erhalt von zwei Impfungen. Au\u00dferdem muss die abschlie\u00dfende Impfung mindestens 14 Tage zur\u00fcckliegen (damit eine vollst\u00e4ndige Immunisierung stattgefunden hat).<\/p>\n<p>Bei Genesenen ist Voraussetzung f\u00fcr den Verzicht z. B. auf Testungen, dass die Erkrankung mindestens 28 Tage zur\u00fcckliegt (damit keine Ansteckungsgefahr mehr besteht), aber h\u00f6chstens 6 Monate zur\u00fcckliegt (da danach m\u00f6glicherweise keine hinreichende Immunisierung mehr gegeben ist). Hat der Genesene zus\u00e4tzlich auch mindestens eine Impfung, welche nach den aktuellen Empfehlungen fr\u00fchestens 6 Monate nach der Infektion durchgef\u00fchrt werden sollte, erhalten, reicht dieses ebenfalls f\u00fcr eine vollst\u00e4ndige Immunisierung aus.<\/p>\n","protected":false},"excerpt":{"rendered":"<p>Hochsauerlandkreis. Die Statistik des Kreisgesundheitsamtes verzeichnet am Freitag, 21. Mai, 9 Uhr, 27 Neuinfizierte und 35 Genesene. Die 7-Tage-Indizienz betr\u00e4gt 66,2 (Stand: 21. Mai, 0 Uhr). (Pressemitteilung HSK) Insgesamt sind &hellip; <a href=\"https:\/\/www.schiebener.net\/wordpress\/corona-virus-im-hsk-27-neuinfizierte-35-genesene-33-stationaer-am-20-mai-ist-ein-58-jahriger-mann-aus-sundern-verstorben\/\" class=\"more-link\"><span class=\"screen-reader-text\">\u201eCorona-Virus im HSK: 27 Neuinfizierte, 35 Genesene, 33 station\u00e4r. Am 20. Mai ist ein 58-jahriger Mann aus Sundern verstorben.\u201c <\/span>weiterlesen<\/a><\/p>\n","protected":false},"author":17,"featured_media":0,"comment_status":"open","ping_status":"open","sticky":false,"template":"","format":"standard","meta":{"footnotes":""},"categories":[7088,303,80,1043],"tags":[8580,8610,655],"class_list":["post-48925","post","type-post","status-publish","format-standard","hentry","category-gesundheit","category-in-unserem-briefkasten","category-lokales","category-pressemitteilungen","tag-covid-19","tag-pandemie","tag-pressemitteilung"],"_links":{"self":[{"href":"https:\/\/www.schiebener.net\/wordpress\/wp-json\/wp\/v2\/posts\/48925","targetHints":{"allow":["GET"]}}],"collection":[{"href":"https:\/\/www.schiebener.net\/wordpress\/wp-json\/wp\/v2\/posts"}],"about":[{"href":"https:\/\/www.schiebener.net\/wordpress\/wp-json\/wp\/v2\/types\/post"}],"author":[{"embeddable":true,"href":"https:\/\/www.schiebener.net\/wordpress\/wp-json\/wp\/v2\/users\/17"}],"replies":[{"embeddable":true,"href":"https:\/\/www.schiebener.net\/wordpress\/wp-json\/wp\/v2\/comments?post=48925"}],"version-history":[{"count":0,"href":"https:\/\/www.schiebener.net\/wordpress\/wp-json\/wp\/v2\/posts\/48925\/revisions"}],"wp:attachment":[{"href":"https:\/\/www.schiebener.net\/wordpress\/wp-json\/wp\/v2\/media?parent=48925"}],"wp:term":[{"taxonomy":"category","embeddable":true,"href":"https:\/\/www.schiebener.net\/wordpress\/wp-json\/wp\/v2\/categories?post=48925"},{"taxonomy":"post_tag","embeddable":true,"href":"https:\/\/www.schiebener.net\/wordpress\/wp-json\/wp\/v2\/tags?post=48925"}],"curies":[{"name":"wp","href":"https:\/\/api.w.org\/{rel}","templated":true}]}}