{"id":48911,"date":"2021-05-22T09:29:58","date_gmt":"2021-05-22T08:29:58","guid":{"rendered":"https:\/\/www.schiebener.net\/wordpress\/?p=48911"},"modified":"2021-05-23T18:05:39","modified_gmt":"2021-05-23T17:05:39","slug":"umleitung-deals-mit-neonazis-antisemitismus-ein-juedisches-theater-robert-zimmermann-kultur-und-corona-lockerungen-sowie-eine-anfrage-zur-luca-app-im-hsk","status":"publish","type":"post","link":"https:\/\/www.schiebener.net\/wordpress\/umleitung-deals-mit-neonazis-antisemitismus-ein-juedisches-theater-robert-zimmermann-kultur-und-corona-lockerungen-sowie-eine-anfrage-zur-luca-app-im-hsk\/","title":{"rendered":"Umleitung: Deals mit Neonazis, Antisemitismus, ein j\u00fcdisches Theater, Robert Zimmerman, Kultur und Corona-Lockerungen sowie eine Anfrage zur Luca-App im HSK."},"content":{"rendered":"<figure id=\"attachment_48928\" aria-describedby=\"caption-attachment-48928\" style=\"width: 700px\" class=\"wp-caption aligncenter\"><a href=\"https:\/\/www.schiebener.net\/wordpress\/wp-content\/uploads\/2021\/05\/2021051902KahlerPoen.jpg\" target=\"_blank\" rel=\"noopener\"><img loading=\"lazy\" decoding=\"async\" class=\"wp-image-48928\" src=\"https:\/\/www.schiebener.net\/wordpress\/wp-content\/uploads\/2021\/05\/2021051902KahlerPoen.jpg\" alt=\"\" width=\"700\" height=\"1059\" srcset=\"https:\/\/www.schiebener.net\/wordpress\/wp-content\/uploads\/2021\/05\/2021051902KahlerPoen.jpg 1354w, https:\/\/www.schiebener.net\/wordpress\/wp-content\/uploads\/2021\/05\/2021051902KahlerPoen-198x300.jpg 198w, https:\/\/www.schiebener.net\/wordpress\/wp-content\/uploads\/2021\/05\/2021051902KahlerPoen-677x1024.jpg 677w, https:\/\/www.schiebener.net\/wordpress\/wp-content\/uploads\/2021\/05\/2021051902KahlerPoen-768x1162.jpg 768w, https:\/\/www.schiebener.net\/wordpress\/wp-content\/uploads\/2021\/05\/2021051902KahlerPoen-1016x1536.jpg 1016w\" sizes=\"auto, (max-width: 709px) 85vw, (max-width: 909px) 67vw, (max-width: 984px) 61vw, (max-width: 1362px) 45vw, 600px\" \/><\/a><figcaption id=\"caption-attachment-48928\" class=\"wp-caption-text\">B\u00e4ume und Wolken auf dem Kahlen P\u00f6n bei D\u00fcdinghausen. (foto: zoom)<\/figcaption><\/figure>\n<p><strong>Deals mit Neonazis vor Gericht:<\/strong> Nach dem Neustart des \u201eBallst\u00e4dt-Prozesses\u201c hat das Landgericht Erfurt den Angeklagten Bew\u00e4hrungsstrafen angeboten. In der \u00d6ffentlichkeit sorgen diese Deals f\u00fcr Emp\u00f6rung &#8230; <a href=\"https:\/\/www.bnr.de\/artikel\/aktuelle-meldungen\/deals-mit-neonazis-vor-gericht\" target=\"_blank\" rel=\"noopener\">blicknachrechts<\/a><\/p>\n<p><strong>Judenfeindlichkeit in Deutschland:<\/strong> Der Antisemitismus der Anderen &#8230; <a href=\"https:\/\/krautreporter.de\/3882-der-antisemitismus-der-anderen\" target=\"_blank\" rel=\"noopener\">krautreporter<\/a><\/p>\n<p><strong>\u00bbFamilie ist am wichtigsten\u00ab:<\/strong> Alex Schneider leitet ein j\u00fcdisches Theater und blickt optimistisch in die Zukunft &#8230; <a href=\"https:\/\/www.juedische-allgemeine.de\/unsere-woche\/familie-ist-am-wichtigsten\/\" target=\"_blank\" rel=\"noopener\">j\u00fcdischeallgemeine<\/a><\/p>\n<p><strong>Bevor es alle anderen tun:<\/strong> unser royaler Popbeauftragter Bernhard Torsch gratuliert Bob Dylan &#8230; <a href=\"https:\/\/www.prinzessinnenreporter.de\/happy-birthday-mr-tambourine-man\/\" target=\"_blank\" rel=\"noopener\">prinzessinnenreporter<\/a><\/p>\n<p><strong>Kultur und Corona:<\/strong> Nach und nach kehrt die Kultur zur\u00fcck \u2013 mit neuer Lust und neuen Formen &#8230; <a href=\"https:\/\/www.revierpassagen.de\/113696\/nach-und-nach-kehrt-die-kultur-zurueck-mit-neuer-lust-und-neuen-formen\/20210521_1748\" target=\"_blank\" rel=\"noopener\">revierpassagen<\/a><\/p>\n<p><strong>HSK und Corona:<\/strong> Jeder Einzelne ist aufgefordert abzuw\u00e4gen, ob er die Luca-App nutzen will &#8230; <a href=\"http:\/\/sbl-fraktion.de\/?p=10019\" target=\"_blank\" rel=\"noopener\">sbl<\/a><\/p>\n","protected":false},"excerpt":{"rendered":"<p>Deals mit Neonazis vor Gericht: Nach dem Neustart des \u201eBallst\u00e4dt-Prozesses\u201c hat das Landgericht Erfurt den Angeklagten Bew\u00e4hrungsstrafen angeboten. In der \u00d6ffentlichkeit sorgen diese Deals f\u00fcr Emp\u00f6rung &#8230; blicknachrechts Judenfeindlichkeit in &hellip; <a href=\"https:\/\/www.schiebener.net\/wordpress\/umleitung-deals-mit-neonazis-antisemitismus-ein-juedisches-theater-robert-zimmermann-kultur-und-corona-lockerungen-sowie-eine-anfrage-zur-luca-app-im-hsk\/\" class=\"more-link\"><span class=\"screen-reader-text\">\u201eUmleitung: Deals mit Neonazis, Antisemitismus, ein j\u00fcdisches Theater, Robert Zimmerman, Kultur und Corona-Lockerungen sowie eine Anfrage zur Luca-App im HSK.\u201c <\/span>weiterlesen<\/a><\/p>\n","protected":false},"author":3,"featured_media":0,"comment_status":"open","ping_status":"open","sticky":false,"template":"","format":"standard","meta":{"footnotes":""},"categories":[8668,7088,674,27,379],"tags":[362,2657,8645,8580,667],"class_list":["post-48911","post","type-post","status-publish","format-standard","hentry","category-antisemitismus","category-gesundheit","category-kultur","category-musik","category-umleitung","tag-antisemitismus","tag-bob-dylan","tag-corona-krise","tag-covid-19","tag-koln"],"_links":{"self":[{"href":"https:\/\/www.schiebener.net\/wordpress\/wp-json\/wp\/v2\/posts\/48911","targetHints":{"allow":["GET"]}}],"collection":[{"href":"https:\/\/www.schiebener.net\/wordpress\/wp-json\/wp\/v2\/posts"}],"about":[{"href":"https:\/\/www.schiebener.net\/wordpress\/wp-json\/wp\/v2\/types\/post"}],"author":[{"embeddable":true,"href":"https:\/\/www.schiebener.net\/wordpress\/wp-json\/wp\/v2\/users\/3"}],"replies":[{"embeddable":true,"href":"https:\/\/www.schiebener.net\/wordpress\/wp-json\/wp\/v2\/comments?post=48911"}],"version-history":[{"count":0,"href":"https:\/\/www.schiebener.net\/wordpress\/wp-json\/wp\/v2\/posts\/48911\/revisions"}],"wp:attachment":[{"href":"https:\/\/www.schiebener.net\/wordpress\/wp-json\/wp\/v2\/media?parent=48911"}],"wp:term":[{"taxonomy":"category","embeddable":true,"href":"https:\/\/www.schiebener.net\/wordpress\/wp-json\/wp\/v2\/categories?post=48911"},{"taxonomy":"post_tag","embeddable":true,"href":"https:\/\/www.schiebener.net\/wordpress\/wp-json\/wp\/v2\/tags?post=48911"}],"curies":[{"name":"wp","href":"https:\/\/api.w.org\/{rel}","templated":true}]}}