{"id":48854,"date":"2021-05-11T07:40:17","date_gmt":"2021-05-11T06:40:17","guid":{"rendered":"https:\/\/www.schiebener.net\/wordpress\/?p=48854"},"modified":"2021-05-11T07:40:17","modified_gmt":"2021-05-11T06:40:17","slug":"corona-werkkreis-kultur-meschede-faehrt-weiter-auf-sicht-und-muss-erneut-kulturveranstaltungen-verlegen","status":"publish","type":"post","link":"https:\/\/www.schiebener.net\/wordpress\/corona-werkkreis-kultur-meschede-faehrt-weiter-auf-sicht-und-muss-erneut-kulturveranstaltungen-verlegen\/","title":{"rendered":"Corona: Werkkreis Kultur Meschede f\u00e4hrt weiter auf Sicht und muss erneut Kulturveranstaltungen verlegen."},"content":{"rendered":"<figure id=\"attachment_48855\" aria-describedby=\"caption-attachment-48855\" style=\"width: 700px\" class=\"wp-caption aligncenter\"><img loading=\"lazy\" decoding=\"async\" class=\"size-full wp-image-48855\" src=\"https:\/\/www.schiebener.net\/wordpress\/wp-content\/uploads\/2021\/05\/kl_Wecker_FotoThomasKarsten.jpg\" alt=\"\" width=\"700\" height=\"525\" srcset=\"https:\/\/www.schiebener.net\/wordpress\/wp-content\/uploads\/2021\/05\/kl_Wecker_FotoThomasKarsten.jpg 700w, https:\/\/www.schiebener.net\/wordpress\/wp-content\/uploads\/2021\/05\/kl_Wecker_FotoThomasKarsten-300x225.jpg 300w\" sizes=\"auto, (max-width: 709px) 85vw, (max-width: 909px) 67vw, (max-width: 984px) 61vw, (max-width: 1362px) 45vw, 600px\" \/><figcaption id=\"caption-attachment-48855\" class=\"wp-caption-text\">Soll nun tats\u00e4chlich am Donnerstag, 10.03.22 auftreten: Konstantin Wecker \u201eSolo zu zweit\u201c (Foto: Thomas Karsten)<\/figcaption><\/figure>\n<p><strong>Meschede. Die Pandemie hat so manche Veranstaltung schon eingeholt, sodass die neue, aktuelle Inszenierung des Theater Total aus Bochum auch in diesem Jahr abgesagt werden muss.<\/strong><\/p>\n<p><em>(Pressemitteilung WKM)<\/em><\/p>\n<p>Geplant war die Auff\u00fchrung am 27. Mai in der Stadthalle. Der WERKKREIS KULTUR MESCHEDE hat seit l\u00e4ngeren eine Theaterpartnerschaft mit den Bochumern \u00fcbernommen. Leider konnten schon des \u00d6fteren die aufwendigen Auftritte nicht stattfinden, da die Stadthalle durch die Umbaupause geschlossen war. Nun durch Corona ist es besonders bitter f\u00fcr die jugendlichen Darsteller*innen: So im letzten Jahr eine Teilnehmerin aus Meschede, und in diesem Jahr aus Sundern, die sich gerne vor heimischen Publikum pr\u00e4sentiert h\u00e4tten. Wichtig f\u00fcr das Theater ist die Planungssicherheit, damit es weiter geht. Daher hat sich der WKM spontan bereit erkl\u00e4rt, dass Jugendtheater in 2022 am 07. Mai einzuladen. Unterst\u00fctzung erh\u00e4lt der \u00f6rtliche Veranstalter hierf\u00fcr durch die Sparkasse \u201eMitten im Sauerland\u201c, Lions-Club Meschede, sowie dem st\u00e4dtischen Kulturamt.<\/p>\n<p>Leider bleibt es nicht dabei, auch das f\u00fcr den 13.06.21 geplante Irish-Folkkonzert mit \u201eSACKVILLE STREET\u201c in der Stadthalle muss zum zweiten Mal verschoben werden. Aber das Folk-Trio verliert nicht die Hoffnung, und freut sich auf Meschede im Fr\u00fchjahr 2022.<\/p>\n<p>Ob im Herbst schon Veranstaltungen f\u00fcr alle Besucher m\u00f6glich sein werden, steht noch in den Sternen. Hoffen wir auf eine schnelle Herdenimmunit\u00e4t!<\/p>\n<p>&#8212;&#8212;&#8212;&#8212;&#8212;&#8212;&#8212;&#8212;-<\/p>\n<p><strong>Erste Termine f\u00fcr 2022\/23 stehen bereits fest.<\/strong><\/p>\n<p>Freitag, 04.03.22 <strong>Manu Lanvin &amp; the devil blues<\/strong><br \/>\nDonnerstag, 10.03.22 <strong>Konstantin Wecker \u201eSolo zu zweit\u201c<\/strong><br \/>\nSamstag, 07.05.22 <strong>Theater Total Bochum<\/strong><br \/>\nSamstag, 14.01.23 <strong>Improvisationstheater Springmaus \u201eTotal Kollegial\u201c<\/strong><\/p>\n","protected":false},"excerpt":{"rendered":"<p>Meschede. Die Pandemie hat so manche Veranstaltung schon eingeholt, sodass die neue, aktuelle Inszenierung des Theater Total aus Bochum auch in diesem Jahr abgesagt werden muss. (Pressemitteilung WKM) Geplant war &hellip; <a href=\"https:\/\/www.schiebener.net\/wordpress\/corona-werkkreis-kultur-meschede-faehrt-weiter-auf-sicht-und-muss-erneut-kulturveranstaltungen-verlegen\/\" class=\"more-link\"><span class=\"screen-reader-text\">\u201eCorona: Werkkreis Kultur Meschede f\u00e4hrt weiter auf Sicht und muss erneut Kulturveranstaltungen verlegen.\u201c <\/span>weiterlesen<\/a><\/p>\n","protected":false},"author":17,"featured_media":0,"comment_status":"open","ping_status":"open","sticky":false,"template":"","format":"standard","meta":{"footnotes":""},"categories":[303,674,854,80,27,1043],"tags":[8645,655,7012],"class_list":["post-48854","post","type-post","status-publish","format-standard","hentry","category-in-unserem-briefkasten","category-kultur","category-kunst","category-lokales","category-musik","category-pressemitteilungen","tag-corona-krise","tag-pressemitteilung","tag-werkkreis-kultur-meschede"],"_links":{"self":[{"href":"https:\/\/www.schiebener.net\/wordpress\/wp-json\/wp\/v2\/posts\/48854","targetHints":{"allow":["GET"]}}],"collection":[{"href":"https:\/\/www.schiebener.net\/wordpress\/wp-json\/wp\/v2\/posts"}],"about":[{"href":"https:\/\/www.schiebener.net\/wordpress\/wp-json\/wp\/v2\/types\/post"}],"author":[{"embeddable":true,"href":"https:\/\/www.schiebener.net\/wordpress\/wp-json\/wp\/v2\/users\/17"}],"replies":[{"embeddable":true,"href":"https:\/\/www.schiebener.net\/wordpress\/wp-json\/wp\/v2\/comments?post=48854"}],"version-history":[{"count":0,"href":"https:\/\/www.schiebener.net\/wordpress\/wp-json\/wp\/v2\/posts\/48854\/revisions"}],"wp:attachment":[{"href":"https:\/\/www.schiebener.net\/wordpress\/wp-json\/wp\/v2\/media?parent=48854"}],"wp:term":[{"taxonomy":"category","embeddable":true,"href":"https:\/\/www.schiebener.net\/wordpress\/wp-json\/wp\/v2\/categories?post=48854"},{"taxonomy":"post_tag","embeddable":true,"href":"https:\/\/www.schiebener.net\/wordpress\/wp-json\/wp\/v2\/tags?post=48854"}],"curies":[{"name":"wp","href":"https:\/\/api.w.org\/{rel}","templated":true}]}}