{"id":48741,"date":"2021-04-28T19:35:07","date_gmt":"2021-04-28T18:35:07","guid":{"rendered":"https:\/\/www.schiebener.net\/wordpress\/?p=48741"},"modified":"2026-03-20T18:45:41","modified_gmt":"2026-03-20T17:45:41","slug":"umleitung-von-soeder-ueber-corona-und-klimawandel-zur-he-she-kleiderordnung-sowie-reisefreiheit-trotz-pandemie-und-mehr","status":"publish","type":"post","link":"https:\/\/www.schiebener.net\/wordpress\/umleitung-von-soeder-ueber-corona-und-klimawandel-zur-he-she-kleiderordnung-sowie-reisefreiheit-trotz-pandemie-und-mehr\/","title":{"rendered":"Umleitung: Von S\u00f6der \u00fcber Corona und Klimawandel zur he\/she-Kleiderordnung sowie Reisefreiheit trotz Pandemie und mehr."},"content":{"rendered":"<div class=\"wp-block-image\">\n<figure class=\"aligncenter\"><a href=\"https:\/\/www.schiebener.net\/wordpress\/wp-content\/uploads\/2021\/04\/20210426Makro.jpg\" rel=\"noopener\"><img loading=\"lazy\" decoding=\"async\" width=\"2048\" height=\"1365\" src=\"https:\/\/www.schiebener.net\/wordpress\/wp-content\/uploads\/2021\/04\/20210426Makro.jpg\" alt=\"\" class=\"wp-image-48742\" srcset=\"https:\/\/www.schiebener.net\/wordpress\/wp-content\/uploads\/2021\/04\/20210426Makro.jpg 2048w, https:\/\/www.schiebener.net\/wordpress\/wp-content\/uploads\/2021\/04\/20210426Makro-300x200.jpg 300w, https:\/\/www.schiebener.net\/wordpress\/wp-content\/uploads\/2021\/04\/20210426Makro-1024x683.jpg 1024w, https:\/\/www.schiebener.net\/wordpress\/wp-content\/uploads\/2021\/04\/20210426Makro-768x512.jpg 768w, https:\/\/www.schiebener.net\/wordpress\/wp-content\/uploads\/2021\/04\/20210426Makro-1536x1024.jpg 1536w\" sizes=\"auto, (max-width: 709px) 85vw, (max-width: 909px) 67vw, (max-width: 1362px) 62vw, 840px\" \/><\/a><figcaption class=\"wp-element-caption\">Spaziergang (foto: zoom)<\/figcaption><\/figure>\n<\/div>\n\n\n<p><strong>S\u00f6der:<\/strong> Nur auf Bew\u00e4hrung. Die CDU hat gerade eben noch die Kurve gekriegt. H\u00e4tte die Partei ihrem Vorsitzenden Laschet die Kanzlerkandidatur verweigert, w\u00e4re die Bundestagswahl f\u00fcr die Union wohl schon heute verloren &#8230; <a href=\"https:\/\/post-von-horn.de\/2021\/04\/25\/soeder-nur-auf-bewaehrung\/\" target=\"_blank\" rel=\"noopener\">postvonhorn<\/a><\/p>\n\n\n\n<p><strong>Corona, Klimawandel &amp; Co.:<\/strong> Zeigt her eure Modellrechnungen! &#8230; <a href=\"https:\/\/scilogs.spektrum.de\/relativ-einfach\/corona-klimawandel-modellrechnungen\/\" target=\"_blank\" rel=\"noopener\">scilogs<\/a><\/p>\n\n\n\n<p><strong>Krisenmanager (Satire):<\/strong> Das wissen wir aus absolut sicherer Quelle, ja. Sofort nach der Wahl werden die Gr\u00fcnen die Kirche verstaatlichen, aber die wird dann sowieso islamisiert, weil das in der multikulturellen BRD ab sofort gesetzlich vorgeschrieben ist. Au\u00dferdem werden die Einfamilienh\u00e4user abgerissen, au\u00dfer Sie nehmen pro Quadratmeter einen Fl\u00fcchtling auf &#8230; <a href=\"https:\/\/zynaesthesie.wordpress.com\/2021\/04\/27\/krisenmanager\/\" target=\"_blank\" rel=\"noopener\">zynaesthesie<\/a><\/p>\n\n\n\n<p><strong>Reisefreiheit trotz Pandemie?<\/strong> Digitaler gr\u00fcner Nachweis sorgt f\u00fcr Bedenken &#8230; <a href=\"https:\/\/netzpolitik.org\/2021\/reisefreiheit-trotz-pandemie-digitaler-gruener-nachweis-sorgt-fuer-bedenken\/\" target=\"_blank\" rel=\"noopener\">netzpolitik<\/a><\/p>\n\n\n\n<p><strong>Lungern und hecheln:<\/strong> Manchmal kann einem dieses ganze journalistische Gewerbe, kann einem der ganze (kommerzielle) Medienbetrieb schwerstens auf den Senkel gehen &#8230; <a href=\"https:\/\/charlyandfriends.blogspot.com\/2021\/04\/lungern-und-hecheln.html\" target=\"_blank\" rel=\"noopener\">charly&amp;friends<\/a><\/p>\n\n\n\n<p><strong>Maschinen-Oper und Elektronik:<\/strong> Erinnerung an Max Brand, dessen \u201eMaschinist Hopkins\u201c 1929 in Duisburg uraufgef\u00fchrt wurde &#8230; <a href=\"https:\/\/www.revierpassagen.de\/113415\/maschinen-oper-und-elektronik-erinnerung-an-max-brand-dessen-maschinist-hopkins-1929-in-duisburg-uraufgefuehrt-wurde\/20210425_2330\" target=\"_blank\" rel=\"noopener\">revierpassagen<\/a><\/p>\n","protected":false},"excerpt":{"rendered":"<p>S\u00f6der: Nur auf Bew\u00e4hrung. Die CDU hat gerade eben noch die Kurve gekriegt. H\u00e4tte die Partei ihrem Vorsitzenden Laschet die Kanzlerkandidatur verweigert, w\u00e4re die Bundestagswahl f\u00fcr die Union wohl schon &hellip; <a href=\"https:\/\/www.schiebener.net\/wordpress\/umleitung-von-soeder-ueber-corona-und-klimawandel-zur-he-she-kleiderordnung-sowie-reisefreiheit-trotz-pandemie-und-mehr\/\" class=\"more-link\"><span class=\"screen-reader-text\">\u201eUmleitung: Von S\u00f6der \u00fcber Corona und Klimawandel zur he\/she-Kleiderordnung sowie Reisefreiheit trotz Pandemie und mehr.\u201c <\/span>weiterlesen<\/a><\/p>\n","protected":false},"author":3,"featured_media":0,"comment_status":"open","ping_status":"open","sticky":false,"template":"","format":"standard","meta":{"footnotes":""},"categories":[7088,8406,674,32,27,5,2729,2782,8524],"tags":[409,8645,181,8610],"class_list":["post-48741","post","type-post","status-publish","format-standard","hentry","category-gesundheit","category-klimakrise","category-kultur","category-medien","category-musik","category-naturwissenschaft","category-reisen","category-satire","category-wissenschaft","tag-cdu","tag-corona-krise","tag-journalismus","tag-pandemie"],"_links":{"self":[{"href":"https:\/\/www.schiebener.net\/wordpress\/wp-json\/wp\/v2\/posts\/48741","targetHints":{"allow":["GET"]}}],"collection":[{"href":"https:\/\/www.schiebener.net\/wordpress\/wp-json\/wp\/v2\/posts"}],"about":[{"href":"https:\/\/www.schiebener.net\/wordpress\/wp-json\/wp\/v2\/types\/post"}],"author":[{"embeddable":true,"href":"https:\/\/www.schiebener.net\/wordpress\/wp-json\/wp\/v2\/users\/3"}],"replies":[{"embeddable":true,"href":"https:\/\/www.schiebener.net\/wordpress\/wp-json\/wp\/v2\/comments?post=48741"}],"version-history":[{"count":0,"href":"https:\/\/www.schiebener.net\/wordpress\/wp-json\/wp\/v2\/posts\/48741\/revisions"}],"wp:attachment":[{"href":"https:\/\/www.schiebener.net\/wordpress\/wp-json\/wp\/v2\/media?parent=48741"}],"wp:term":[{"taxonomy":"category","embeddable":true,"href":"https:\/\/www.schiebener.net\/wordpress\/wp-json\/wp\/v2\/categories?post=48741"},{"taxonomy":"post_tag","embeddable":true,"href":"https:\/\/www.schiebener.net\/wordpress\/wp-json\/wp\/v2\/tags?post=48741"}],"curies":[{"name":"wp","href":"https:\/\/api.w.org\/{rel}","templated":true}]}}