{"id":48680,"date":"2021-04-16T08:51:36","date_gmt":"2021-04-16T07:51:36","guid":{"rendered":"https:\/\/www.schiebener.net\/wordpress\/?p=48680"},"modified":"2021-04-16T09:51:57","modified_gmt":"2021-04-16T08:51:57","slug":"corona-pandemie-alle-bekloppt-oder-was","status":"publish","type":"post","link":"https:\/\/www.schiebener.net\/wordpress\/corona-pandemie-alle-bekloppt-oder-was\/","title":{"rendered":"Corona-Pandemie: Alle bekloppt, oder was?"},"content":{"rendered":"<p><strong>Der WDR meldet heute Morgen auf seinem Telegram-Kanal, dass die Corona-Karte f\u00fcr NRW rot sei. 13 Kommunen l\u00e4gen \u00fcber einem Wert von 200.<\/strong><\/p>\n<p>Werden jetzt die Schulen in den Wechsel- oder Distanzunterricht gehen? Der WDR sieht das Chaos heraufziehen.<\/p>\n<p>Zwar habe Schulministerin Yvonne Gebauer (FDP) gestern im Landtag verk\u00fcndet, dass es in St\u00e4dten oder Kreisen mit weniger als 200 Neuinfektionen pro Woche und 100.000 Einwohnern ab Montag Wechselunterricht und dar\u00fcber Distanzunterricht gebe, aber noch w\u00e4hrend der Debatte korrigierte das Gesundheitsministerium (CDU): Die Kommunen K\u00d6NNTEN die Schulen schlie\u00dfen, M\u00dcSSTEN es aber nicht. Schlie\u00dfungen m\u00fcssten im Einzelfall immer mit der Landesregierung besprochen werden.<\/p>\n<p>Derweil wollen im Hochsauerlandkreis neben Schmallenberg und Winterberg auch Medebach und Hallenberg Modellregionen f\u00fcr \u00d6ffnungsstrategien werden.<\/p>\n<p>Wie sinnlos und kontraproduktiv die Diskussion um Modellregionen in der jetzigen dritten Welle der Pandemie ist, zeigen die Versuchskaninchen T\u00fcbingen (gescheitert) und das Saarland (scheiternd). Das Gesundheitssystem am Limit.<\/p>\n<p>Ministerpr\u00e4sident Laschet ruft derweil, dass die Lage ernst sei und gehandelt werden m\u00fcsse, tut aber wie so oft nichts. Stattdessen werden die Torpfosten in der Debatte verschoben: Inzidenz 10, 35, 50, 100 oder doch lieber 200? Ach was, dar\u00fcber geht auch. 300, 400? Ja, sind die Inzidenzen \u00fcberhaupt wichtig?<\/p>\n<p>Gelaber bis zur Maximal-Verwirrung.<\/p>\n<p>Vielleicht versuchen es die Politiker*innen in der Zwischenzeit mit einem echten Lockdown (Schulen in Distanz, Home-Office soweit m\u00f6glich, Kontaktbeschr\u00e4nkungen &#8230;) bis die Inzidenz unter 10 (!) gedr\u00fcckt ist. Die Wissenschaft hat l\u00e4ngst Konzepte entwickelt.<\/p>\n","protected":false},"excerpt":{"rendered":"<p>Der WDR meldet heute Morgen auf seinem Telegram-Kanal, dass die Corona-Karte f\u00fcr NRW rot sei. 13 Kommunen l\u00e4gen \u00fcber einem Wert von 200. Werden jetzt die Schulen in den Wechsel- &hellip; <a href=\"https:\/\/www.schiebener.net\/wordpress\/corona-pandemie-alle-bekloppt-oder-was\/\" class=\"more-link\"><span class=\"screen-reader-text\">\u201eCorona-Pandemie: Alle bekloppt, oder was?\u201c <\/span>weiterlesen<\/a><\/p>\n","protected":false},"author":3,"featured_media":0,"comment_status":"open","ping_status":"open","sticky":false,"template":"","format":"standard","meta":{"footnotes":""},"categories":[7088,4761],"tags":[8580,7808],"class_list":["post-48680","post","type-post","status-publish","format-standard","hentry","category-gesundheit","category-soziales","tag-covid-19","tag-kommentar"],"_links":{"self":[{"href":"https:\/\/www.schiebener.net\/wordpress\/wp-json\/wp\/v2\/posts\/48680","targetHints":{"allow":["GET"]}}],"collection":[{"href":"https:\/\/www.schiebener.net\/wordpress\/wp-json\/wp\/v2\/posts"}],"about":[{"href":"https:\/\/www.schiebener.net\/wordpress\/wp-json\/wp\/v2\/types\/post"}],"author":[{"embeddable":true,"href":"https:\/\/www.schiebener.net\/wordpress\/wp-json\/wp\/v2\/users\/3"}],"replies":[{"embeddable":true,"href":"https:\/\/www.schiebener.net\/wordpress\/wp-json\/wp\/v2\/comments?post=48680"}],"version-history":[{"count":0,"href":"https:\/\/www.schiebener.net\/wordpress\/wp-json\/wp\/v2\/posts\/48680\/revisions"}],"wp:attachment":[{"href":"https:\/\/www.schiebener.net\/wordpress\/wp-json\/wp\/v2\/media?parent=48680"}],"wp:term":[{"taxonomy":"category","embeddable":true,"href":"https:\/\/www.schiebener.net\/wordpress\/wp-json\/wp\/v2\/categories?post=48680"},{"taxonomy":"post_tag","embeddable":true,"href":"https:\/\/www.schiebener.net\/wordpress\/wp-json\/wp\/v2\/tags?post=48680"}],"curies":[{"name":"wp","href":"https:\/\/api.w.org\/{rel}","templated":true}]}}