{"id":48571,"date":"2021-04-01T20:25:06","date_gmt":"2021-04-01T19:25:06","guid":{"rendered":"https:\/\/www.schiebener.net\/wordpress\/?p=48571"},"modified":"2021-04-01T20:25:06","modified_gmt":"2021-04-01T19:25:06","slug":"buergerinnen-und-buerger-ueber-60-jahre-impfterminvergabe-fuer-astrazeneca-startet-am-samstag","status":"publish","type":"post","link":"https:\/\/www.schiebener.net\/wordpress\/buergerinnen-und-buerger-ueber-60-jahre-impfterminvergabe-fuer-astrazeneca-startet-am-samstag\/","title":{"rendered":"B\u00fcrgerinnen und B\u00fcrger \u00fcber 60 Jahre: Impfterminvergabe f\u00fcr AstraZeneca startet am Samstag"},"content":{"rendered":"<p><img loading=\"lazy\" decoding=\"async\" src=\"https:\/\/www.schiebener.net\/wordpress\/wp-content\/uploads\/2009\/02\/lt_briefkasten01.jpg\" alt=\"In unserem Briefkasten\" width=\"120\" height=\"91\" class=\"alignleft size-full wp-image-2182\" \/><strong>Hochsauerlandkreis. Nach dem neuen NRW-Impferlass haben ab Samstag, 3. April, B\u00fcrgerinnen und B\u00fcrger ab 60 Jahren die M\u00f6glichkeit, einen Termin f\u00fcr eine AstraZeneca-Impfung zu vereinbaren. <\/strong><\/p>\n<p><em>(Pressemitteilung HSK)<\/em><\/p>\n<p>Zust\u00e4ndig f\u00fcr die Terminvergabe ist die Kassen\u00e4rztliche Vereinigung Westfalen-Lippe (KVWL) unter <a href=\"http:\/\/www.116117.de\" rel=\"noopener\" target=\"_blank\">www.116117.de<\/a> oder telefonisch unter 0800&nbsp;116117-02.<\/p>\n<p>Der Hochsauerlandkreis informiert, dass die Vereinbarung eines Impftermins \u00fcber die Terminbuchungssysteme nur ab dem 3. April bis einschlie\u00dflich zum 5. April 2021 m\u00f6glich ist. <\/p>\n<p>Anschlie\u00dfend folgt die Freischaltung der Terminvergabe \u00fcber die KVWL am 6. April f\u00fcr die angeschriebenen 79-j\u00e4hrigen B\u00fcrgerinnen und B\u00fcrger.<\/p>\n","protected":false},"excerpt":{"rendered":"<p>Hochsauerlandkreis. Nach dem neuen NRW-Impferlass haben ab Samstag, 3. April, B\u00fcrgerinnen und B\u00fcrger ab 60 Jahren die M\u00f6glichkeit, einen Termin f\u00fcr eine AstraZeneca-Impfung zu vereinbaren. (Pressemitteilung HSK) Zust\u00e4ndig f\u00fcr die &hellip; <a href=\"https:\/\/www.schiebener.net\/wordpress\/buergerinnen-und-buerger-ueber-60-jahre-impfterminvergabe-fuer-astrazeneca-startet-am-samstag\/\" class=\"more-link\"><span class=\"screen-reader-text\">\u201eB\u00fcrgerinnen und B\u00fcrger \u00fcber 60 Jahre: Impfterminvergabe f\u00fcr AstraZeneca startet am Samstag\u201c <\/span>weiterlesen<\/a><\/p>\n","protected":false},"author":17,"featured_media":0,"comment_status":"open","ping_status":"open","sticky":false,"template":"","format":"standard","meta":{"footnotes":""},"categories":[7088,303,80,1043],"tags":[8580,5495],"class_list":["post-48571","post","type-post","status-publish","format-standard","hentry","category-gesundheit","category-in-unserem-briefkasten","category-lokales","category-pressemitteilungen","tag-covid-19","tag-impfung"],"_links":{"self":[{"href":"https:\/\/www.schiebener.net\/wordpress\/wp-json\/wp\/v2\/posts\/48571","targetHints":{"allow":["GET"]}}],"collection":[{"href":"https:\/\/www.schiebener.net\/wordpress\/wp-json\/wp\/v2\/posts"}],"about":[{"href":"https:\/\/www.schiebener.net\/wordpress\/wp-json\/wp\/v2\/types\/post"}],"author":[{"embeddable":true,"href":"https:\/\/www.schiebener.net\/wordpress\/wp-json\/wp\/v2\/users\/17"}],"replies":[{"embeddable":true,"href":"https:\/\/www.schiebener.net\/wordpress\/wp-json\/wp\/v2\/comments?post=48571"}],"version-history":[{"count":0,"href":"https:\/\/www.schiebener.net\/wordpress\/wp-json\/wp\/v2\/posts\/48571\/revisions"}],"wp:attachment":[{"href":"https:\/\/www.schiebener.net\/wordpress\/wp-json\/wp\/v2\/media?parent=48571"}],"wp:term":[{"taxonomy":"category","embeddable":true,"href":"https:\/\/www.schiebener.net\/wordpress\/wp-json\/wp\/v2\/categories?post=48571"},{"taxonomy":"post_tag","embeddable":true,"href":"https:\/\/www.schiebener.net\/wordpress\/wp-json\/wp\/v2\/tags?post=48571"}],"curies":[{"name":"wp","href":"https:\/\/api.w.org\/{rel}","templated":true}]}}