{"id":48458,"date":"2021-03-18T16:26:31","date_gmt":"2021-03-18T15:26:31","guid":{"rendered":"https:\/\/www.schiebener.net\/wordpress\/?p=48458"},"modified":"2021-03-18T16:28:13","modified_gmt":"2021-03-18T15:28:13","slug":"hochsauerlandkreis-impfungen-mit-astrazeneca-fuer-freitag-abgesagt","status":"publish","type":"post","link":"https:\/\/www.schiebener.net\/wordpress\/hochsauerlandkreis-impfungen-mit-astrazeneca-fuer-freitag-abgesagt\/","title":{"rendered":"Hochsauerlandkreis: Impfungen mit AstraZeneca f\u00fcr Freitag abgesagt."},"content":{"rendered":"<figure id=\"attachment_47426\" aria-describedby=\"caption-attachment-47426\" style=\"width: 122px\" class=\"wp-caption alignleft\"><img loading=\"lazy\" decoding=\"async\" class=\" wp-image-47426\" src=\"https:\/\/www.schiebener.net\/wordpress\/wp-content\/uploads\/2020\/10\/1024px-SARS-CoV-2_without_background.png\" alt=\"\" width=\"122\" height=\"122\" srcset=\"https:\/\/www.schiebener.net\/wordpress\/wp-content\/uploads\/2020\/10\/1024px-SARS-CoV-2_without_background.png 1024w, https:\/\/www.schiebener.net\/wordpress\/wp-content\/uploads\/2020\/10\/1024px-SARS-CoV-2_without_background-300x300.png 300w, https:\/\/www.schiebener.net\/wordpress\/wp-content\/uploads\/2020\/10\/1024px-SARS-CoV-2_without_background-150x150.png 150w, https:\/\/www.schiebener.net\/wordpress\/wp-content\/uploads\/2020\/10\/1024px-SARS-CoV-2_without_background-768x769.png 768w, https:\/\/www.schiebener.net\/wordpress\/wp-content\/uploads\/2020\/10\/1024px-SARS-CoV-2_without_background-200x200.png 200w\" sizes=\"auto, (max-width: 122px) 85vw, 122px\" \/><figcaption id=\"caption-attachment-47426\" class=\"wp-caption-text\">Bildquelle: s. u.<\/figcaption><\/figure>\n<p><strong>Das Impfzentrum Hochsauerlandkreis sagt auch die 260 Impftermine mit AstraZeneca f\u00fcr Freitag, 19. M\u00e4rz, ab.<\/strong><\/p>\n<p><em>(Pressemitteilung HSK)<\/em><\/p>\n<p>Es liegen noch keine R\u00fcckmeldungen der Europ\u00e4ischen Arzneimittelagentur (EMA) und des Gesundheitsministeriums NRW vor (Stand: 15.30 Uhr), so dass nun von Tag zu Tag entschieden wird, ob Termine abgesagt werden.<\/p>\n<p>Alle Betroffenen erhalten eine Mail und werden deshalb gebeten, ihr Mailkonto zu kontrollieren und eventuell auch in den Spamordner zu schauen.<\/p>\n<p>&#8212;&#8212;&#8211;<\/p>\n<p><em>Bildquelle: CDC <a href=\"https:\/\/phil.cdc.gov\/Details.aspx?pid=23312\" target=\"_blank\" rel=\"noopener\">https:\/\/phil.cdc.gov\/Details.aspx?pid=23312<\/a> (Bild: Alissa Eckert, MSMI, Dan Higgins, MAMS)<\/em><\/p>\n","protected":false},"excerpt":{"rendered":"<p>Das Impfzentrum Hochsauerlandkreis sagt auch die 260 Impftermine mit AstraZeneca f\u00fcr Freitag, 19. M\u00e4rz, ab. (Pressemitteilung HSK) Es liegen noch keine R\u00fcckmeldungen der Europ\u00e4ischen Arzneimittelagentur (EMA) und des Gesundheitsministeriums NRW &hellip; <a href=\"https:\/\/www.schiebener.net\/wordpress\/hochsauerlandkreis-impfungen-mit-astrazeneca-fuer-freitag-abgesagt\/\" class=\"more-link\"><span class=\"screen-reader-text\">\u201eHochsauerlandkreis: Impfungen mit AstraZeneca f\u00fcr Freitag abgesagt.\u201c <\/span>weiterlesen<\/a><\/p>\n","protected":false},"author":17,"featured_media":0,"comment_status":"open","ping_status":"open","sticky":false,"template":"","format":"standard","meta":{"footnotes":""},"categories":[7088,303,80,1043],"tags":[5495,8782,655],"class_list":["post-48458","post","type-post","status-publish","format-standard","hentry","category-gesundheit","category-in-unserem-briefkasten","category-lokales","category-pressemitteilungen","tag-impfung","tag-impfzentren","tag-pressemitteilung"],"_links":{"self":[{"href":"https:\/\/www.schiebener.net\/wordpress\/wp-json\/wp\/v2\/posts\/48458","targetHints":{"allow":["GET"]}}],"collection":[{"href":"https:\/\/www.schiebener.net\/wordpress\/wp-json\/wp\/v2\/posts"}],"about":[{"href":"https:\/\/www.schiebener.net\/wordpress\/wp-json\/wp\/v2\/types\/post"}],"author":[{"embeddable":true,"href":"https:\/\/www.schiebener.net\/wordpress\/wp-json\/wp\/v2\/users\/17"}],"replies":[{"embeddable":true,"href":"https:\/\/www.schiebener.net\/wordpress\/wp-json\/wp\/v2\/comments?post=48458"}],"version-history":[{"count":0,"href":"https:\/\/www.schiebener.net\/wordpress\/wp-json\/wp\/v2\/posts\/48458\/revisions"}],"wp:attachment":[{"href":"https:\/\/www.schiebener.net\/wordpress\/wp-json\/wp\/v2\/media?parent=48458"}],"wp:term":[{"taxonomy":"category","embeddable":true,"href":"https:\/\/www.schiebener.net\/wordpress\/wp-json\/wp\/v2\/categories?post=48458"},{"taxonomy":"post_tag","embeddable":true,"href":"https:\/\/www.schiebener.net\/wordpress\/wp-json\/wp\/v2\/tags?post=48458"}],"curies":[{"name":"wp","href":"https:\/\/api.w.org\/{rel}","templated":true}]}}