{"id":48334,"date":"2021-03-01T20:17:33","date_gmt":"2021-03-01T19:17:33","guid":{"rendered":"https:\/\/www.schiebener.net\/wordpress\/?p=48334"},"modified":"2021-03-01T20:17:33","modified_gmt":"2021-03-01T19:17:33","slug":"1-maerz-2021-beginn-des-meteorologischen-fruehlings","status":"publish","type":"post","link":"https:\/\/www.schiebener.net\/wordpress\/1-maerz-2021-beginn-des-meteorologischen-fruehlings\/","title":{"rendered":"1. M\u00e4rz 2021: Beginn des meteorologischen Fr\u00fchlings"},"content":{"rendered":"<p><figure id=\"attachment_48335\" aria-describedby=\"caption-attachment-48335\" style=\"width: 700px\" class=\"wp-caption aligncenter\"><a href=\"https:\/\/www.schiebener.net\/wordpress\/wp-content\/uploads\/2021\/03\/20210301Kaetzchen.jpg\" target=\"_blank\" rel=\"noopener\"><img loading=\"lazy\" decoding=\"async\" class=\"wp-image-48335\" src=\"https:\/\/www.schiebener.net\/wordpress\/wp-content\/uploads\/2021\/03\/20210301Kaetzchen.jpg\" alt=\"\" width=\"700\" height=\"467\" srcset=\"https:\/\/www.schiebener.net\/wordpress\/wp-content\/uploads\/2021\/03\/20210301Kaetzchen.jpg 2048w, https:\/\/www.schiebener.net\/wordpress\/wp-content\/uploads\/2021\/03\/20210301Kaetzchen-300x200.jpg 300w, https:\/\/www.schiebener.net\/wordpress\/wp-content\/uploads\/2021\/03\/20210301Kaetzchen-1024x683.jpg 1024w, https:\/\/www.schiebener.net\/wordpress\/wp-content\/uploads\/2021\/03\/20210301Kaetzchen-768x512.jpg 768w, https:\/\/www.schiebener.net\/wordpress\/wp-content\/uploads\/2021\/03\/20210301Kaetzchen-1536x1024.jpg 1536w\" sizes=\"auto, (max-width: 709px) 85vw, (max-width: 909px) 67vw, (max-width: 984px) 61vw, (max-width: 1362px) 45vw, 600px\" \/><\/a><figcaption id=\"caption-attachment-48335\" class=\"wp-caption-text\">M\u00e4nnliche Weidenk\u00e4tzchen am Wegrand<\/figcaption><\/figure><strong>Zum heutigen Beginn des meteorologischen Fr\u00fchlings wollte ich unbedingt eine weitere Bl\u00fctenpflanze &#8211; au\u00dfer <a href=\"https:\/\/www.schiebener.net\/wordpress\/moin-schnneegloeckchen\/\" rel=\"noopener\" target=\"_blank\">Schneegl\u00f6ckchen<\/a> und <a href=\"https:\/\/www.schiebener.net\/wordpress\/der-krokus-blueht\/\" rel=\"noopener\" target=\"_blank\">Krokus<\/a> &#8211; fotografieren.<\/strong> <\/p>\n<p>Am Wegrand im Wald und entlang der Wiesen konnte ich auch mit angestrengt-gesenktem Blick keine auff\u00e4lligen Bl\u00fcte entdecken, bis ich zuf\u00e4llig nach oben schaute.<\/p>\n<p>Dort zeichneten sich die dicken, eif\u00f6rmigen Weidenk\u00e4tzchen, die die m\u00e4nnlichen Staubbeutel enthalten, gegen den blauen Himmel ab. Bl\u00fcten gefunden, fotografiert und zufrieden nach Hause geschlendert.<\/p>\n<p>Der Fr\u00fchling darf jetzt meinetwegen beginnen.<\/p>\n","protected":false},"excerpt":{"rendered":"<p>Zum heutigen Beginn des meteorologischen Fr\u00fchlings wollte ich unbedingt eine weitere Bl\u00fctenpflanze &#8211; au\u00dfer Schneegl\u00f6ckchen und Krokus &#8211; fotografieren. Am Wegrand im Wald und entlang der Wiesen konnte ich auch &hellip; <a href=\"https:\/\/www.schiebener.net\/wordpress\/1-maerz-2021-beginn-des-meteorologischen-fruehlings\/\" class=\"more-link\"><span class=\"screen-reader-text\">\u201e1. M\u00e4rz 2021: Beginn des meteorologischen Fr\u00fchlings\u201c <\/span>weiterlesen<\/a><\/p>\n","protected":false},"author":3,"featured_media":0,"comment_status":"open","ping_status":"open","sticky":false,"template":"","format":"standard","meta":{"footnotes":""},"categories":[174,549],"tags":[7358,8811],"class_list":["post-48334","post","type-post","status-publish","format-standard","hentry","category-dit-und-dat","category-umwelt","tag-fruehlingsbeginn","tag-weide"],"_links":{"self":[{"href":"https:\/\/www.schiebener.net\/wordpress\/wp-json\/wp\/v2\/posts\/48334","targetHints":{"allow":["GET"]}}],"collection":[{"href":"https:\/\/www.schiebener.net\/wordpress\/wp-json\/wp\/v2\/posts"}],"about":[{"href":"https:\/\/www.schiebener.net\/wordpress\/wp-json\/wp\/v2\/types\/post"}],"author":[{"embeddable":true,"href":"https:\/\/www.schiebener.net\/wordpress\/wp-json\/wp\/v2\/users\/3"}],"replies":[{"embeddable":true,"href":"https:\/\/www.schiebener.net\/wordpress\/wp-json\/wp\/v2\/comments?post=48334"}],"version-history":[{"count":0,"href":"https:\/\/www.schiebener.net\/wordpress\/wp-json\/wp\/v2\/posts\/48334\/revisions"}],"wp:attachment":[{"href":"https:\/\/www.schiebener.net\/wordpress\/wp-json\/wp\/v2\/media?parent=48334"}],"wp:term":[{"taxonomy":"category","embeddable":true,"href":"https:\/\/www.schiebener.net\/wordpress\/wp-json\/wp\/v2\/categories?post=48334"},{"taxonomy":"post_tag","embeddable":true,"href":"https:\/\/www.schiebener.net\/wordpress\/wp-json\/wp\/v2\/tags?post=48334"}],"curies":[{"name":"wp","href":"https:\/\/api.w.org\/{rel}","templated":true}]}}