{"id":48310,"date":"2021-02-27T13:52:25","date_gmt":"2021-02-27T12:52:25","guid":{"rendered":"https:\/\/www.schiebener.net\/wordpress\/?p=48310"},"modified":"2021-02-27T13:55:48","modified_gmt":"2021-02-27T12:55:48","slug":"kuenftig-dezentrale-impfangebote-statt-impfzentrum-im-hsk","status":"publish","type":"post","link":"https:\/\/www.schiebener.net\/wordpress\/kuenftig-dezentrale-impfangebote-statt-impfzentrum-im-hsk\/","title":{"rendered":"K\u00fcnftig dezentrale Impfangebote statt Impfzentrum im HSK?"},"content":{"rendered":"<figure id=\"attachment_47426\" aria-describedby=\"caption-attachment-47426\" style=\"width: 150px\" class=\"wp-caption alignleft\"><img loading=\"lazy\" decoding=\"async\" class=\"size-thumbnail wp-image-47426\" src=\"https:\/\/www.schiebener.net\/wordpress\/wp-content\/uploads\/2020\/10\/1024px-SARS-CoV-2_without_background-150x150.png\" alt=\"\" width=\"150\" height=\"150\" srcset=\"https:\/\/www.schiebener.net\/wordpress\/wp-content\/uploads\/2020\/10\/1024px-SARS-CoV-2_without_background-150x150.png 150w, https:\/\/www.schiebener.net\/wordpress\/wp-content\/uploads\/2020\/10\/1024px-SARS-CoV-2_without_background-300x300.png 300w, https:\/\/www.schiebener.net\/wordpress\/wp-content\/uploads\/2020\/10\/1024px-SARS-CoV-2_without_background-768x769.png 768w, https:\/\/www.schiebener.net\/wordpress\/wp-content\/uploads\/2020\/10\/1024px-SARS-CoV-2_without_background-200x200.png 200w, https:\/\/www.schiebener.net\/wordpress\/wp-content\/uploads\/2020\/10\/1024px-SARS-CoV-2_without_background.png 1024w\" sizes=\"auto, (max-width: 150px) 85vw, 150px\" \/><figcaption id=\"caption-attachment-47426\" class=\"wp-caption-text\">Bildquelle: siehe unten<\/figcaption><\/figure>\n<p><strong>\u201cDer Landrat wird beauftragt, sich auf Landesebene und auf Kreisebene daf\u00fcr einzusetzen, dass das Impfzentrum durch dezentrale Impfangebote gegen Sars-CoV-2 ersetzt wird.\u201d Dies hat der Kreisausschuss des HSK gestern auf Antrag der SBL-Fraktion einstimmig beschlossen.<\/strong><\/p>\n<p><em>(Der Beitrag ist \u00e4hnlich zuerst <a href=\"http:\/\/sbl-fraktion.de\/?p=9917\" target=\"_blank\" rel=\"noopener\">auf der Website der Sauerl\u00e4nder B\u00fcrgerliste<\/a> erschienen.)<\/em><\/p>\n<p>Zur Begr\u00fcndung hat die SBL darauf hinhgewiesen, dass sich das Impfzentrum leider sowohl als ineffektiv als auch f\u00fcr viele Impfkandidaten als sehr aufw\u00e4ndig erwiesen h\u00e4tten. Seit dem Start wird dort etwa nur eine halbe Impfung je Mitarbeiterstunde durchgef\u00fchrt. Dies f\u00fchrt allein zu Personalkosten von mehr als 100 Euro je Impfung, plus Raumkosten und Sachkosten. Seit der heutigen Sitzung ist bekannt, dass die Raum- und Sachkosten bis Juli etwa 2,3 Mio Euro beetragen werden, also noch einmal weitere etwa 40 Euro je Impfung.<\/p>\n<p>Mobile Impfteams in Alten- und Pflegeheimen schaffen das acht- bis neunfache an Impfungen, trotz vieler mobilit\u00e4tseingeschr\u00e4nkter Patient*innen.<\/p>\n<p>Die Buchung von Impfterminen im Impfzentrum ist umst\u00e4ndlich und unzuverl\u00e4ssig; Termin\u00e4nderungen sind fast unm\u00f6glich. Die Anreise insbesondere aus weit von Olsberg entfernten D\u00f6rfern ist mit sehr hohem Aufwand verbunden. Selbst wenn ein Fahrdienst mit Pkw zur Verf\u00fcgung steht, ergeben sich dadurch f\u00fcr ein \u00e4lteres Ehepaar 2 x 2 = 4 Tagesreisen.<\/p>\n<p>Das Impfzentrum sollte daher durch Impfungen in Hausarztpraxen (Verg\u00fctung dort z.B. pro Impfung gegen Grippe: 7,95 Euro) und andere dezentrale Impfangebote in bestehenden Einrichtungen ersetzt werden. Das Handling aller drei bisher zugelassenen Impfstoffe l\u00e4sst dies zu.<\/p>\n<p>Im Landkreis Nordwestmecklenburg l\u00e4uft seit 6 Wochen bereits ein Pilotprojekt f\u00fcr die Durchf\u00fchrung der Impfungen in Hausarztpraxen. Auch im Landkreis Osnabr\u00fcck bestehen solche Angebote schon; weitere Kreise in Niedersachsen werden in der n\u00e4chsten Woche folgen.<\/p>\n<p>&#8212;&#8212;&#8212;&#8212;&#8212;&#8211;<\/p>\n<p><em>Quelle: CDC <a href=\"https:\/\/phil.cdc.gov\/Details.aspx?pid=23312\" target=\"_blank\" rel=\"noopener\">https:\/\/phil.cdc.gov\/Details.aspx?pid=23312<\/a> (Bild: Alissa Eckert, MSMI, Dan Higgins, MAMS)<\/em><\/p>\n","protected":false},"excerpt":{"rendered":"<p>\u201cDer Landrat wird beauftragt, sich auf Landesebene und auf Kreisebene daf\u00fcr einzusetzen, dass das Impfzentrum durch dezentrale Impfangebote gegen Sars-CoV-2 ersetzt wird.\u201d Dies hat der Kreisausschuss des HSK gestern auf &hellip; <a href=\"https:\/\/www.schiebener.net\/wordpress\/kuenftig-dezentrale-impfangebote-statt-impfzentrum-im-hsk\/\" class=\"more-link\"><span class=\"screen-reader-text\">\u201eK\u00fcnftig dezentrale Impfangebote statt Impfzentrum im HSK?\u201c <\/span>weiterlesen<\/a><\/p>\n","protected":false},"author":17,"featured_media":0,"comment_status":"open","ping_status":"open","sticky":false,"template":"","format":"standard","meta":{"footnotes":""},"categories":[3182,7088,80],"tags":[8580,835,8782,8579,6854],"class_list":["post-48310","post","type-post","status-publish","format-standard","hentry","category-finanzen","category-gesundheit","category-lokales","tag-covid-19","tag-hochsauerlandkreis","tag-impfzentren","tag-sars-cov-2","tag-sauerlaender-buergerliste-sblfw"],"_links":{"self":[{"href":"https:\/\/www.schiebener.net\/wordpress\/wp-json\/wp\/v2\/posts\/48310","targetHints":{"allow":["GET"]}}],"collection":[{"href":"https:\/\/www.schiebener.net\/wordpress\/wp-json\/wp\/v2\/posts"}],"about":[{"href":"https:\/\/www.schiebener.net\/wordpress\/wp-json\/wp\/v2\/types\/post"}],"author":[{"embeddable":true,"href":"https:\/\/www.schiebener.net\/wordpress\/wp-json\/wp\/v2\/users\/17"}],"replies":[{"embeddable":true,"href":"https:\/\/www.schiebener.net\/wordpress\/wp-json\/wp\/v2\/comments?post=48310"}],"version-history":[{"count":0,"href":"https:\/\/www.schiebener.net\/wordpress\/wp-json\/wp\/v2\/posts\/48310\/revisions"}],"wp:attachment":[{"href":"https:\/\/www.schiebener.net\/wordpress\/wp-json\/wp\/v2\/media?parent=48310"}],"wp:term":[{"taxonomy":"category","embeddable":true,"href":"https:\/\/www.schiebener.net\/wordpress\/wp-json\/wp\/v2\/categories?post=48310"},{"taxonomy":"post_tag","embeddable":true,"href":"https:\/\/www.schiebener.net\/wordpress\/wp-json\/wp\/v2\/tags?post=48310"}],"curies":[{"name":"wp","href":"https:\/\/api.w.org\/{rel}","templated":true}]}}