{"id":48303,"date":"2021-02-26T10:55:41","date_gmt":"2021-02-26T09:55:41","guid":{"rendered":"https:\/\/www.schiebener.net\/wordpress\/?p=48303"},"modified":"2021-02-26T11:10:36","modified_gmt":"2021-02-26T10:10:36","slug":"der-zimtbaer","status":"publish","type":"post","link":"https:\/\/www.schiebener.net\/wordpress\/der-zimtbaer\/","title":{"rendered":"Der Zimtb\u00e4r"},"content":{"rendered":"<figure id=\"attachment_48304\" aria-describedby=\"caption-attachment-48304\" style=\"width: 700px\" class=\"wp-caption aligncenter\"><a href=\"https:\/\/www.schiebener.net\/wordpress\/wp-content\/uploads\/2021\/02\/20210224ZimtbaerRaupe.jpg\" target=\"_blank\" rel=\"noopener\"><img loading=\"lazy\" decoding=\"async\" class=\"wp-image-48304\" src=\"https:\/\/www.schiebener.net\/wordpress\/wp-content\/uploads\/2021\/02\/20210224ZimtbaerRaupe.jpg\" alt=\"\" width=\"700\" height=\"934\" srcset=\"https:\/\/www.schiebener.net\/wordpress\/wp-content\/uploads\/2021\/02\/20210224ZimtbaerRaupe.jpg 1535w, https:\/\/www.schiebener.net\/wordpress\/wp-content\/uploads\/2021\/02\/20210224ZimtbaerRaupe-225x300.jpg 225w, https:\/\/www.schiebener.net\/wordpress\/wp-content\/uploads\/2021\/02\/20210224ZimtbaerRaupe-768x1025.jpg 768w, https:\/\/www.schiebener.net\/wordpress\/wp-content\/uploads\/2021\/02\/20210224ZimtbaerRaupe-1151x1536.jpg 1151w\" sizes=\"auto, (max-width: 709px) 85vw, (max-width: 909px) 67vw, (max-width: 984px) 61vw, (max-width: 1362px) 45vw, 600px\" \/><\/a><figcaption id=\"caption-attachment-48304\" class=\"wp-caption-text\">Die Raupe des (wahrscheinlich) Zimtb\u00e4ren<\/figcaption><\/figure>\n<p><strong>Wenn mich nicht alles t\u00e4uscht, ist uns vor zwei Tage die Raupe des Zimtb\u00e4ren (Phragmatobia fuliginosa) vor die Linse des Smartphones gekrochen.<\/strong><\/p>\n<p>Der Falter selbst, der von Mai bis August zu finden ist, hat zimtbraune Vorderfl\u00fcgel, daher der Name. V\u00f6gel spucken ihn wegen seines schlechten Geschmacks wieder aus.<\/p>\n<p>Es gibt zwei Generationen des Zimtb\u00e4ren. Die Raupen der zweiten Generation \u00fcberwintern und verpuppen sich im Vorfr\u00fchling in einem graubraunen Gespinst zwischen Bl\u00e4ttern und Pflanzenteilen in Bodenn\u00e4he, auch unter Steinen und in Spalten auf dem Boden.<\/p>\n<p>Gibt es wie <a href=\"https:\/\/www.schiebener.net\/wordpress\/amphibien-sind-in-den-startloechern-die-untere-naturschutzbehoerde-des-hochsauerlandkreises-appelliert-an-die-autofahrer\/#comments\" target=\"_blank\" rel=\"noopener\">bei der Kr\u00f6tenwanderung<\/a> irgendwelche musikalischen Assioziationen?<\/p>\n","protected":false},"excerpt":{"rendered":"<p>Wenn mich nicht alles t\u00e4uscht, ist uns vor zwei Tage die Raupe des Zimtb\u00e4ren (Phragmatobia fuliginosa) vor die Linse des Smartphones gekrochen. Der Falter selbst, der von Mai bis August &hellip; <a href=\"https:\/\/www.schiebener.net\/wordpress\/der-zimtbaer\/\" class=\"more-link\"><span class=\"screen-reader-text\">\u201eDer Zimtb\u00e4r\u201c <\/span>weiterlesen<\/a><\/p>\n","protected":false},"author":3,"featured_media":0,"comment_status":"open","ping_status":"open","sticky":false,"template":"","format":"standard","meta":{"footnotes":""},"categories":[174,549],"tags":[6480],"class_list":["post-48303","post","type-post","status-publish","format-standard","hentry","category-dit-und-dat","category-umwelt","tag-dorfspaziergang"],"_links":{"self":[{"href":"https:\/\/www.schiebener.net\/wordpress\/wp-json\/wp\/v2\/posts\/48303","targetHints":{"allow":["GET"]}}],"collection":[{"href":"https:\/\/www.schiebener.net\/wordpress\/wp-json\/wp\/v2\/posts"}],"about":[{"href":"https:\/\/www.schiebener.net\/wordpress\/wp-json\/wp\/v2\/types\/post"}],"author":[{"embeddable":true,"href":"https:\/\/www.schiebener.net\/wordpress\/wp-json\/wp\/v2\/users\/3"}],"replies":[{"embeddable":true,"href":"https:\/\/www.schiebener.net\/wordpress\/wp-json\/wp\/v2\/comments?post=48303"}],"version-history":[{"count":0,"href":"https:\/\/www.schiebener.net\/wordpress\/wp-json\/wp\/v2\/posts\/48303\/revisions"}],"wp:attachment":[{"href":"https:\/\/www.schiebener.net\/wordpress\/wp-json\/wp\/v2\/media?parent=48303"}],"wp:term":[{"taxonomy":"category","embeddable":true,"href":"https:\/\/www.schiebener.net\/wordpress\/wp-json\/wp\/v2\/categories?post=48303"},{"taxonomy":"post_tag","embeddable":true,"href":"https:\/\/www.schiebener.net\/wordpress\/wp-json\/wp\/v2\/tags?post=48303"}],"curies":[{"name":"wp","href":"https:\/\/api.w.org\/{rel}","templated":true}]}}