{"id":4822,"date":"2009-09-20T22:33:24","date_gmt":"2009-09-20T20:33:24","guid":{"rendered":"http:\/\/www.schiebener.net\/wordpress\/?p=4822"},"modified":"2015-10-04T20:23:43","modified_gmt":"2015-10-04T19:23:43","slug":"suslich-modriger-geruch-das-indische-springkraut","status":"publish","type":"post","link":"https:\/\/www.schiebener.net\/wordpress\/suslich-modriger-geruch-das-indische-springkraut\/","title":{"rendered":"S\u00fc\u00dflich-modriger Geruch? Das Indische Springkraut!"},"content":{"rendered":"<dl id=\"attachment_4823\" class=\"wp-caption aligncenter\" style=\"width: 490px;\">\n<dt class=\"wp-caption-dt\"><img loading=\"lazy\" decoding=\"async\" class=\"size-full wp-image-4823\" title=\"Indisches Springkraut\" src=\"http:\/\/www.schiebener.net\/wordpress\/wp-content\/uploads\/2009\/09\/springkraut03.jpg\" alt=\"Indisches Springkraut an der Namenlose\" width=\"480\" height=\"360\" srcset=\"https:\/\/www.schiebener.net\/wordpress\/wp-content\/uploads\/2009\/09\/springkraut03.jpg 480w, https:\/\/www.schiebener.net\/wordpress\/wp-content\/uploads\/2009\/09\/springkraut03-300x225.jpg 300w\" sizes=\"auto, (max-width: 480px) 85vw, 480px\" \/><\/dt>\n<dd class=\"wp-caption-dd\">Indisches Springkraut an der Namenlose (fotos: zoom)<\/dd>\n<\/dl>\n<p><strong>Der s\u00fc\u00dflich-modrige Geruch am Wegesrand stammt nicht von Tier-Kadavern oder anderen Leichen &#8211; so riecht das n\u00e4mlich &#8211; sondern vom Dr\u00fcsigen Springkraut.<\/strong><\/p>\n<p>Schon im Sommer war mir das Dr\u00fcsige oder auch\u00a0 <a href=\"http:\/\/de.wikipedia.org\/wiki\/Dr%C3%BCsiges_Springkraut\" target=\"_blank\">Indische Springkraut<\/a> entlang der Waldwege<a href=\"http:\/\/www.schiebener.net\/wordpress\/?p=3770\" target=\"_blank\"> hier im Hochsauerland<\/a> aufgefallen. Nachdem ich die Pflanze erst einmal\u00a0 &#8222;auf dem Kieker&#8220; hatte, habe ich sie allerorten auf meinen Reisen durch Deutschland entdeckt. Als hartn\u00e4ckiger und sehr erfolgreicher Eindringling (Neophyt) wird sich <em>Impatiens glandulifera<\/em> mit dem ollen <a href=\"http:\/\/de.wikipedia.org\/wiki\/Riesen-B%C3%A4renklau\" target=\"_blank\">Riesen-B\u00e4renklau <\/a>messen k\u00f6nnen, obwohl es nicht die selben ekeligen allergischen Reaktionen erzeugt.<\/p>\n<dl id=\"attachment_4824\" class=\"wp-caption alignleft\" style=\"width: 180px;\">\n<dt class=\"wp-caption-dt\"><img loading=\"lazy\" decoding=\"async\" class=\"size-full wp-image-4824\" title=\"Reife Fr\u00fcchte springen bei Ber\u00fchrung auf\" src=\"http:\/\/www.schiebener.net\/wordpress\/wp-content\/uploads\/2009\/09\/springkraut02.jpg\" alt=\"Reife Fr\u00fcchte springen bei Ber\u00fchrung auf\" width=\"170\" height=\"128\" \/><\/dt>\n<dd class=\"wp-caption-dd\">Reife Fr\u00fcchte springen bei Ber\u00fchrung auf<\/dd>\n<\/dl>\n<p>Das Springkraut tut uns nicht weh, verdr\u00e4ngt aber selbst das <a href=\"http:\/\/de.wikipedia.org\/wiki\/Weidenr%C3%B6schen\" target=\"_blank\">Weidenr\u00f6schen<\/a> von den Ruderalfl\u00e4chen, und das will schon etwas hei\u00dfen.<\/p>\n<p>Zur Zeit sind die Fr\u00fcchte reif und springen bei der leisesten Ber\u00fchrung auf. Der Druck ist gewaltig und erzeugt ein Gef\u00fchl wie ein Stromschlag, der von den Fingerspitzen durch den Arm l\u00e4uft.<\/p>\n<dl id=\"attachment_4826\" class=\"wp-caption alignright\" style=\"width: 180px;\">\n<dt class=\"wp-caption-dt\"><img loading=\"lazy\" decoding=\"async\" class=\"size-full wp-image-4826\" title=\"Die Kapsel hat die Samen herausgeschleudert\" src=\"http:\/\/www.schiebener.net\/wordpress\/wp-content\/uploads\/2009\/09\/springkraut01.jpg\" alt=\"Die Kapsel hat die Samen herausgeschleudert\" width=\"170\" height=\"128\" \/><\/dt>\n<dd class=\"wp-caption-dd\">Die Kapsel hat die Samen herausgeschleudert<\/dd>\n<\/dl>\n<p>Die Seiten der Kapselfrucht sind elastisch und rollen sich wie winzige, sich windende Schlangen zur\u00fcck. Die kugeligen Samen weisen einen Durchmesser von etwa 3\u00a0mm auf und werden bis zu 7 Meter weit weggeschleudert.<\/p>\n<p>Eine einzelne Pflanze produziert etwa 3000 Samen. Deren Keimf\u00e4higkeit bleibt mehrere Jahre erhalten. In Reinbest\u00e4nden k\u00f6nnen bis zu 32000 Samen pro Quadratmeter Boden auftreten.<\/p>\n","protected":false},"excerpt":{"rendered":"<p>Indisches Springkraut an der Namenlose (fotos: zoom) Der s\u00fc\u00dflich-modrige Geruch am Wegesrand stammt nicht von Tier-Kadavern oder anderen Leichen &#8211; so riecht das n\u00e4mlich &#8211; sondern vom Dr\u00fcsigen Springkraut. Schon &hellip; <a href=\"https:\/\/www.schiebener.net\/wordpress\/suslich-modriger-geruch-das-indische-springkraut\/\" class=\"more-link\"><span class=\"screen-reader-text\">\u201eS\u00fc\u00dflich-modriger Geruch? Das Indische Springkraut!\u201c <\/span>weiterlesen<\/a><\/p>\n","protected":false},"author":3,"featured_media":0,"comment_status":"open","ping_status":"open","sticky":false,"template":"","format":"standard","meta":{"footnotes":""},"categories":[174,80,5],"tags":[815],"class_list":["post-4822","post","type-post","status-publish","format-standard","hentry","category-dit-und-dat","category-lokales","category-naturwissenschaft","tag-indisches-springkraut"],"_links":{"self":[{"href":"https:\/\/www.schiebener.net\/wordpress\/wp-json\/wp\/v2\/posts\/4822","targetHints":{"allow":["GET"]}}],"collection":[{"href":"https:\/\/www.schiebener.net\/wordpress\/wp-json\/wp\/v2\/posts"}],"about":[{"href":"https:\/\/www.schiebener.net\/wordpress\/wp-json\/wp\/v2\/types\/post"}],"author":[{"embeddable":true,"href":"https:\/\/www.schiebener.net\/wordpress\/wp-json\/wp\/v2\/users\/3"}],"replies":[{"embeddable":true,"href":"https:\/\/www.schiebener.net\/wordpress\/wp-json\/wp\/v2\/comments?post=4822"}],"version-history":[{"count":0,"href":"https:\/\/www.schiebener.net\/wordpress\/wp-json\/wp\/v2\/posts\/4822\/revisions"}],"wp:attachment":[{"href":"https:\/\/www.schiebener.net\/wordpress\/wp-json\/wp\/v2\/media?parent=4822"}],"wp:term":[{"taxonomy":"category","embeddable":true,"href":"https:\/\/www.schiebener.net\/wordpress\/wp-json\/wp\/v2\/categories?post=4822"},{"taxonomy":"post_tag","embeddable":true,"href":"https:\/\/www.schiebener.net\/wordpress\/wp-json\/wp\/v2\/tags?post=4822"}],"curies":[{"name":"wp","href":"https:\/\/api.w.org\/{rel}","templated":true}]}}