{"id":48048,"date":"2021-01-11T17:48:11","date_gmt":"2021-01-11T16:48:11","guid":{"rendered":"https:\/\/www.schiebener.net\/wordpress\/?p=48048"},"modified":"2021-01-11T17:52:43","modified_gmt":"2021-01-11T16:52:43","slug":"videokonferenz-insektenschutz-geht-uns-alle-an","status":"publish","type":"post","link":"https:\/\/www.schiebener.net\/wordpress\/videokonferenz-insektenschutz-geht-uns-alle-an\/","title":{"rendered":"Videokonferenz: Insektenschutz geht uns alle an!"},"content":{"rendered":"<figure id=\"attachment_48049\" aria-describedby=\"caption-attachment-48049\" style=\"width: 700px\" class=\"wp-caption aligncenter\"><a href=\"https:\/\/www.schiebener.net\/wordpress\/wp-content\/uploads\/2021\/01\/20201220SaveTheBees.jpg\" target=\"_blank\" rel=\"noopener\"><img loading=\"lazy\" decoding=\"async\" class=\"wp-image-48049\" src=\"https:\/\/www.schiebener.net\/wordpress\/wp-content\/uploads\/2021\/01\/20201220SaveTheBees.jpg\" alt=\"\" width=\"700\" height=\"747\" srcset=\"https:\/\/www.schiebener.net\/wordpress\/wp-content\/uploads\/2021\/01\/20201220SaveTheBees.jpg 1920w, https:\/\/www.schiebener.net\/wordpress\/wp-content\/uploads\/2021\/01\/20201220SaveTheBees-281x300.jpg 281w, https:\/\/www.schiebener.net\/wordpress\/wp-content\/uploads\/2021\/01\/20201220SaveTheBees-960x1024.jpg 960w, https:\/\/www.schiebener.net\/wordpress\/wp-content\/uploads\/2021\/01\/20201220SaveTheBees-768x819.jpg 768w, https:\/\/www.schiebener.net\/wordpress\/wp-content\/uploads\/2021\/01\/20201220SaveTheBees-1440x1536.jpg 1440w\" sizes=\"auto, (max-width: 709px) 85vw, (max-width: 909px) 67vw, (max-width: 984px) 61vw, (max-width: 1362px) 45vw, 600px\" \/><\/a><figcaption id=\"caption-attachment-48049\" class=\"wp-caption-text\">&#8222;Save the bees!&#8220; &#8211; Rettet die Bienen! (foto: zoom)<\/figcaption><\/figure>\n<p><strong>Der heimische SPD-Bundestagsabgeordnete und Fraktionsvize Dirk Wiese l\u00e4dt am 19.&nbsp;Januar 2021 um 10:00 Uhr zur gemeinsamen Videokonferenz mit Carsten Tr\u00e4ger, Sprecher der AG Umwelt in der SPD-Bundestagsfraktion, ein. <\/strong><\/p>\n<p><em>(Pressemitteilung SPD)<\/em><\/p>\n<p>Im Rahmen der Reihe Fraktion vor Ort wollen beide zum Thema \u201eInsektenschutz geht uns alle an\u201c informieren und mit den Teilnehmern*innen diskutieren.<\/p>\n<p>2019 hat das Bundesumweltministerium das \u201eAktionsprogramm Insektenschutz\u201c vorgestellt und damit eine Reihe von Ma\u00dfnahmen vorgeschlagen, um den Insektenr\u00fcckgang zu stoppen bzw. umzukehren. Insekten spielen im Naturhaushalt eine wichtige Rolle: Sie sind Pflanzenbest\u00e4uber, dienen als Nahrungsgrundlage f\u00fcr V\u00f6gel und Flederm\u00e4use, sorgen f\u00fcr den Abbau organischer Masse und erhalten die Bodenfruchtbarkeit.<\/p>\n<p>Die SPD-Bundestagsfraktion setzt sich im Dialog f\u00fcr eine nachhaltige und zukunftsf\u00e4hige Gestaltung der Landwirtschaft ein. Die Verhandlungen zur gemeinsamen Agrarpolitik in Br\u00fcssel bringen daf\u00fcr wichtige Weichenstellungen und legen den Fokus auf die Erhaltung artenreicher Gr\u00fcnlandtypen, die Entwicklung einer kleinteilig strukturierten Agrarlandschaft und die Wiederherstellung von bl\u00fchreichen Ackerrandstreifen. Dazu soll die zweite S\u00e4ule gest\u00e4rkt, die Anwendung von Pestiziden eingeschr\u00e4nkt und bei der Zulassung die Auswirkungen auf das \u00d6kosystem untersucht werden.<\/p>\n<p>Die Forschung soll intensiviert und das Insektenmonitoring bundesweit koordiniert werden. Pro Jahr sollen 100 Millionen Euro f\u00fcr den Insektenschutz im Sonderrahmenplan Agrarstruktur und K\u00fcstenschutz sowie zus\u00e4tzliche Mittel in den Bundesprogrammen \u201aBiologische Vielfalt\u2018, \u201a\u00f6kologischer Landbau\u2018 und \u201aBlaues Band\u2018 bereitgestellt werden. Dies alles hat Auswirkungen auf die t\u00e4gliche Arbeit der Landwirte vor Ort.<\/p>\n<p>\u201e\u00dcber diese Ma\u00dfnahmen sowie weitere Ideen und Vorhaben der SPD-Bundestagsfraktion m\u00f6chten wir mit den Teilnehmern sprechen, denn auch hier im Hochsauerland ist die Erhaltung und Verbesserung der Insektenvielfalt nicht nur f\u00fcr die landwirtschaftlichen Betriebe wichtig. Wir alle k\u00f6nnen dazu beitragen\u201c, erkl\u00e4rt Dirk Wiese.<\/p>\n<p>&#8212;&#8212;&#8212;&#8212;&#8212;<\/p>\n<p><strong><em>Anmeldungen zur Teilnahme sind bis zum 18.01.2021 via Email unter <a href=\"mailto:dirk.wiese.wk@bundestag.de\" target=\"_blank\" rel=\"noopener\">dirk.wiese.wk@bundestag.de<\/a> m\u00f6glich. Die Einwahldaten zur Teilnahmen erhalten die angemeldeten Personen dann rechtzeitig.<\/em><\/strong><\/p>\n","protected":false},"excerpt":{"rendered":"<p>Der heimische SPD-Bundestagsabgeordnete und Fraktionsvize Dirk Wiese l\u00e4dt am 19.&nbsp;Januar 2021 um 10:00 Uhr zur gemeinsamen Videokonferenz mit Carsten Tr\u00e4ger, Sprecher der AG Umwelt in der SPD-Bundestagsfraktion, ein. (Pressemitteilung SPD) &hellip; <a href=\"https:\/\/www.schiebener.net\/wordpress\/videokonferenz-insektenschutz-geht-uns-alle-an\/\" class=\"more-link\"><span class=\"screen-reader-text\">\u201eVideokonferenz: Insektenschutz geht uns alle an!\u201c <\/span>weiterlesen<\/a><\/p>\n","protected":false},"author":17,"featured_media":0,"comment_status":"open","ping_status":"open","sticky":false,"template":"","format":"standard","meta":{"footnotes":""},"categories":[303,32,1043,549],"tags":[7020,655],"class_list":["post-48048","post","type-post","status-publish","format-standard","hentry","category-in-unserem-briefkasten","category-medien","category-pressemitteilungen","category-umwelt","tag-insektensterben","tag-pressemitteilung"],"_links":{"self":[{"href":"https:\/\/www.schiebener.net\/wordpress\/wp-json\/wp\/v2\/posts\/48048","targetHints":{"allow":["GET"]}}],"collection":[{"href":"https:\/\/www.schiebener.net\/wordpress\/wp-json\/wp\/v2\/posts"}],"about":[{"href":"https:\/\/www.schiebener.net\/wordpress\/wp-json\/wp\/v2\/types\/post"}],"author":[{"embeddable":true,"href":"https:\/\/www.schiebener.net\/wordpress\/wp-json\/wp\/v2\/users\/17"}],"replies":[{"embeddable":true,"href":"https:\/\/www.schiebener.net\/wordpress\/wp-json\/wp\/v2\/comments?post=48048"}],"version-history":[{"count":0,"href":"https:\/\/www.schiebener.net\/wordpress\/wp-json\/wp\/v2\/posts\/48048\/revisions"}],"wp:attachment":[{"href":"https:\/\/www.schiebener.net\/wordpress\/wp-json\/wp\/v2\/media?parent=48048"}],"wp:term":[{"taxonomy":"category","embeddable":true,"href":"https:\/\/www.schiebener.net\/wordpress\/wp-json\/wp\/v2\/categories?post=48048"},{"taxonomy":"post_tag","embeddable":true,"href":"https:\/\/www.schiebener.net\/wordpress\/wp-json\/wp\/v2\/tags?post=48048"}],"curies":[{"name":"wp","href":"https:\/\/api.w.org\/{rel}","templated":true}]}}