{"id":4799,"date":"2009-09-19T21:08:27","date_gmt":"2009-09-19T19:08:27","guid":{"rendered":"http:\/\/www.schiebener.net\/wordpress\/?p=4799"},"modified":"2009-11-18T23:20:48","modified_gmt":"2009-11-18T22:20:48","slug":"gymnasium-winterberg-kommunikationsinsel-eroffnet","status":"publish","type":"post","link":"https:\/\/www.schiebener.net\/wordpress\/gymnasium-winterberg-kommunikationsinsel-eroffnet\/","title":{"rendered":"Gymnasium Winterberg: Kommunikationsinsel er\u00f6ffnet"},"content":{"rendered":"<figure id=\"attachment_4801\" aria-describedby=\"caption-attachment-4801\" style=\"width: 480px\" class=\"wp-caption aligncenter\"><img loading=\"lazy\" decoding=\"async\" class=\"size-full wp-image-4801\" title=\"Die Kommunikationsinsel \" src=\"http:\/\/www.schiebener.net\/wordpress\/wp-content\/uploads\/2009\/09\/gymwint02.jpg\" alt=\"Die Kommunikationsinsel auf dem Schulhof des Gymansiums Winterberg wurde heute \u00fcbergeben\" width=\"480\" height=\"300\" srcset=\"https:\/\/www.schiebener.net\/wordpress\/wp-content\/uploads\/2009\/09\/gymwint02.jpg 480w, https:\/\/www.schiebener.net\/wordpress\/wp-content\/uploads\/2009\/09\/gymwint02-300x187.jpg 300w\" sizes=\"auto, (max-width: 480px) 85vw, 480px\" \/><figcaption id=\"caption-attachment-4801\" class=\"wp-caption-text\">Die Kommunikationsinsel auf dem Schulhof des Gymnasiums Winterberg wurde heute \u00fcbergeben<\/figcaption><\/figure>\n<p>Heute hat der Schulleiter des Geschwister-Scholl-Gymnasiums der \u00d6ffentlichkeit eine sogenannte Kommunikationsinsel \u00fcbergeben. Die Feierlichkeit fand in Anwesenheit der Sponsoren und \u00f6rtlichen Politiker statt.<\/p>\n<figure id=\"attachment_4800\" aria-describedby=\"caption-attachment-4800\" style=\"width: 170px\" class=\"wp-caption alignleft\"><img loading=\"lazy\" decoding=\"async\" class=\"size-full wp-image-4800\" title=\"SponsorInnen und \u00f6rtliche PolitikerInnen bei der feierlichen Er\u00f6ffnung der Kommunikationsinsel\" src=\"http:\/\/www.schiebener.net\/wordpress\/wp-content\/uploads\/2009\/09\/gymwint01.jpg\" alt=\"SponsorInnen und \u00f6rtliche PolitikerInnen bei der feierlichen Er\u00f6ffnung der Kommunikationsinsel\" width=\"170\" height=\"96\" \/><figcaption id=\"caption-attachment-4800\" class=\"wp-caption-text\">SponsorInnen und \u00f6rtliche PolitikerInnen bei der feierlichen Er\u00f6ffnung der Kommunikationsinsel<\/figcaption><\/figure>\n<p>Da die Frauen allesamt Hausarbeit bei sich selbst verrichteten oder w\u00e4hrend der Feierlichkeiten im Rahmen eines Projekttages &#8222;Gegen Gewalt&#8220; in der Cafeteria die Verk\u00f6stigung der Sch\u00fclerInnen und BesucherInnen \u00fcbernommen hatten, sind selbstverst\u00e4ndlich keine weiblichen Akteure auf dem Bild, welches hier die wichtigen M\u00e4nner und Frauen zeigt. Da ich mich hier im Blog <a href=\"http:\/\/www.schiebener.net\/wordpress\/?p=2836\" target=\"_blank\">seinerzeit etwas verwundert \u00fcber die Berichterstattung<\/a> der Medien gezeigt hatte und der <a href=\"http:\/\/www.schiebener.net\/wordpress\/?p=2882\" target=\"_blank\">konfrontativen Polemik anheimgefallen <\/a>war, \u00fcberlasse ich das Wort diesmal der Schule selbst:<\/p>\n<blockquote><p>Funkeln und Glitzern lenkt das Auge des Besuchers, der sich dem Geschwister \u00e2\u20ac\u201c Scholl \u00e2\u20ac\u201c Gymnasium n\u00e4hert, auf steinerne Ringe. Farbenfrohe Mosaike auf geschwungenen Fl\u00e4chen kleiden Betonmauern ein. Die R\u00fcckenlinien schwingen sich auf und ab wie Wellen, die auflaufen und verebben. Wo ist der Anfang, wo das Ende? Rundl\u00f6cher durchbrechen die Mauern, lassen Licht durch, geben den Blick frei und lassen die Mauern tanzen. Zwei T\u00fcrme mit verspieltem F\u00e4hnchen und glitzernden Kugeln lenken den Schritt in den Zugang. Der Weg, ges\u00e4umt von B\u00e4nken, f\u00fchrt in das Innere von zwei Schnecken. Weich wie auf Moos nimmt der Boden die F\u00fc\u00dfe auf &#8230;\u00a0 <a href=\"http:\/\/gymnasium-winterberg-medebach.de\/unsere-schule\/kommunikationsinsel.html\" target=\"_blank\">tutti competti in voller L\u00e4nge hier<\/a><\/p><\/blockquote>\n","protected":false},"excerpt":{"rendered":"<p>Heute hat der Schulleiter des Geschwister-Scholl-Gymnasiums der \u00d6ffentlichkeit eine sogenannte Kommunikationsinsel \u00fcbergeben. Die Feierlichkeit fand in Anwesenheit der Sponsoren und \u00f6rtlichen Politiker statt. Da die Frauen allesamt Hausarbeit bei sich &hellip; <a href=\"https:\/\/www.schiebener.net\/wordpress\/gymnasium-winterberg-kommunikationsinsel-eroffnet\/\" class=\"more-link\"><span class=\"screen-reader-text\">\u201eGymnasium Winterberg: Kommunikationsinsel er\u00f6ffnet\u201c <\/span>weiterlesen<\/a><\/p>\n","protected":false},"author":3,"featured_media":0,"comment_status":"open","ping_status":"open","sticky":false,"template":"","format":"standard","meta":{"footnotes":""},"categories":[3,80,32],"tags":[439,440],"class_list":["post-4799","post","type-post","status-publish","format-standard","hentry","category-bildung-und-schule","category-lokales","category-medien","tag-geschwister-scholl-gymnasium-winterberg","tag-kommunikations-insel"],"_links":{"self":[{"href":"https:\/\/www.schiebener.net\/wordpress\/wp-json\/wp\/v2\/posts\/4799","targetHints":{"allow":["GET"]}}],"collection":[{"href":"https:\/\/www.schiebener.net\/wordpress\/wp-json\/wp\/v2\/posts"}],"about":[{"href":"https:\/\/www.schiebener.net\/wordpress\/wp-json\/wp\/v2\/types\/post"}],"author":[{"embeddable":true,"href":"https:\/\/www.schiebener.net\/wordpress\/wp-json\/wp\/v2\/users\/3"}],"replies":[{"embeddable":true,"href":"https:\/\/www.schiebener.net\/wordpress\/wp-json\/wp\/v2\/comments?post=4799"}],"version-history":[{"count":0,"href":"https:\/\/www.schiebener.net\/wordpress\/wp-json\/wp\/v2\/posts\/4799\/revisions"}],"wp:attachment":[{"href":"https:\/\/www.schiebener.net\/wordpress\/wp-json\/wp\/v2\/media?parent=4799"}],"wp:term":[{"taxonomy":"category","embeddable":true,"href":"https:\/\/www.schiebener.net\/wordpress\/wp-json\/wp\/v2\/categories?post=4799"},{"taxonomy":"post_tag","embeddable":true,"href":"https:\/\/www.schiebener.net\/wordpress\/wp-json\/wp\/v2\/tags?post=4799"}],"curies":[{"name":"wp","href":"https:\/\/api.w.org\/{rel}","templated":true}]}}