{"id":47933,"date":"2020-12-23T20:05:53","date_gmt":"2020-12-23T19:05:53","guid":{"rendered":"https:\/\/www.schiebener.net\/wordpress\/?p=47933"},"modified":"2020-12-23T20:05:53","modified_gmt":"2020-12-23T19:05:53","slug":"duendar-ein-system-das-solche-strafen-aussprechen-muss-wird-zusammenbrechen-der-journalist-can-duendar-wurde-in-der-tuerkei-zu-ueber-27-jahren-haft-verurteilt","status":"publish","type":"post","link":"https:\/\/www.schiebener.net\/wordpress\/duendar-ein-system-das-solche-strafen-aussprechen-muss-wird-zusammenbrechen-der-journalist-can-duendar-wurde-in-der-tuerkei-zu-ueber-27-jahren-haft-verurteilt\/","title":{"rendered":"D\u00fcndar: \u201eEin System, das solche Strafen aussprechen muss, wird zusammenbrechen.\u201c  <div><small>Der Journalist Can D\u00fcndar wurde in der T\u00fcrkei zu \u00fcber 27 Jahren Haft verurteilt.<\/small><\/div>"},"content":{"rendered":"<figure id=\"attachment_45992\" aria-describedby=\"caption-attachment-45992\" style=\"width: 700px\" class=\"wp-caption aligncenter\"><img loading=\"lazy\" decoding=\"async\" class=\"wp-image-45992\" src=\"https:\/\/www.schiebener.net\/wordpress\/wp-content\/uploads\/2020\/02\/CORRECTIV-logo-claim.png\" alt=\"\" width=\"700\" height=\"325\" srcset=\"https:\/\/www.schiebener.net\/wordpress\/wp-content\/uploads\/2020\/02\/CORRECTIV-logo-claim.png 2800w, https:\/\/www.schiebener.net\/wordpress\/wp-content\/uploads\/2020\/02\/CORRECTIV-logo-claim-300x139.png 300w, https:\/\/www.schiebener.net\/wordpress\/wp-content\/uploads\/2020\/02\/CORRECTIV-logo-claim-1024x475.png 1024w, https:\/\/www.schiebener.net\/wordpress\/wp-content\/uploads\/2020\/02\/CORRECTIV-logo-claim-768x356.png 768w, https:\/\/www.schiebener.net\/wordpress\/wp-content\/uploads\/2020\/02\/CORRECTIV-logo-claim-1536x713.png 1536w, https:\/\/www.schiebener.net\/wordpress\/wp-content\/uploads\/2020\/02\/CORRECTIV-logo-claim-2048x950.png 2048w\" sizes=\"auto, (max-width: 709px) 85vw, (max-width: 909px) 67vw, (max-width: 984px) 61vw, (max-width: 1362px) 45vw, 600px\" \/><figcaption id=\"caption-attachment-45992\" class=\"wp-caption-text\">Grafik: CORREKTIV<\/figcaption><\/figure>\n<p><strong>Nachdem der t\u00fcrkische Journalist Can D\u00fcndar von einem Istanbuler Gericht zu \u00fcber 27 Jahren Haft wegen Spionage und Terrorunterst\u00fctzung verurteilt wurde, \u00e4u\u00dfert er sich nun gegen\u00fcber dem Recherchezentrum CORRECTIV zu dem Verfahren: \u201eEin System, das solche Strafen aussprechen muss, weil ein Reporter die Wahrheit berichtet hat, ist offensichtlich moralisch geschw\u00e4cht und wird zusammenbrechen. Nach dem Urteil f\u00fchle ich mich deswegen gest\u00e4rkt.\u201c<\/strong><\/p>\n<p><em>(Pressemitteilung von CORRECTIV)<\/em><\/p>\n<p>D\u00fcndars Anw\u00e4lte boykottierten aus Protest die Verhandlung, um ein politisches Verfahren nicht durch ihre Anwesenheit zu legitimieren. Das Urteil gegen Can D\u00fcndar setzt sich zusammen aus einer Strafe von 18 Jahren und neun Monaten Haft wegen Spionage und zu weiteren acht Jahren und neun Monaten wegen Terrorunterst\u00fctzung.<\/p>\n<p><strong>Aus dem Exil macht D\u00fcndar Radio f\u00fcr die T\u00fc<\/strong>rkei<\/p>\n<p>Bis zu seinem Gang ins Exil war Can D\u00fcndar Chefredakteur der t\u00fcrkischen Zeitung \u201eCumhuriyet\u201c. Im deutschen Exil leitet er das von CORRECTIV betriebene Web-Radio \u201e\u00d6zg\u00fcr\u00fcz.org\u201c (We are free) und ist weiter als Journalist und Dokumentarfilmer aktiv. Das Istanbuler Gericht ordnete D\u00fcndars Festnahme an.<\/p>\n<p>Hintergrund des Verfahrens ist ein Zeitungsbericht aus dem Jahr 2015, in dem die Zeitung \u201eCumhuriyet\u201c Informationen dar\u00fcber ver\u00f6ffentlichte, dass die Regierung des t\u00fcrkischen Pr\u00e4sidenten Recep Tayyip Erdo?an islamistischen Rebellen in Syrien Waffen lieferte. Can D\u00fcndar legte Videobeweise f\u00fcr die Waffenlieferungen vor. Die Lieferungen verstie\u00dfen gegen internationales Recht. Erdo?an sagte nach der Ver\u00f6ffentlichung im Staatsfernsehen, dass der Journalist f\u00fcr diese Ver\u00f6ffentlichung einen hohen Preis zahlen werde.<\/p>\n<p><strong>\u201eMeine Arbeit waren die Folgen wert\u201c<\/strong><\/p>\n<p>Can D\u00fcndar sagt dazu: \u201eAls Journalist in der T\u00fcrkei muss man damit rechnen, verfolgt zu werden, wenn man die Wahrheit berichtet. Gleichwohl ist es die Pflicht der Reporter, Missst\u00e4nde und Korruption aufzudecken, um eine demokratische Entwicklung zu erm\u00f6glichen.\u201c<\/p>\n<p>Gegen Can D\u00fcndar laufen weitere Verfahren in der T\u00fcrkei. Gegen\u00fcber CORRECTIV sagt er: \u201eMeine Arbeit war die Folgen wert. Wir m\u00fcssen als Journalisten ein Beispiel geben f\u00fcr die Demokratie.\u201c<\/p>\n<p>Die T\u00fcrkei steht international regelm\u00e4\u00dfig wegen ihrer systematischen Einschr\u00e4nkung der Pressefreiheit in der Kritik. Das Land belegt derzeit den 154. Platz auf der Rangliste der internationalen Pressefreiheit der Organisation Reporter ohne Grenzen.<\/p>\n<p><strong>Mehr lesen Sie hier:<\/strong><br \/>\n<a href=\"https:\/\/correctiv.org\/in-eigener-sache\/2020\/12\/23\/hartes-urteil-gegen-can-duendar\/\" target=\"_blank\" rel=\"noopener\">https:\/\/correctiv.org\/in-eigener-sache\/2020\/12\/23\/hartes-urteil-gegen-can-duendar\/<\/a><\/p>\n","protected":false},"excerpt":{"rendered":"<p>Nachdem der t\u00fcrkische Journalist Can D\u00fcndar von einem Istanbuler Gericht zu \u00fcber 27 Jahren Haft wegen Spionage und Terrorunterst\u00fctzung verurteilt wurde, \u00e4u\u00dfert er sich nun gegen\u00fcber dem Recherchezentrum CORRECTIV zu &hellip; <a href=\"https:\/\/www.schiebener.net\/wordpress\/duendar-ein-system-das-solche-strafen-aussprechen-muss-wird-zusammenbrechen-der-journalist-can-duendar-wurde-in-der-tuerkei-zu-ueber-27-jahren-haft-verurteilt\/\" class=\"more-link\"><span class=\"screen-reader-text\">\u201eD\u00fcndar: \u201eEin System, das solche Strafen aussprechen muss, wird zusammenbrechen.\u201c  <\/p>\n<div><small>Der Journalist Can D\u00fcndar wurde in der T\u00fcrkei zu \u00fcber 27 Jahren Haft verurteilt.<\/small><\/div>\n<p>\u201c <\/span>weiterlesen<\/a><\/p>\n","protected":false},"author":17,"featured_media":0,"comment_status":"open","ping_status":"open","sticky":false,"template":"","format":"standard","meta":{"footnotes":""},"categories":[303,32,1043],"tags":[8774,5906,655],"class_list":["post-47933","post","type-post","status-publish","format-standard","hentry","category-in-unserem-briefkasten","category-medien","category-pressemitteilungen","tag-can-duendar","tag-correctiv","tag-pressemitteilung"],"_links":{"self":[{"href":"https:\/\/www.schiebener.net\/wordpress\/wp-json\/wp\/v2\/posts\/47933","targetHints":{"allow":["GET"]}}],"collection":[{"href":"https:\/\/www.schiebener.net\/wordpress\/wp-json\/wp\/v2\/posts"}],"about":[{"href":"https:\/\/www.schiebener.net\/wordpress\/wp-json\/wp\/v2\/types\/post"}],"author":[{"embeddable":true,"href":"https:\/\/www.schiebener.net\/wordpress\/wp-json\/wp\/v2\/users\/17"}],"replies":[{"embeddable":true,"href":"https:\/\/www.schiebener.net\/wordpress\/wp-json\/wp\/v2\/comments?post=47933"}],"version-history":[{"count":0,"href":"https:\/\/www.schiebener.net\/wordpress\/wp-json\/wp\/v2\/posts\/47933\/revisions"}],"wp:attachment":[{"href":"https:\/\/www.schiebener.net\/wordpress\/wp-json\/wp\/v2\/media?parent=47933"}],"wp:term":[{"taxonomy":"category","embeddable":true,"href":"https:\/\/www.schiebener.net\/wordpress\/wp-json\/wp\/v2\/categories?post=47933"},{"taxonomy":"post_tag","embeddable":true,"href":"https:\/\/www.schiebener.net\/wordpress\/wp-json\/wp\/v2\/tags?post=47933"}],"curies":[{"name":"wp","href":"https:\/\/api.w.org\/{rel}","templated":true}]}}