{"id":47894,"date":"2020-12-14T15:33:55","date_gmt":"2020-12-14T14:33:55","guid":{"rendered":"https:\/\/www.schiebener.net\/wordpress\/?p=47894"},"modified":"2020-12-14T15:33:55","modified_gmt":"2020-12-14T14:33:55","slug":"gewerkschaft-erziehung-und-wissenschaft-nrw-schwierige-lage-an-den-schulen-nach-dem-lockdown-beschluss","status":"publish","type":"post","link":"https:\/\/www.schiebener.net\/wordpress\/gewerkschaft-erziehung-und-wissenschaft-nrw-schwierige-lage-an-den-schulen-nach-dem-lockdown-beschluss\/","title":{"rendered":"Gewerkschaft Erziehung und Wissenschaft NRW: Schwierige Lage an den Schulen nach dem Lockdown-Beschluss"},"content":{"rendered":"<p><img loading=\"lazy\" decoding=\"async\" class=\"aligncenter wp-image-47657\" src=\"https:\/\/www.schiebener.net\/wordpress\/wp-content\/uploads\/2020\/11\/GEW-NRW-Logo-Schriftzug-RGB.jpg\" alt=\"\" width=\"700\" height=\"315\" srcset=\"https:\/\/www.schiebener.net\/wordpress\/wp-content\/uploads\/2020\/11\/GEW-NRW-Logo-Schriftzug-RGB.jpg 2362w, https:\/\/www.schiebener.net\/wordpress\/wp-content\/uploads\/2020\/11\/GEW-NRW-Logo-Schriftzug-RGB-300x135.jpg 300w, https:\/\/www.schiebener.net\/wordpress\/wp-content\/uploads\/2020\/11\/GEW-NRW-Logo-Schriftzug-RGB-1024x461.jpg 1024w, https:\/\/www.schiebener.net\/wordpress\/wp-content\/uploads\/2020\/11\/GEW-NRW-Logo-Schriftzug-RGB-768x346.jpg 768w, https:\/\/www.schiebener.net\/wordpress\/wp-content\/uploads\/2020\/11\/GEW-NRW-Logo-Schriftzug-RGB-1536x691.jpg 1536w, https:\/\/www.schiebener.net\/wordpress\/wp-content\/uploads\/2020\/11\/GEW-NRW-Logo-Schriftzug-RGB-2048x922.jpg 2048w\" sizes=\"auto, (max-width: 709px) 85vw, (max-width: 909px) 67vw, (max-width: 984px) 61vw, (max-width: 1362px) 45vw, 600px\" \/><strong>Aufgrund zahlreicher R\u00fcckmeldungen aus den Schulen \u00fcber eine \u00e4u\u00dferst schwierige Arbeitssituation sowie die Verunsicherung bei Lehrkr\u00e4ften, Eltern und Sch\u00fcler*innen und nach den gestrigen Beschl\u00fcssen der Ministerpr\u00e4sident*innen fordert die GEW NRW die Landesregierung dringend zum Nachsteuern auf. <\/strong><\/p>\n<p><em>(Pressemitteilung der GEW NRW)<\/em><\/p>\n<p>Die GEW NRW h\u00e4lt es kurzfristig f\u00fcr dringend geboten, ab dem kommenden Mittwoch keinen Unterricht in den Schulen durchzuf\u00fchren, sondern stattdessen nur noch eine Notbetreuung sicher zu stellen. Alles andere ist mit den Beschl\u00fcssen zum harten Lockdown nicht vereinbar.<\/p>\n<p>\u201eJetzt muss schnell gehandelt werden&#8220; forderte Maike Finnern. &#8222;Nach den Ank\u00fcndigungen von Ministerpr\u00e4sident Laschet am Freitag und dem Lockdown-Beschluss vom Sonntag befinden sich die Schulen in einem Ausnahmezustand. Es herrscht gro\u00dfe Verunsicherung \u00fcber das Schreiben von Klassenarbeiten, die Parallelit\u00e4t von Pr\u00e4senz und Distanz sowie die Organisation in den Schulen\u201c, fuhr die GEW-Chefin fort.<\/p>\n<p>Um die Sorgen zu entkr\u00e4ften und um den Druck von den Schulen zu nehmen, pl\u00e4diert die GEW NRW erneut daf\u00fcr, endlich anzuerkennen, dass das Schuljahr 20\/21 ein Schuljahr unter Bedingungen der Pandemie ist und klarzustellen, dass Klassenarbeiten und andere Leistungs\u00fcberpr\u00fcfungen in dieser Woche nicht mehr stattfinden k\u00f6nnen. Maike Finnern appelliert an das Schulministerium: \u201eDie Unsicherheit bei allen Beteiligten ist gro\u00df. Das Schulministerium muss rechtlich klarstellen, dass Klassenarbeiten und Leistungs\u00fcberpr\u00fcfungen ausgesetzt werden. Hier ist Rechtssicherheit im Sinne der Kolleg*innen und Sch\u00fcler*innen geboten.\u201c<\/p>\n<p>Mit Blick auf die restriktive Politik der Landesregierung gegen\u00fcber Schulen, die wie z.B. in Solingen oder L\u00fcnen bereits vor Wochen alternative Modelle von Distanzunterricht durchf\u00fchren wollten und darin gehindert wurden, forderte die GEW-Landesvorsitzende ein Ende dieser Verbotspolitik. Maike Finnern w\u00f6rtlich: \u201eDer schulpolitische Dogmatismus von Ministerin Gebauer muss ein Ende haben. Die Schulen und deren Schultr\u00e4ger d\u00fcrfen nicht l\u00e4nger blockiert werden, sondern m\u00fcssen ihre p\u00e4dagogischen Modelle praktizieren d\u00fcrfen.\u201c<\/p>\n<p>Abschlie\u00dfend mahnte die GEW-Landesvorsitzende, die n\u00e4chsten Wochen intensiv zu nutzen, um die weitere Perspektive der Schulen zu kl\u00e4ren. \u201eSchulen br\u00e4uchten jetzt Verl\u00e4sslichkeit, Ruhe und Perspektiven\u201c, so die GEW-Landesvorsitzende. Es stelle sich die Frage, was in diesem Schuljahr noch m\u00f6glich ist und an schulischen Leistungen erwartet werden kann. Eine Angleichung des Rechtsrahmens an die realen Verh\u00e4ltnisse in den Schulen sei, so die GEW-Landesvorsitzende, die Aufgabe der n\u00e4chsten Wochen. V\u00f6llig klar sei, dass den Belastungen der Lehrkr\u00e4fte Rechnung getragen werden m\u00fcsse. Maike Finnern abschlie\u00dfend. \u201eDie Doppelbelastung in Pr\u00e4senz- und Distanzunterricht ist f\u00fcr die Kolleg*innen nicht zu schultern. Die Schulen brauchen Entlastung der Kollegien und eine personelle Verst\u00e4rkung mit Assistenz- und Hilfskr\u00e4ften.\u201c<\/p>\n","protected":false},"excerpt":{"rendered":"<p>Aufgrund zahlreicher R\u00fcckmeldungen aus den Schulen \u00fcber eine \u00e4u\u00dferst schwierige Arbeitssituation sowie die Verunsicherung bei Lehrkr\u00e4ften, Eltern und Sch\u00fcler*innen und nach den gestrigen Beschl\u00fcssen der Ministerpr\u00e4sident*innen fordert die GEW NRW &hellip; <a href=\"https:\/\/www.schiebener.net\/wordpress\/gewerkschaft-erziehung-und-wissenschaft-nrw-schwierige-lage-an-den-schulen-nach-dem-lockdown-beschluss\/\" class=\"more-link\"><span class=\"screen-reader-text\">\u201eGewerkschaft Erziehung und Wissenschaft NRW: Schwierige Lage an den Schulen nach dem Lockdown-Beschluss\u201c <\/span>weiterlesen<\/a><\/p>\n","protected":false},"author":17,"featured_media":0,"comment_status":"open","ping_status":"open","sticky":false,"template":"","format":"standard","meta":{"footnotes":""},"categories":[3,303,1043],"tags":[8580,8670,8573,655],"class_list":["post-47894","post","type-post","status-publish","format-standard","hentry","category-bildung-und-schule","category-in-unserem-briefkasten","category-pressemitteilungen","tag-covid-19","tag-gew-nrw","tag-lockdown","tag-pressemitteilung"],"_links":{"self":[{"href":"https:\/\/www.schiebener.net\/wordpress\/wp-json\/wp\/v2\/posts\/47894","targetHints":{"allow":["GET"]}}],"collection":[{"href":"https:\/\/www.schiebener.net\/wordpress\/wp-json\/wp\/v2\/posts"}],"about":[{"href":"https:\/\/www.schiebener.net\/wordpress\/wp-json\/wp\/v2\/types\/post"}],"author":[{"embeddable":true,"href":"https:\/\/www.schiebener.net\/wordpress\/wp-json\/wp\/v2\/users\/17"}],"replies":[{"embeddable":true,"href":"https:\/\/www.schiebener.net\/wordpress\/wp-json\/wp\/v2\/comments?post=47894"}],"version-history":[{"count":0,"href":"https:\/\/www.schiebener.net\/wordpress\/wp-json\/wp\/v2\/posts\/47894\/revisions"}],"wp:attachment":[{"href":"https:\/\/www.schiebener.net\/wordpress\/wp-json\/wp\/v2\/media?parent=47894"}],"wp:term":[{"taxonomy":"category","embeddable":true,"href":"https:\/\/www.schiebener.net\/wordpress\/wp-json\/wp\/v2\/categories?post=47894"},{"taxonomy":"post_tag","embeddable":true,"href":"https:\/\/www.schiebener.net\/wordpress\/wp-json\/wp\/v2\/tags?post=47894"}],"curies":[{"name":"wp","href":"https:\/\/api.w.org\/{rel}","templated":true}]}}