{"id":47875,"date":"2020-12-13T20:51:24","date_gmt":"2020-12-13T19:51:24","guid":{"rendered":"https:\/\/www.schiebener.net\/wordpress\/?p=47875"},"modified":"2020-12-13T21:22:34","modified_gmt":"2020-12-13T20:22:34","slug":"pausenbild-funkturm-covid-19-brandenburgische-konzerte-tago-mago-und-amos-oz-und-was-macht-ihr-so-im-lockdown","status":"publish","type":"post","link":"https:\/\/www.schiebener.net\/wordpress\/pausenbild-funkturm-covid-19-brandenburgische-konzerte-tago-mago-und-amos-oz-und-was-macht-ihr-so-im-lockdown\/","title":{"rendered":"Pausenbild: Funkturm, Covid-19, Brandenburgische Konzerte, Tago Mago und Amos Oz &#8211; und was macht ihr so im Lockdown?"},"content":{"rendered":"<figure id=\"attachment_47876\" aria-describedby=\"caption-attachment-47876\" style=\"width: 700px\" class=\"wp-caption aligncenter\"><a href=\"https:\/\/www.schiebener.net\/wordpress\/wp-content\/uploads\/2020\/12\/20201209WinterbergKreuzberg.jpg\" target=\"_blank\" rel=\"noopener\"><img loading=\"lazy\" decoding=\"async\" class=\"wp-image-47876\" src=\"https:\/\/www.schiebener.net\/wordpress\/wp-content\/uploads\/2020\/12\/20201209WinterbergKreuzberg.jpg\" alt=\"\" width=\"700\" height=\"1059\" srcset=\"https:\/\/www.schiebener.net\/wordpress\/wp-content\/uploads\/2020\/12\/20201209WinterbergKreuzberg.jpg 1354w, https:\/\/www.schiebener.net\/wordpress\/wp-content\/uploads\/2020\/12\/20201209WinterbergKreuzberg-198x300.jpg 198w, https:\/\/www.schiebener.net\/wordpress\/wp-content\/uploads\/2020\/12\/20201209WinterbergKreuzberg-677x1024.jpg 677w, https:\/\/www.schiebener.net\/wordpress\/wp-content\/uploads\/2020\/12\/20201209WinterbergKreuzberg-768x1162.jpg 768w, https:\/\/www.schiebener.net\/wordpress\/wp-content\/uploads\/2020\/12\/20201209WinterbergKreuzberg-1016x1536.jpg 1016w\" sizes=\"auto, (max-width: 709px) 85vw, (max-width: 909px) 67vw, (max-width: 984px) 61vw, (max-width: 1362px) 45vw, 600px\" \/><\/a><figcaption id=\"caption-attachment-47876\" class=\"wp-caption-text\">Der Funkturm auf dem Kreuzberg in Winterberg<\/figcaption><\/figure>\n<p><strong>Ich verrate jetzt, was ich im kommenden Lockdown anders mache als in den vorangegangenen Wochen und Monaten: Nichts.<\/strong><\/p>\n<p>Nach wie vor geh\u00f6re ich zu den &#8222;Drosten-Ultras&#8220; (Vorsicht, grobschl\u00e4chtige Ironie!), f\u00fchre ein sozial verarmtes Leben und treffe auf meinen Spazierg\u00e4ngen meist Fichten, lebendig (gr\u00fcn) oder tot (braun).<\/p>\n<p>Trotz aller Unkenrufe in den Lebensberatungsspalten funktioniert unser Familienleben weiterhin gut. Klar, ich vermisse Caf\u00e9s, Gro\u00dfst\u00e4dte, Reisen, Restaurants, Musseen, Theater, Konzerte, Freunde und das Schwimmbad. Klar, ich \u00e4rgere mich \u00fcber die Politiker*innen, die den Menschen Lockerungen \u00fcber die Weihnachtsfeiertage versprochen hatten, wenn sie nur ihren sogenannten &#8222;Lockdown Light&#8220; mitmachten. Klar, die Kultusminister*innen habe es verstanden, den F\u00f6deralismus ins L\u00e4cherliche zu ziehen.<\/p>\n<p>Der faschistoide Charakter der sogenannten &#8222;Querdenker-Bewegung&#8220; zeigt erschreckend, wie viel Dummheit und Hass in Deutschland wieder m\u00f6glich sind. Wir brauchen gar nicht mit dem Finger auf Trump zu zeigen und uns \u00fcber &#8222;die USA&#8220; lustig zu machen.<\/p>\n<p>Ich leide unter Covid-19-Lockdown-Erm\u00fcdung und muss doch noch ein paar Monate durchhalten und alles daf\u00fcr tun, aber auch hoffen, dass das Virus mich nicht erwischt. Wie viel Gl\u00fccksspiel ist dabei? Risiko-Gruppe, kein gutes Gef\u00fchl.<\/p>\n<p>Derweil lege ich Scheiben aus der Studentenzeit auf, Brandenburgische Konzerte, Tago Mago kunterbunt durcheinander. Wer hat eigentlich die Unterscheidung zwischen E- und U-Musik erfunden?<\/p>\n<p>In Amos Oz Autobiografie und Familiengeschichte, A Tale of Love and Darkness, lerne ich einiges \u00fcber die Kultur und (Vor-)Geschichte Israels, j\u00fcdische Geschichte, Shoa, Holocaust. Es hat gedauert, bis ich mich hineingelesen hatte. Viele Namen, Familienmitglieder, Generationen, L\u00e4nder und Kulturen, aber mit der Gr\u00fcndung des Staates Israel hat es mich jetzt auch emotional gepackt. Amos Oz&#8216; Buch &#8211; eines der Freunde, die jahrelang geduldig auf dich im B\u00fccherregal warten, bis ihr Augenblick gekommen ist. Habt ihr auch solche B\u00fccher?<\/p>\n<p>&#8222;Aumgn&#8220; singt Kenji &#8218;Damo&#8216; Suzuki auf der dritten Seite der Doppel-LP. Das Schlagzeug-Solo setzt ein. Ich bin dann mal weg.<\/p>\n","protected":false},"excerpt":{"rendered":"<p>Ich verrate jetzt, was ich im kommenden Lockdown anders mache als in den vorangegangenen Wochen und Monaten: Nichts. Nach wie vor geh\u00f6re ich zu den &#8222;Drosten-Ultras&#8220; (Vorsicht, grobschl\u00e4chtige Ironie!), f\u00fchre &hellip; <a href=\"https:\/\/www.schiebener.net\/wordpress\/pausenbild-funkturm-covid-19-brandenburgische-konzerte-tago-mago-und-amos-oz-und-was-macht-ihr-so-im-lockdown\/\" class=\"more-link\"><span class=\"screen-reader-text\">\u201ePausenbild: Funkturm, Covid-19, Brandenburgische Konzerte, Tago Mago und Amos Oz &#8211; und was macht ihr so im Lockdown?\u201c <\/span>weiterlesen<\/a><\/p>\n","protected":false},"author":3,"featured_media":0,"comment_status":"open","ping_status":"open","sticky":false,"template":"","format":"standard","meta":{"footnotes":""},"categories":[218,174,319,7088,27,7507,8669,6314,49],"tags":[8764,8765,6939,8580],"class_list":["post-47875","post","type-post","status-publish","format-standard","hentry","category-bucher","category-dit-und-dat","category-geschichte","category-gesundheit","category-musik","category-nationalsozialismus","category-rassismus","category-rechtsextremismus","category-religion","tag-amos-oz","tag-bach","tag-can","tag-covid-19"],"_links":{"self":[{"href":"https:\/\/www.schiebener.net\/wordpress\/wp-json\/wp\/v2\/posts\/47875","targetHints":{"allow":["GET"]}}],"collection":[{"href":"https:\/\/www.schiebener.net\/wordpress\/wp-json\/wp\/v2\/posts"}],"about":[{"href":"https:\/\/www.schiebener.net\/wordpress\/wp-json\/wp\/v2\/types\/post"}],"author":[{"embeddable":true,"href":"https:\/\/www.schiebener.net\/wordpress\/wp-json\/wp\/v2\/users\/3"}],"replies":[{"embeddable":true,"href":"https:\/\/www.schiebener.net\/wordpress\/wp-json\/wp\/v2\/comments?post=47875"}],"version-history":[{"count":0,"href":"https:\/\/www.schiebener.net\/wordpress\/wp-json\/wp\/v2\/posts\/47875\/revisions"}],"wp:attachment":[{"href":"https:\/\/www.schiebener.net\/wordpress\/wp-json\/wp\/v2\/media?parent=47875"}],"wp:term":[{"taxonomy":"category","embeddable":true,"href":"https:\/\/www.schiebener.net\/wordpress\/wp-json\/wp\/v2\/categories?post=47875"},{"taxonomy":"post_tag","embeddable":true,"href":"https:\/\/www.schiebener.net\/wordpress\/wp-json\/wp\/v2\/tags?post=47875"}],"curies":[{"name":"wp","href":"https:\/\/api.w.org\/{rel}","templated":true}]}}