{"id":47786,"date":"2020-11-20T14:44:17","date_gmt":"2020-11-20T13:44:17","guid":{"rendered":"https:\/\/www.schiebener.net\/wordpress\/?p=47786"},"modified":"2020-11-20T14:45:20","modified_gmt":"2020-11-20T13:45:20","slug":"neustart-des-werkkreis-kultur-meschede-weiterhin-vertagt","status":"publish","type":"post","link":"https:\/\/www.schiebener.net\/wordpress\/neustart-des-werkkreis-kultur-meschede-weiterhin-vertagt\/","title":{"rendered":"Neustart des Werkkreis Kultur Meschede vertagt"},"content":{"rendered":"<figure id=\"attachment_47787\" aria-describedby=\"caption-attachment-47787\" style=\"width: 600px\" class=\"wp-caption aligncenter\"><img loading=\"lazy\" decoding=\"async\" class=\"wp-image-47787\" src=\"https:\/\/www.schiebener.net\/wordpress\/wp-content\/uploads\/2020\/11\/Plakat.jpg\" alt=\"\" width=\"600\" height=\"832\" srcset=\"https:\/\/www.schiebener.net\/wordpress\/wp-content\/uploads\/2020\/11\/Plakat.jpg 700w, https:\/\/www.schiebener.net\/wordpress\/wp-content\/uploads\/2020\/11\/Plakat-216x300.jpg 216w\" sizes=\"auto, (max-width: 709px) 85vw, (max-width: 909px) 67vw, (max-width: 984px) 61vw, (max-width: 1362px) 45vw, 600px\" \/><figcaption id=\"caption-attachment-47787\" class=\"wp-caption-text\">Verschoben: keine Springmaus am 16. Januar 2021 (Plakat)<\/figcaption><\/figure>\n<p><strong>Meschede. Genauso wie Kultur Pur aus Bestwig muss auch der WERKKREIS KULTUR MESCHEDE, aufgrund der Corona-Inzidenz-Zahlen\u00a0und der mutma\u00dflichen Entwicklung mit Verabschiedung des Infektionsschutzgesetzes sowie seiner\u00a0Folgeentwicklungen\u00a0im Blick auf weitere Einschr\u00e4nkungen, alle weiteren geplanten Kulturveranstaltungen verschieben.<\/strong><\/p>\n<p><em>(Pressemitteilung des Werkkreis Kultur Meschede)<\/em><\/p>\n<p>Dies betrifft als n\u00e4chstes leider auch die Traditionsveranstaltung des Improvisitationstheaters der Springmaus f\u00fcr den 16.01.2021 in der Stadthalle Meschede. Das Programm \u201eTotal Kollegial\u201c wird am Samstag, 14. Januar 2023 nachgeholt. Da alle Auftritte des Bonner Theaters gecancelt wurden, gibt es Engp\u00e4sse in der weiteren Planung. Um lokale Termin\u00fcberschneidungen zu vermeiden, musste eine weitere zweij\u00e4hrige Wartezeit auf die beliebte Comedy-Veranstaltung eingebaut werden.<\/p>\n<p>F\u00fcr das ausgefallene Folkkonzert mit \u201eSACKVILLE STREET\u201c gibt es schon einen Ersatztermin: Sonntag, 13.06.2021 Stadthalle Meschede. Bereits gekaufte Karten behalten ihre G\u00fcltigkeit.<\/p>\n<figure id=\"attachment_47788\" aria-describedby=\"caption-attachment-47788\" style=\"width: 700px\" class=\"wp-caption aligncenter\"><img loading=\"lazy\" decoding=\"async\" class=\"wp-image-47788\" src=\"https:\/\/www.schiebener.net\/wordpress\/wp-content\/uploads\/2020\/11\/Sackville-scaled.jpg\" alt=\"\" width=\"700\" height=\"551\" srcset=\"https:\/\/www.schiebener.net\/wordpress\/wp-content\/uploads\/2020\/11\/Sackville-scaled.jpg 2560w, https:\/\/www.schiebener.net\/wordpress\/wp-content\/uploads\/2020\/11\/Sackville-300x236.jpg 300w, https:\/\/www.schiebener.net\/wordpress\/wp-content\/uploads\/2020\/11\/Sackville-1024x806.jpg 1024w, https:\/\/www.schiebener.net\/wordpress\/wp-content\/uploads\/2020\/11\/Sackville-768x604.jpg 768w, https:\/\/www.schiebener.net\/wordpress\/wp-content\/uploads\/2020\/11\/Sackville-1536x1208.jpg 1536w, https:\/\/www.schiebener.net\/wordpress\/wp-content\/uploads\/2020\/11\/Sackville-2048x1611.jpg 2048w\" sizes=\"auto, (max-width: 709px) 85vw, (max-width: 909px) 67vw, (max-width: 984px) 61vw, (max-width: 1362px) 45vw, 600px\" \/><figcaption id=\"caption-attachment-47788\" class=\"wp-caption-text\">SACKVILLE STREET\u201c &#8211; Ersatztermin: Sonntag, 13.06.2021 Stadthalle Meschede<\/figcaption><\/figure>\n<p>Das Verlegungskonzert mit Konstantin Wecker\u00a0 am 04.03.2021 in der Stadthalle ist unter den gegebenen Besucherbeschr\u00e4nkungen der Corona-Pandemie schon ausverkauft. Auch hier kann es noch eine zweite Auftrittsverschiebung geben, damit m\u00f6glichst alle in den Genuss kommen k\u00f6nnen, Konstantin Wecker erstmalig in Meschede live zu erleben.<\/p>\n<figure id=\"attachment_47789\" aria-describedby=\"caption-attachment-47789\" style=\"width: 700px\" class=\"wp-caption aligncenter\"><img loading=\"lazy\" decoding=\"async\" class=\"wp-image-47789\" src=\"https:\/\/www.schiebener.net\/wordpress\/wp-content\/uploads\/2020\/11\/KWbyThomasKarsten.jpg\" alt=\"\" width=\"700\" height=\"366\" srcset=\"https:\/\/www.schiebener.net\/wordpress\/wp-content\/uploads\/2020\/11\/KWbyThomasKarsten.jpg 1530w, https:\/\/www.schiebener.net\/wordpress\/wp-content\/uploads\/2020\/11\/KWbyThomasKarsten-300x157.jpg 300w, https:\/\/www.schiebener.net\/wordpress\/wp-content\/uploads\/2020\/11\/KWbyThomasKarsten-1024x535.jpg 1024w, https:\/\/www.schiebener.net\/wordpress\/wp-content\/uploads\/2020\/11\/KWbyThomasKarsten-768x402.jpg 768w\" sizes=\"auto, (max-width: 709px) 85vw, (max-width: 909px) 67vw, (max-width: 984px) 61vw, (max-width: 1362px) 45vw, 600px\" \/><figcaption id=\"caption-attachment-47789\" class=\"wp-caption-text\">Verlegungskonzert mit Konstantin Wecker\u00a0 am 04.03.2021 in der Stadthalle. M\u00f6glicherweise Verschiebung. (Foto: Thomas Carsten)<\/figcaption><\/figure>\n<p>Hoffen wir alle schnell auf einen Impfstoff, damit der Kulturbetrieb schnell wieder ans Laufen kommt.<\/p>\n","protected":false},"excerpt":{"rendered":"<p>Meschede. Genauso wie Kultur Pur aus Bestwig muss auch der WERKKREIS KULTUR MESCHEDE, aufgrund der Corona-Inzidenz-Zahlen\u00a0und der mutma\u00dflichen Entwicklung mit Verabschiedung des Infektionsschutzgesetzes sowie seiner\u00a0Folgeentwicklungen\u00a0im Blick auf weitere Einschr\u00e4nkungen, alle &hellip; <a href=\"https:\/\/www.schiebener.net\/wordpress\/neustart-des-werkkreis-kultur-meschede-weiterhin-vertagt\/\" class=\"more-link\"><span class=\"screen-reader-text\">\u201eNeustart des Werkkreis Kultur Meschede vertagt\u201c <\/span>weiterlesen<\/a><\/p>\n","protected":false},"author":17,"featured_media":0,"comment_status":"open","ping_status":"open","sticky":false,"template":"","format":"standard","meta":{"footnotes":""},"categories":[303,674,80,27,1043],"tags":[1339,264,655,7012],"class_list":["post-47786","post","type-post","status-publish","format-standard","hentry","category-in-unserem-briefkasten","category-kultur","category-lokales","category-musik","category-pressemitteilungen","tag-konstantin-wecker","tag-meschede","tag-pressemitteilung","tag-werkkreis-kultur-meschede"],"_links":{"self":[{"href":"https:\/\/www.schiebener.net\/wordpress\/wp-json\/wp\/v2\/posts\/47786","targetHints":{"allow":["GET"]}}],"collection":[{"href":"https:\/\/www.schiebener.net\/wordpress\/wp-json\/wp\/v2\/posts"}],"about":[{"href":"https:\/\/www.schiebener.net\/wordpress\/wp-json\/wp\/v2\/types\/post"}],"author":[{"embeddable":true,"href":"https:\/\/www.schiebener.net\/wordpress\/wp-json\/wp\/v2\/users\/17"}],"replies":[{"embeddable":true,"href":"https:\/\/www.schiebener.net\/wordpress\/wp-json\/wp\/v2\/comments?post=47786"}],"version-history":[{"count":0,"href":"https:\/\/www.schiebener.net\/wordpress\/wp-json\/wp\/v2\/posts\/47786\/revisions"}],"wp:attachment":[{"href":"https:\/\/www.schiebener.net\/wordpress\/wp-json\/wp\/v2\/media?parent=47786"}],"wp:term":[{"taxonomy":"category","embeddable":true,"href":"https:\/\/www.schiebener.net\/wordpress\/wp-json\/wp\/v2\/categories?post=47786"},{"taxonomy":"post_tag","embeddable":true,"href":"https:\/\/www.schiebener.net\/wordpress\/wp-json\/wp\/v2\/tags?post=47786"}],"curies":[{"name":"wp","href":"https:\/\/api.w.org\/{rel}","templated":true}]}}