{"id":47692,"date":"2020-11-09T13:51:49","date_gmt":"2020-11-09T12:51:49","guid":{"rendered":"https:\/\/www.schiebener.net\/wordpress\/?p=47692"},"modified":"2025-11-10T09:06:45","modified_gmt":"2025-11-10T08:06:45","slug":"anlaesslich-der-reichspogromnacht-am-9-november-1938-drei-haeuser-drei-tafeln-in-winterberg-geschichte-vergeht-nicht","status":"publish","type":"post","link":"https:\/\/www.schiebener.net\/wordpress\/anlaesslich-der-reichspogromnacht-am-9-november-1938-drei-haeuser-drei-tafeln-in-winterberg-geschichte-vergeht-nicht\/","title":{"rendered":"Anl\u00e4\u00dflich der Pogrome am 9. November 1938: Drei H\u00e4user, drei Tafeln in Winterberg &#8211; Geschichte vergeht nicht."},"content":{"rendered":"<div class=\"wp-block-image\">\n<figure class=\"aligncenter\"><a href=\"https:\/\/www.schiebener.net\/wordpress\/wp-content\/uploads\/2020\/11\/20200902HausItzigesWinterberg.jpg\" rel=\"noopener noreferrer\"><img loading=\"lazy\" decoding=\"async\" width=\"2048\" height=\"1330\" src=\"https:\/\/www.schiebener.net\/wordpress\/wp-content\/uploads\/2020\/11\/20200902HausItzigesWinterberg.jpg\" alt=\"\" class=\"wp-image-47693\" srcset=\"https:\/\/www.schiebener.net\/wordpress\/wp-content\/uploads\/2020\/11\/20200902HausItzigesWinterberg.jpg 2048w, https:\/\/www.schiebener.net\/wordpress\/wp-content\/uploads\/2020\/11\/20200902HausItzigesWinterberg-300x195.jpg 300w, https:\/\/www.schiebener.net\/wordpress\/wp-content\/uploads\/2020\/11\/20200902HausItzigesWinterberg-1024x665.jpg 1024w, https:\/\/www.schiebener.net\/wordpress\/wp-content\/uploads\/2020\/11\/20200902HausItzigesWinterberg-768x499.jpg 768w, https:\/\/www.schiebener.net\/wordpress\/wp-content\/uploads\/2020\/11\/20200902HausItzigesWinterberg-1536x998.jpg 1536w\" sizes=\"auto, (max-width: 709px) 85vw, (max-width: 909px) 67vw, (max-width: 1362px) 62vw, 840px\" \/><\/a><figcaption class=\"wp-element-caption\">Ehemals j\u00fcdischer Besitz, das Haus Itziges in der Hauptstra\u00dfe (alle fotos: zoom)<\/figcaption><\/figure>\n<\/div>\n\n\n<p><strong>&#8222;Die Novemberpogrome 1938 steigerten den staatlichen Antisemitismus zur Existenzbedrohung f\u00fcr die Juden im ganzen Deutschen Reich.<\/strong><\/p>\n\n\n\n<p>Entgegen der NS-Propaganda waren sie keine Reaktion des \u201espontanen Volkszorns\u201c auf die Ermordung eines deutschen Diplomaten durch einen Juden. Sie sollten vielmehr die seit Fr\u00fchjahr 1938 begonnene gesetzliche \u201eArisierung\u201c, also die Zwangsenteignung j\u00fcdischen Besitzes und j\u00fcdischer Unternehmen planm\u00e4\u00dfig beschleunigen, mit der auch die deutsche Aufr\u00fcstung finanziert werden sollte. Der Zeitpunkt der Pogrome hing eng mit Hitlers Kriegskurs zusammen.&#8220; (<a href=\"https:\/\/de.wikipedia.org\/wiki\/Novemberpogrome_1938\" target=\"_blank\" rel=\"noopener noreferrer\">Wikipedia<\/a>)<\/p>\n\n\n\n<p><strong>Update:<\/strong> Wie es der Zufall will, lese ich gerade heute Abend den dritten Teil des Buchs <a href=\"https:\/\/www.schiebener.net\/wordpress\/winterberg-schneeflocken-greifen-portraets-einer-kindheit-im-hotel-hochsauerland-1933-bis-1968\/\" target=\"_blank\" rel=\"noopener noreferrer\">&#8222;schneeflocken greifen&#8220; von Barbara Kreissl<\/a>. &#8222;Sara unf Israel&#8220; hei\u00dft der Abschnitt und befasst sich mit der Geschichte der j\u00fcdischen Bev\u00f6lkerung Winterbergs. Als Appetith\u00e4ppchen die ersten Seiten 103 bis 109 in gut acht Minuten vorgelesen:<\/p>\n\n\n\n<!--more-->\n\n\n\n<figure class=\"wp-block-audio\"><audio controls src=\"https:\/\/www.schiebener.net\/wordpress\/wp-content\/uploads\/2020\/11\/201109-194905.mp3\"><\/audio><\/figure>\n\n\n\n<p>Das Buch ist im Selbstverlag mit der ISBN 987-3-00-060295-5 in Reutlingen erschienen. Die Autorin ist laut Impressum unter barbara.kreissl@email.de zu erreichen.<\/p>\n\n\n\n<p>Zu Barbara Kreissl und ihrem Buch siehe auch <a href=\"https:\/\/www.schiebener.net\/wordpress\/winterberg-schneeflocken-greifen-portraets-einer-kindheit-im-hotel-hochsauerland-1933-bis-1968\/\" target=\"_blank\" rel=\"noopener noreferrer\">hier im Blog.<\/a><\/p>\n\n\n<div class=\"wp-block-image\">\n<figure class=\"aligncenter\"><a href=\"https:\/\/www.schiebener.net\/wordpress\/wp-content\/uploads\/2020\/11\/2020090101HausItzigesWinterberg.jpg\" rel=\"noopener noreferrer\"><img loading=\"lazy\" decoding=\"async\" width=\"1366\" height=\"2048\" src=\"https:\/\/www.schiebener.net\/wordpress\/wp-content\/uploads\/2020\/11\/2020090101HausItzigesWinterberg.jpg\" alt=\"\" class=\"wp-image-47694\" srcset=\"https:\/\/www.schiebener.net\/wordpress\/wp-content\/uploads\/2020\/11\/2020090101HausItzigesWinterberg.jpg 1366w, https:\/\/www.schiebener.net\/wordpress\/wp-content\/uploads\/2020\/11\/2020090101HausItzigesWinterberg-200x300.jpg 200w, https:\/\/www.schiebener.net\/wordpress\/wp-content\/uploads\/2020\/11\/2020090101HausItzigesWinterberg-683x1024.jpg 683w, https:\/\/www.schiebener.net\/wordpress\/wp-content\/uploads\/2020\/11\/2020090101HausItzigesWinterberg-768x1151.jpg 768w, https:\/\/www.schiebener.net\/wordpress\/wp-content\/uploads\/2020\/11\/2020090101HausItzigesWinterberg-1025x1536.jpg 1025w\" sizes=\"auto, (max-width: 709px) 85vw, (max-width: 909px) 67vw, (max-width: 1362px) 62vw, 840px\" \/><\/a><figcaption class=\"wp-element-caption\">Details zum Haus Itziges<\/figcaption><\/figure>\n<\/div>\n\n\n<p>Damit stellt sich unmittelbar die Frage nach den Verm\u00f6gens\u00fcberg\u00e4ngen auch in Winterberg. Das j\u00fcdische Verm\u00f6gen verschwand ja nicht einfach, es wechselte &#8222;nur&#8220; den Besitzer.<\/p>\n\n\n<div class=\"wp-block-image\">\n<figure class=\"aligncenter\"><a href=\"https:\/\/www.schiebener.net\/wordpress\/wp-content\/uploads\/2020\/11\/2020090103HausSalomonsWinterberg.jpg\" rel=\"noopener noreferrer\"><img loading=\"lazy\" decoding=\"async\" width=\"2048\" height=\"1330\" src=\"https:\/\/www.schiebener.net\/wordpress\/wp-content\/uploads\/2020\/11\/2020090103HausSalomonsWinterberg.jpg\" alt=\"\" class=\"wp-image-47695\" srcset=\"https:\/\/www.schiebener.net\/wordpress\/wp-content\/uploads\/2020\/11\/2020090103HausSalomonsWinterberg.jpg 2048w, https:\/\/www.schiebener.net\/wordpress\/wp-content\/uploads\/2020\/11\/2020090103HausSalomonsWinterberg-300x195.jpg 300w, https:\/\/www.schiebener.net\/wordpress\/wp-content\/uploads\/2020\/11\/2020090103HausSalomonsWinterberg-1024x665.jpg 1024w, https:\/\/www.schiebener.net\/wordpress\/wp-content\/uploads\/2020\/11\/2020090103HausSalomonsWinterberg-768x499.jpg 768w, https:\/\/www.schiebener.net\/wordpress\/wp-content\/uploads\/2020\/11\/2020090103HausSalomonsWinterberg-1536x998.jpg 1536w\" sizes=\"auto, (max-width: 709px) 85vw, (max-width: 909px) 67vw, (max-width: 1362px) 62vw, 840px\" \/><\/a><figcaption class=\"wp-element-caption\">Das Haus Salomons in der Hauptstra\u00dfe<\/figcaption><\/figure>\n<\/div>\n\n\n<p>Der letzte mir bekannte zusammenh\u00e4ngende Text zu den Juden in Winterberg ist 1992 in &#8222;De Fitterkiste&#8220; Nr. 4 erschienen. Der Medebacher Rechtsanwalt und Notar Nikolaus Sch\u00e4fer gibt dort auf Seite 81 bis 88 einen kurzen Abriss der&nbsp; Geschichte der &#8222;Juden in Winterberg&#8220;.<\/p>\n\n\n<div class=\"wp-block-image\">\n<figure class=\"aligncenter\"><a href=\"https:\/\/www.schiebener.net\/wordpress\/wp-content\/uploads\/2020\/11\/2020090101HausSalomonsWinterberg.jpg\" rel=\"noopener noreferrer\"><img loading=\"lazy\" decoding=\"async\" width=\"1329\" height=\"2048\" src=\"https:\/\/www.schiebener.net\/wordpress\/wp-content\/uploads\/2020\/11\/2020090101HausSalomonsWinterberg.jpg\" alt=\"\" class=\"wp-image-47696\" srcset=\"https:\/\/www.schiebener.net\/wordpress\/wp-content\/uploads\/2020\/11\/2020090101HausSalomonsWinterberg.jpg 1329w, https:\/\/www.schiebener.net\/wordpress\/wp-content\/uploads\/2020\/11\/2020090101HausSalomonsWinterberg-195x300.jpg 195w, https:\/\/www.schiebener.net\/wordpress\/wp-content\/uploads\/2020\/11\/2020090101HausSalomonsWinterberg-665x1024.jpg 665w, https:\/\/www.schiebener.net\/wordpress\/wp-content\/uploads\/2020\/11\/2020090101HausSalomonsWinterberg-768x1183.jpg 768w, https:\/\/www.schiebener.net\/wordpress\/wp-content\/uploads\/2020\/11\/2020090101HausSalomonsWinterberg-997x1536.jpg 997w\" sizes=\"auto, (max-width: 709px) 85vw, (max-width: 909px) 67vw, (max-width: 1362px) 62vw, 840px\" \/><\/a><figcaption class=\"wp-element-caption\">Details zum Haus Salomons<\/figcaption><\/figure>\n<\/div>\n\n\n<p>Vor einigen Monaten hat Gisela Quick gemeinsam mit dem Stadtmarketingverein die drei Tafeln an den ehemaligen j\u00fcdischen H\u00e4usern enth\u00fcllt. Ein ausf\u00fchrlicher Bericht dazu wurde am 28. August 2020 in der Westfalenpost ver\u00f6ffentlicht.<\/p>\n\n\n<div class=\"wp-block-image\">\n<figure class=\"aligncenter\"><a href=\"https:\/\/www.schiebener.net\/wordpress\/wp-content\/uploads\/2020\/11\/2020090101HausDavidWinterberg.jpg\" rel=\"noopener noreferrer\"><img loading=\"lazy\" decoding=\"async\" width=\"1366\" height=\"2048\" src=\"https:\/\/www.schiebener.net\/wordpress\/wp-content\/uploads\/2020\/11\/2020090101HausDavidWinterberg.jpg\" alt=\"\" class=\"wp-image-47697\" srcset=\"https:\/\/www.schiebener.net\/wordpress\/wp-content\/uploads\/2020\/11\/2020090101HausDavidWinterberg.jpg 1366w, https:\/\/www.schiebener.net\/wordpress\/wp-content\/uploads\/2020\/11\/2020090101HausDavidWinterberg-200x300.jpg 200w, https:\/\/www.schiebener.net\/wordpress\/wp-content\/uploads\/2020\/11\/2020090101HausDavidWinterberg-683x1024.jpg 683w, https:\/\/www.schiebener.net\/wordpress\/wp-content\/uploads\/2020\/11\/2020090101HausDavidWinterberg-768x1151.jpg 768w, https:\/\/www.schiebener.net\/wordpress\/wp-content\/uploads\/2020\/11\/2020090101HausDavidWinterberg-1025x1536.jpg 1025w\" sizes=\"auto, (max-width: 709px) 85vw, (max-width: 909px) 67vw, (max-width: 1362px) 62vw, 840px\" \/><\/a><figcaption class=\"wp-element-caption\">Haus Davids in der Marktstra\u00dfe<\/figcaption><\/figure>\n<\/div>\n\n\n<p>Stolpersteine gibt es in Winterberg nicht. Der ehemalige B\u00fcrgermeister der Stadt hat sie mit dem Hinweis auf Charlotte Knobloch in M\u00fcnchen auch f\u00fcr Winterberg abgelehnt.<\/p>\n\n\n\n<p>Wenn es mir irgenwann die Zeit erlaubt, das kann noch ein paar Wochen oder Monate dauern, werde ich mich dem Thema ausf\u00fchrlicher widmen.<\/p>\n\n\n\n<p>Heute wollte ich den 9. November nicht kommentarlos verstreichen lassen.<\/p>\n","protected":false},"excerpt":{"rendered":"<p>&#8222;Die Novemberpogrome 1938 steigerten den staatlichen Antisemitismus zur Existenzbedrohung f\u00fcr die Juden im ganzen Deutschen Reich. Entgegen der NS-Propaganda waren sie keine Reaktion des \u201espontanen Volkszorns\u201c auf die Ermordung eines &hellip; <a href=\"https:\/\/www.schiebener.net\/wordpress\/anlaesslich-der-reichspogromnacht-am-9-november-1938-drei-haeuser-drei-tafeln-in-winterberg-geschichte-vergeht-nicht\/\" class=\"more-link\"><span class=\"screen-reader-text\">\u201eAnl\u00e4\u00dflich der Pogrome am 9. November 1938: Drei H\u00e4user, drei Tafeln in Winterberg &#8211; Geschichte vergeht nicht.\u201c <\/span>weiterlesen<\/a><\/p>\n","protected":false},"author":3,"featured_media":0,"comment_status":"open","ping_status":"open","sticky":false,"template":"","format":"standard","meta":{"footnotes":""},"categories":[319,6,80],"tags":[362,9340,1823,4032,322,5636],"class_list":["post-47692","post","type-post","status-publish","format-standard","hentry","category-geschichte","category-kalenderblatt","category-lokales","tag-antisemitismus","tag-gedenktafeln","tag-juden","tag-novemberpogrome","tag-winterberg","tag-winterberger-juden"],"_links":{"self":[{"href":"https:\/\/www.schiebener.net\/wordpress\/wp-json\/wp\/v2\/posts\/47692","targetHints":{"allow":["GET"]}}],"collection":[{"href":"https:\/\/www.schiebener.net\/wordpress\/wp-json\/wp\/v2\/posts"}],"about":[{"href":"https:\/\/www.schiebener.net\/wordpress\/wp-json\/wp\/v2\/types\/post"}],"author":[{"embeddable":true,"href":"https:\/\/www.schiebener.net\/wordpress\/wp-json\/wp\/v2\/users\/3"}],"replies":[{"embeddable":true,"href":"https:\/\/www.schiebener.net\/wordpress\/wp-json\/wp\/v2\/comments?post=47692"}],"version-history":[{"count":0,"href":"https:\/\/www.schiebener.net\/wordpress\/wp-json\/wp\/v2\/posts\/47692\/revisions"}],"wp:attachment":[{"href":"https:\/\/www.schiebener.net\/wordpress\/wp-json\/wp\/v2\/media?parent=47692"}],"wp:term":[{"taxonomy":"category","embeddable":true,"href":"https:\/\/www.schiebener.net\/wordpress\/wp-json\/wp\/v2\/categories?post=47692"},{"taxonomy":"post_tag","embeddable":true,"href":"https:\/\/www.schiebener.net\/wordpress\/wp-json\/wp\/v2\/tags?post=47692"}],"curies":[{"name":"wp","href":"https:\/\/api.w.org\/{rel}","templated":true}]}}