{"id":47661,"date":"2020-11-06T22:29:33","date_gmt":"2020-11-06T21:29:33","guid":{"rendered":"https:\/\/www.schiebener.net\/wordpress\/?p=47661"},"modified":"2020-11-06T22:32:04","modified_gmt":"2020-11-06T21:32:04","slug":"stimmungslage-licht-in-den-auen","status":"publish","type":"post","link":"https:\/\/www.schiebener.net\/wordpress\/stimmungslage-licht-in-den-auen\/","title":{"rendered":"Stimmungslage: Licht in den Auen"},"content":{"rendered":"<figure id=\"attachment_47662\" aria-describedby=\"caption-attachment-47662\" style=\"width: 700px\" class=\"wp-caption aligncenter\"><a href=\"https:\/\/www.schiebener.net\/wordpress\/wp-content\/uploads\/2020\/11\/20201104Ederaue.jpg\" target=\"_blank\" rel=\"noopener noreferrer\"><img loading=\"lazy\" decoding=\"async\" class=\"wp-image-47662\" src=\"https:\/\/www.schiebener.net\/wordpress\/wp-content\/uploads\/2020\/11\/20201104Ederaue.jpg\" alt=\"\" width=\"700\" height=\"467\" srcset=\"https:\/\/www.schiebener.net\/wordpress\/wp-content\/uploads\/2020\/11\/20201104Ederaue.jpg 2048w, https:\/\/www.schiebener.net\/wordpress\/wp-content\/uploads\/2020\/11\/20201104Ederaue-300x200.jpg 300w, https:\/\/www.schiebener.net\/wordpress\/wp-content\/uploads\/2020\/11\/20201104Ederaue-1024x683.jpg 1024w, https:\/\/www.schiebener.net\/wordpress\/wp-content\/uploads\/2020\/11\/20201104Ederaue-768x512.jpg 768w, https:\/\/www.schiebener.net\/wordpress\/wp-content\/uploads\/2020\/11\/20201104Ederaue-1536x1024.jpg 1536w\" sizes=\"auto, (max-width: 709px) 85vw, (max-width: 909px) 67vw, (max-width: 984px) 61vw, (max-width: 1362px) 45vw, 600px\" \/><\/a><figcaption id=\"caption-attachment-47662\" class=\"wp-caption-text\">Allendorf\/Battenfeld Eder: Die Sonne hat die tr\u00fcbe Stimmung durchbrochen.<\/figcaption><\/figure>\n<p><strong>Nach reichlich Tr\u00fcbsinn, zeigt sich die Sonne seit ein paar Tagen auch im Hochsauerland und wie oben im Bild an der Eder in Nordhessen. <\/strong><\/p>\n<p>Die Ederauen sind eine Landschaft f\u00fcr jede Stimmung, von der Depression im Nebel bis zur gelassenen Heiterkeit am lichten Ufer des gem\u00e4chlich dahinstr\u00f6menden Flusses.<\/p>\n<p>Wichtig in Zeiten der Pandemie: Hier ist es leicht, den Mitmenschen auszuweichen. Ansteckungsgefahr sehr niedrig.<\/p>\n<p>&nbsp;<\/p>\n","protected":false},"excerpt":{"rendered":"<p>Nach reichlich Tr\u00fcbsinn, zeigt sich die Sonne seit ein paar Tagen auch im Hochsauerland und wie oben im Bild an der Eder in Nordhessen. Die Ederauen sind eine Landschaft f\u00fcr &hellip; <a href=\"https:\/\/www.schiebener.net\/wordpress\/stimmungslage-licht-in-den-auen\/\" class=\"more-link\"><span class=\"screen-reader-text\">\u201eStimmungslage: Licht in den Auen\u201c <\/span>weiterlesen<\/a><\/p>\n","protected":false},"author":3,"featured_media":0,"comment_status":"open","ping_status":"open","sticky":false,"template":"","format":"standard","meta":{"footnotes":""},"categories":[174,7088,4761,648],"tags":[8748,8580,1770,8749],"class_list":["post-47661","post","type-post","status-publish","format-standard","hentry","category-dit-und-dat","category-gesundheit","category-soziales","category-was-tun-gegen-langweile","tag-corona","tag-covid-19","tag-eder","tag-spaziergaenge"],"_links":{"self":[{"href":"https:\/\/www.schiebener.net\/wordpress\/wp-json\/wp\/v2\/posts\/47661","targetHints":{"allow":["GET"]}}],"collection":[{"href":"https:\/\/www.schiebener.net\/wordpress\/wp-json\/wp\/v2\/posts"}],"about":[{"href":"https:\/\/www.schiebener.net\/wordpress\/wp-json\/wp\/v2\/types\/post"}],"author":[{"embeddable":true,"href":"https:\/\/www.schiebener.net\/wordpress\/wp-json\/wp\/v2\/users\/3"}],"replies":[{"embeddable":true,"href":"https:\/\/www.schiebener.net\/wordpress\/wp-json\/wp\/v2\/comments?post=47661"}],"version-history":[{"count":0,"href":"https:\/\/www.schiebener.net\/wordpress\/wp-json\/wp\/v2\/posts\/47661\/revisions"}],"wp:attachment":[{"href":"https:\/\/www.schiebener.net\/wordpress\/wp-json\/wp\/v2\/media?parent=47661"}],"wp:term":[{"taxonomy":"category","embeddable":true,"href":"https:\/\/www.schiebener.net\/wordpress\/wp-json\/wp\/v2\/categories?post=47661"},{"taxonomy":"post_tag","embeddable":true,"href":"https:\/\/www.schiebener.net\/wordpress\/wp-json\/wp\/v2\/tags?post=47661"}],"curies":[{"name":"wp","href":"https:\/\/api.w.org\/{rel}","templated":true}]}}