{"id":47656,"date":"2020-11-06T21:28:05","date_gmt":"2020-11-06T20:28:05","guid":{"rendered":"https:\/\/www.schiebener.net\/wordpress\/?p=47656"},"modified":"2020-11-06T21:37:31","modified_gmt":"2020-11-06T20:37:31","slug":"buendnis-von-gew-nrw-elternverbaenden-und-schulleitungsvereinigung-fordert-die-einberufung-eines-schulpolitischen-gipfeltreffens-in-nrw","status":"publish","type":"post","link":"https:\/\/www.schiebener.net\/wordpress\/buendnis-von-gew-nrw-elternverbaenden-und-schulleitungsvereinigung-fordert-die-einberufung-eines-schulpolitischen-gipfeltreffens-in-nrw\/","title":{"rendered":"Corona an den Schulen: B\u00fcndnis von GEW, Elternverb\u00e4nden und Schulleitungsvereinigung fordert die Einberufung eines schulpolitischen Gipfeltreffens in NRW."},"content":{"rendered":"<p><img loading=\"lazy\" decoding=\"async\" class=\"aligncenter wp-image-47657\" src=\"https:\/\/www.schiebener.net\/wordpress\/wp-content\/uploads\/2020\/11\/GEW-NRW-Logo-Schriftzug-RGB.jpg\" alt=\"\" width=\"700\" height=\"315\" srcset=\"https:\/\/www.schiebener.net\/wordpress\/wp-content\/uploads\/2020\/11\/GEW-NRW-Logo-Schriftzug-RGB.jpg 2362w, https:\/\/www.schiebener.net\/wordpress\/wp-content\/uploads\/2020\/11\/GEW-NRW-Logo-Schriftzug-RGB-300x135.jpg 300w, https:\/\/www.schiebener.net\/wordpress\/wp-content\/uploads\/2020\/11\/GEW-NRW-Logo-Schriftzug-RGB-1024x461.jpg 1024w, https:\/\/www.schiebener.net\/wordpress\/wp-content\/uploads\/2020\/11\/GEW-NRW-Logo-Schriftzug-RGB-768x346.jpg 768w, https:\/\/www.schiebener.net\/wordpress\/wp-content\/uploads\/2020\/11\/GEW-NRW-Logo-Schriftzug-RGB-1536x691.jpg 1536w, https:\/\/www.schiebener.net\/wordpress\/wp-content\/uploads\/2020\/11\/GEW-NRW-Logo-Schriftzug-RGB-2048x922.jpg 2048w\" sizes=\"auto, (max-width: 709px) 85vw, (max-width: 909px) 67vw, (max-width: 984px) 61vw, (max-width: 1362px) 45vw, 600px\" \/><strong>Ein B\u00fcndnis von Gewerkschaft Erziehung und Wissenschaft (GEW) NRW, Elternverb\u00e4nden und Schulleitungsvereinigung fordert in einem offenen Brief an Schulministerin Yvonne Gebauer, Gesundheitsminister Karl-Josef Laumann und die schulpolitischen Sprecher*innen der Landtagsfraktionen die Einberufung eines schulpolitischen Gipfeltreffens in NRW. <\/strong><\/p>\n<p><em>(<a href=\"https:\/\/www.gew-nrw.de\/presse\/pressemitteilungen-2020\/detail-pressemitteilungen-2020\/news\/breites-buendnis-fordert-krisengipfel-zur-schulpolitik.html\" target=\"_blank\" rel=\"noopener noreferrer\">Pressemitteilung GEW NRW<\/a>)<\/em><\/p>\n<p>Angesichts der schlechten Erfahrungen mit dem Krisenmanagement der Landesregierung ist nach Einsch\u00e4tzung der Unterzeichner, darunter GEW-Landesvorsitzende Maike Finnern, ein Neustart mit einer Aufarbeitung aller \u201eAspekte und Perspektiven der Krise\u201c erforderlich. Durch die Einbeziehung aller notwendigen Expertise soll, so ihre Erwartung, neues Vertrauen geschaffen werden.<\/p>\n<p>\u201eAlle Ma\u00dfnahmen m\u00fcssen erforderlich, geeignet und angemessen sein. Hierzu bedarf es eines professionell vorbereiteten \u201eGipfels\u201c, der gerne durch die Einrichtung von Arbeitsgruppen zu den einzelnen Themenfeldern in die Tiefe gehen kann: Entscheidungen auf Basis valider Fakten und ausgewogener Bewertungen mit Mut zum Klartext\u201c, mit diesen Worten appelliert das B\u00fcndnis an die politisch Verantwortlichen, nur so schaffe man eine gemeinsame Vision der Krisenbew\u00e4ltigung.<\/p>\n<p>Die Zusammenarbeit und Abstimmung aller an Schule Beteiligter h\u00e4tten die betroffenen Verb\u00e4nde seit Beginn der Pandemie gefordert, doch immer fehlten wesentliche Perspektiven bzw. Verantwortungsbereiche, mit der Folge, dass die Verantwortlichkeit f\u00fcr Unzul\u00e4nglichkeiten vor allen Dingen diejenigen getroffen habe, die gerade nicht anwesend gewesen seien.<\/p>\n<p>\u201eFolge ist nunmehr ein Krisenmanagement, das die unweigerlich aus diesem Umgang resultierende Kritik nach unserer Wahrnehmung immer weniger an sich herankommen l\u00e4sst. Das tut allen nicht gut und der Sache erst recht nicht\u201c, hei\u00dft es weiter w\u00f6rtlich.<\/p>\n<p>Nach den Vorstellungen des B\u00fcndnisses hat der schulpolitische Gipfel die Aufgabe, Antworten auf folgende Fragen zu finden: Fehlt uns eine Stufe in der Planung? Kleine Lerngruppen. Ist das wirklich nicht machbar, obwohl andere L\u00e4nder uns das vormachen? Gehen wir mit den Risikogruppen richtig um? Was l\u00e4uft gut und was l\u00e4uft schlecht bei der Digitalisierung und was m\u00fcssen wir ver\u00e4ndern? Welche Strukturen passen nicht mehr, um effizient Resultate zu erzielen?<\/p>\n<p>Die Antworten auf diese Fragen k\u00f6nnten, so die abschlie\u00dfende Erwartung der Verbandsvertreter in ihrem offenen Brief, \u201eeine Blaupause f\u00fcr die Erarbeitungen von Verbesserungen der Bildung zur \u201eWeltbesten Bildung\u201c in NRW in den zahlreichen anderen Problembereichen unserer Bildungsstrukturen werden.\u201c<\/p>\n","protected":false},"excerpt":{"rendered":"<p>Ein B\u00fcndnis von Gewerkschaft Erziehung und Wissenschaft (GEW) NRW, Elternverb\u00e4nden und Schulleitungsvereinigung fordert in einem offenen Brief an Schulministerin Yvonne Gebauer, Gesundheitsminister Karl-Josef Laumann und die schulpolitischen Sprecher*innen der Landtagsfraktionen &hellip; <a href=\"https:\/\/www.schiebener.net\/wordpress\/buendnis-von-gew-nrw-elternverbaenden-und-schulleitungsvereinigung-fordert-die-einberufung-eines-schulpolitischen-gipfeltreffens-in-nrw\/\" class=\"more-link\"><span class=\"screen-reader-text\">\u201eCorona an den Schulen: B\u00fcndnis von GEW, Elternverb\u00e4nden und Schulleitungsvereinigung fordert die Einberufung eines schulpolitischen Gipfeltreffens in NRW.\u201c <\/span>weiterlesen<\/a><\/p>\n","protected":false},"author":17,"featured_media":0,"comment_status":"open","ping_status":"open","sticky":false,"template":"","format":"standard","meta":{"footnotes":""},"categories":[3,7088,303,6413,1043],"tags":[8645,8670,655],"class_list":["post-47656","post","type-post","status-publish","format-standard","hentry","category-bildung-und-schule","category-gesundheit","category-in-unserem-briefkasten","category-nrw","category-pressemitteilungen","tag-corona-krise","tag-gew-nrw","tag-pressemitteilung"],"_links":{"self":[{"href":"https:\/\/www.schiebener.net\/wordpress\/wp-json\/wp\/v2\/posts\/47656","targetHints":{"allow":["GET"]}}],"collection":[{"href":"https:\/\/www.schiebener.net\/wordpress\/wp-json\/wp\/v2\/posts"}],"about":[{"href":"https:\/\/www.schiebener.net\/wordpress\/wp-json\/wp\/v2\/types\/post"}],"author":[{"embeddable":true,"href":"https:\/\/www.schiebener.net\/wordpress\/wp-json\/wp\/v2\/users\/17"}],"replies":[{"embeddable":true,"href":"https:\/\/www.schiebener.net\/wordpress\/wp-json\/wp\/v2\/comments?post=47656"}],"version-history":[{"count":0,"href":"https:\/\/www.schiebener.net\/wordpress\/wp-json\/wp\/v2\/posts\/47656\/revisions"}],"wp:attachment":[{"href":"https:\/\/www.schiebener.net\/wordpress\/wp-json\/wp\/v2\/media?parent=47656"}],"wp:term":[{"taxonomy":"category","embeddable":true,"href":"https:\/\/www.schiebener.net\/wordpress\/wp-json\/wp\/v2\/categories?post=47656"},{"taxonomy":"post_tag","embeddable":true,"href":"https:\/\/www.schiebener.net\/wordpress\/wp-json\/wp\/v2\/tags?post=47656"}],"curies":[{"name":"wp","href":"https:\/\/api.w.org\/{rel}","templated":true}]}}