{"id":4760,"date":"2009-09-16T22:58:30","date_gmt":"2009-09-16T20:58:30","guid":{"rendered":"http:\/\/www.schiebener.net\/wordpress\/?p=4760"},"modified":"2009-09-16T22:58:30","modified_gmt":"2009-09-16T20:58:30","slug":"heute-vor-36-jahren-victor-jara-ermordet","status":"publish","type":"post","link":"https:\/\/www.schiebener.net\/wordpress\/heute-vor-36-jahren-victor-jara-ermordet\/","title":{"rendered":"Heute vor 36 Jahren: Victor Jara ermordet"},"content":{"rendered":"<p><object width=\"425\" height=\"344\"><param name=\"movie\" value=\"http:\/\/www.youtube.com\/v\/en8yqVxuT-U&#038;hl=de&#038;fs=1&#038;rel=0\"><\/param><param name=\"allowFullScreen\" value=\"true\"><\/param><param name=\"allowscriptaccess\" value=\"always\"><\/param><embed src=\"http:\/\/www.youtube.com\/v\/en8yqVxuT-U&#038;hl=de&#038;fs=1&#038;rel=0\" type=\"application\/x-shockwave-flash\" allowscriptaccess=\"always\" allowfullscreen=\"true\" width=\"425\" height=\"344\"><\/embed><\/object><\/p>\n<p>Am 11. September 1973, w\u00e4hrend des Milit\u00e4rputsches gegen die Regierung Allende, wurde Victor Jara festgenommen und f\u00fcnf Tage lang, wie auch viele seiner Leidensgenossen, im Stadion von Santiago gefoltert. Seine Peiniger zerquetschten ihm die H\u00e4nde, damit er nicht mehr Gitarre spielen konnte. Ungebrochen, so wie er es in seinem Lied Manifest beschworen hatte, hob Victor Jara dennoch seine Stimme, um das Lied der Unidad Popular (Venceremos &#8211; &#8222;Wir werden siegen&#8220;) zu singen. Daraufhin wurde er zusammengeschlagen und get\u00f6tet &#8230; <a href=\"http:\/\/hpd.de\/node\/2726\" target=\"_blank\">alles lesen bei hpd<\/a><\/p>\n","protected":false},"excerpt":{"rendered":"<p>Am 11. September 1973, w\u00e4hrend des Milit\u00e4rputsches gegen die Regierung Allende, wurde Victor Jara festgenommen und f\u00fcnf Tage lang, wie auch viele seiner Leidensgenossen, im Stadion von Santiago gefoltert. Seine &hellip; <a href=\"https:\/\/www.schiebener.net\/wordpress\/heute-vor-36-jahren-victor-jara-ermordet\/\" class=\"more-link\"><span class=\"screen-reader-text\">\u201eHeute vor 36 Jahren: Victor Jara ermordet\u201c <\/span>weiterlesen<\/a><\/p>\n","protected":false},"author":3,"featured_media":0,"comment_status":"open","ping_status":"open","sticky":false,"template":"","format":"standard","meta":{"footnotes":""},"categories":[6,27,24],"tags":[108,792,107],"class_list":["post-4760","post","type-post","status-publish","format-standard","hentry","category-kalenderblatt","category-musik","category-politik","tag-chile","tag-militarputsch-1973","tag-victor-jara"],"_links":{"self":[{"href":"https:\/\/www.schiebener.net\/wordpress\/wp-json\/wp\/v2\/posts\/4760","targetHints":{"allow":["GET"]}}],"collection":[{"href":"https:\/\/www.schiebener.net\/wordpress\/wp-json\/wp\/v2\/posts"}],"about":[{"href":"https:\/\/www.schiebener.net\/wordpress\/wp-json\/wp\/v2\/types\/post"}],"author":[{"embeddable":true,"href":"https:\/\/www.schiebener.net\/wordpress\/wp-json\/wp\/v2\/users\/3"}],"replies":[{"embeddable":true,"href":"https:\/\/www.schiebener.net\/wordpress\/wp-json\/wp\/v2\/comments?post=4760"}],"version-history":[{"count":0,"href":"https:\/\/www.schiebener.net\/wordpress\/wp-json\/wp\/v2\/posts\/4760\/revisions"}],"wp:attachment":[{"href":"https:\/\/www.schiebener.net\/wordpress\/wp-json\/wp\/v2\/media?parent=4760"}],"wp:term":[{"taxonomy":"category","embeddable":true,"href":"https:\/\/www.schiebener.net\/wordpress\/wp-json\/wp\/v2\/categories?post=4760"},{"taxonomy":"post_tag","embeddable":true,"href":"https:\/\/www.schiebener.net\/wordpress\/wp-json\/wp\/v2\/tags?post=4760"}],"curies":[{"name":"wp","href":"https:\/\/api.w.org\/{rel}","templated":true}]}}