{"id":47425,"date":"2020-10-19T22:46:15","date_gmt":"2020-10-19T21:46:15","guid":{"rendered":"https:\/\/www.schiebener.net\/wordpress\/?p=47425"},"modified":"2020-10-19T22:58:09","modified_gmt":"2020-10-19T21:58:09","slug":"sars-cov-2-und-ich","status":"publish","type":"post","link":"https:\/\/www.schiebener.net\/wordpress\/sars-cov-2-und-ich\/","title":{"rendered":"SARS-CoV-2 und ich"},"content":{"rendered":"<figure id=\"attachment_47426\" aria-describedby=\"caption-attachment-47426\" style=\"width: 700px\" class=\"wp-caption aligncenter\"><a href=\"https:\/\/www.schiebener.net\/wordpress\/wp-content\/uploads\/2020\/10\/1024px-SARS-CoV-2_without_background.png\" target=\"_blank\" rel=\"noopener noreferrer\"><img loading=\"lazy\" decoding=\"async\" class=\"wp-image-47426\" src=\"https:\/\/www.schiebener.net\/wordpress\/wp-content\/uploads\/2020\/10\/1024px-SARS-CoV-2_without_background.png\" alt=\"\" width=\"700\" height=\"701\" srcset=\"https:\/\/www.schiebener.net\/wordpress\/wp-content\/uploads\/2020\/10\/1024px-SARS-CoV-2_without_background.png 1024w, https:\/\/www.schiebener.net\/wordpress\/wp-content\/uploads\/2020\/10\/1024px-SARS-CoV-2_without_background-300x300.png 300w, https:\/\/www.schiebener.net\/wordpress\/wp-content\/uploads\/2020\/10\/1024px-SARS-CoV-2_without_background-150x150.png 150w, https:\/\/www.schiebener.net\/wordpress\/wp-content\/uploads\/2020\/10\/1024px-SARS-CoV-2_without_background-768x769.png 768w, https:\/\/www.schiebener.net\/wordpress\/wp-content\/uploads\/2020\/10\/1024px-SARS-CoV-2_without_background-200x200.png 200w\" sizes=\"auto, (max-width: 709px) 85vw, (max-width: 909px) 67vw, (max-width: 984px) 61vw, (max-width: 1362px) 45vw, 600px\" \/><\/a><figcaption id=\"caption-attachment-47426\" class=\"wp-caption-text\">Bildquelle: <a href=\"https:\/\/phil.cdc.gov\/Details.aspx?pid=23312\" target=\"_blank\" rel=\"noopener noreferrer\">https:\/\/phil.cdc.gov\/Details.aspx?pid=23312<\/a><\/figcaption><\/figure>\n<p><strong>Wer sich gr\u00fcndlich \u00fcber das Virus SARS-CoV-2 und die Erkrankung COVID-19 informieren will, kann gleich aufh\u00f6ren zu lesen und zur Website des <a href=\"https:\/\/www.rki.de\/DE\/Home\/homepage_node.html\" target=\"_blank\" rel=\"noopener noreferrer\">Robert-Koch-Instituts<\/a> wechseln.<\/strong><\/p>\n<p>So habe ich es jedenfalls ab Mitte M\u00e4rz diesen Jahres gehandhabt. Dazu kamen die Podcasts mit Prof. Christian Drosten und die Meldungen des WDR via Telegram. Wer mit seri\u00f6sen Quellen startet, kann leicht weitere verl\u00e4ssliche Informationen erschlie\u00dfen.<\/p>\n<p>Mein Verhalten habe ich, zur Risikogruppe geh\u00f6rig, seit April kaum oder gar nicht ver\u00e4ndert. Eine Ausnahme: keine Bullshit-Diskussionen mit Corona-Leugner*innen auf Facebook mehr. Meine Lebensqualit\u00e4t ist gestiegen, und diese Aussage ist kein Bullshit.<\/p>\n<p>Da das Virus weder Moral noch Motive hat, w\u00fcrde es mich infizieren, wenn ich es in gen\u00fcgender Anzahl einatme. Wie das enden kann, lest selber in den einschl\u00e4gigen Quellen nach. Ich jedenfalls will nicht infiziert werden, auch hege ich Abscheu gegen die Nazi-m\u00e4\u00dfigen Versuche bzw. Vorschl\u00e4ge, das Virus \u00fcber eine sogenannte Herdenimmunit\u00e4t loszuwerden.<\/p>\n<p>Ich versuche mich selbst so gut es geht zu sch\u00fctzen und sch\u00fctze so gleichzeitig meine Mitmenschen. Endlich mal ein Verhalten, bei dem scheinbarer Egoismus automatisch zu Altruismus mutiert.<\/p>\n<p>Also Maske. Haben wir von Anfang an gehabt. Aufsetzen wo immer mir Menschen zu nahe sind. In geschlossenen R\u00e4umen, die ich m\u00f6glichst nicht betrete. Der Sommer der Leichtigkeit war leider auch ein Sommer des Leichtsinns. Wir haben in der Familie h\u00e4ufig \u00fcber unser Verhalten geredet. Ich habe einigen Kellnern &#8222;die Nase&#8220; durchgehen lassen, aber heute betrete ich kein Gesch\u00e4ft mehr, in dem mich ein Mensch &#8222;mit Nase&#8220; bedient.<\/p>\n<p>Ich vermeide m\u00f6glichst die f\u00fcnf gro\u00dfen G:<\/p>\n<p>Geschlossene R\u00e4ume, Gruppen, Gedr\u00e4nge, Gespr\u00e4che in lebhafter Atmosph\u00e4re und Geschrei.<\/p>\n<p>Lasst das mal sacken und \u00fcberlegt euch, wo ihr in der vergangenen Woche zwei dieser Gs in Kombination erlebt habt: mit einer Gruppe im geschlossenen Raum, Gedr\u00e4nge und Gruppen in der Einkaufszone, &#8230;<\/p>\n<p>Da ich mir nur Mengen mit drei Elementen gut merken kann, habe ich mir &#8222;Gruppen, Gedr\u00e4nge, Geschrei&#8220; ins Hirn gepr\u00fcgelt. Klappt ganz gut.<\/p>\n<p>Die AHA-Regel haben wir ein wenig gepimpt.<\/p>\n<p>Abstand &#8211; na klar, geht meistens, sogar in der Familie. Das Virus unterscheidet n\u00e4mlich nicht zwischen Familie und Fremden.<\/p>\n<p>Hygiene &#8211; H\u00e4ndewaschen l\u00e4uft. Ein Problem bleibt das h\u00e4ufigere unbewusste ins eigene Gesicht Fassen<\/p>\n<p>Alltagsmaske &#8211; das selbst geschneiderte St\u00f6ffchen war ja zu Beginn ganz putzig, aber wir haben schnell auf die blauen Einwegmasken und jetzt\u00a0 FFP2-Masken gesetzt.<\/p>\n<p>Dazu das L und das C bzw. A<\/p>\n<p>L wie L\u00fcften &#8211; l\u00e4uft<\/p>\n<p>C\/A &#8211; Corona App von Beginn an. Hat es was genutzt? Keine Ahnung. Bislang zwei Begegnungen mit niedrigem Risiko = Abstand zu gro\u00df oder Begegnung kleiner als 15 Minuten. Ich habe gegr\u00fcbelt und gegr\u00fcbelt, wie und wo ich diese Begegnung h\u00e4tte haben k\u00f6nnen. So wie ich es verstehe, reicht die Kette bis 14 Tage zur\u00fcck. Die Menschen, die selbst ich in der sozialen Ver\u00f6dung treffe, kann ich bei bestem Willen nicht alle erinnern. Deshalb f\u00fchre ich seit Neuestem ein Tagebuch, wo ich die t\u00e4glichen Begegnungen eintrage. Spoiler: es sind mehr als ich ahnte.<\/p>\n<p>Das h\u00f6rt sich alles sehr negativ an, oder? Verzicht, Verzicht, Verzicht &#8230; Stimmt!<\/p>\n<figure id=\"attachment_47443\" aria-describedby=\"caption-attachment-47443\" style=\"width: 701px\" class=\"wp-caption aligncenter\"><a href=\"https:\/\/www.schiebener.net\/wordpress\/wp-content\/uploads\/2020\/10\/20201019Pooh.jpg\" target=\"_blank\" rel=\"noopener noreferrer\"><img loading=\"lazy\" decoding=\"async\" class=\"wp-image-47443\" src=\"https:\/\/www.schiebener.net\/wordpress\/wp-content\/uploads\/2020\/10\/20201019Pooh.jpg\" alt=\"\" width=\"701\" height=\"467\" srcset=\"https:\/\/www.schiebener.net\/wordpress\/wp-content\/uploads\/2020\/10\/20201019Pooh.jpg 2048w, https:\/\/www.schiebener.net\/wordpress\/wp-content\/uploads\/2020\/10\/20201019Pooh-300x200.jpg 300w, https:\/\/www.schiebener.net\/wordpress\/wp-content\/uploads\/2020\/10\/20201019Pooh-1024x683.jpg 1024w, https:\/\/www.schiebener.net\/wordpress\/wp-content\/uploads\/2020\/10\/20201019Pooh-768x512.jpg 768w, https:\/\/www.schiebener.net\/wordpress\/wp-content\/uploads\/2020\/10\/20201019Pooh-1536x1024.jpg 1536w\" sizes=\"auto, (max-width: 709px) 85vw, (max-width: 909px) 67vw, (max-width: 984px) 61vw, (max-width: 1362px) 45vw, 600px\" \/><\/a><figcaption id=\"caption-attachment-47443\" class=\"wp-caption-text\">Pooh: Ich w\u00e4re jetzt gern am Meer und w\u00fcrde auf die Wellen starren.<\/figcaption><\/figure>\n<p>Man muss auch nichts besch\u00f6nigen. Ich w\u00e4re jetzt gern am Meer und w\u00fcrde auf die Wellen starren. Nix da. Atomisierte Geburtstage. Schade. Die Verwandten und Freunde besuchen? Pustekuchen. Stadttourismus? Hahaha \ud83d\ude41<\/p>\n<p>Kann man aus der Schei\u00df-COVID-Krise etwas Positives heraus quetschen? Vielleicht in einem n\u00e4chsten Beitrag &#8230; oder in den Kommentaren. Bitte sehr!<\/p>\n","protected":false},"excerpt":{"rendered":"<p>Wer sich gr\u00fcndlich \u00fcber das Virus SARS-CoV-2 und die Erkrankung COVID-19 informieren will, kann gleich aufh\u00f6ren zu lesen und zur Website des Robert-Koch-Instituts wechseln. So habe ich es jedenfalls ab &hellip; <a href=\"https:\/\/www.schiebener.net\/wordpress\/sars-cov-2-und-ich\/\" class=\"more-link\"><span class=\"screen-reader-text\">\u201eSARS-CoV-2 und ich\u201c <\/span>weiterlesen<\/a><\/p>\n","protected":false},"author":3,"featured_media":0,"comment_status":"open","ping_status":"open","sticky":false,"template":"","format":"standard","meta":{"footnotes":""},"categories":[174,7088,2489],"tags":[8580,8579],"class_list":["post-47425","post","type-post","status-publish","format-standard","hentry","category-dit-und-dat","category-gesundheit","category-in-eigener-sache","tag-covid-19","tag-sars-cov-2"],"_links":{"self":[{"href":"https:\/\/www.schiebener.net\/wordpress\/wp-json\/wp\/v2\/posts\/47425","targetHints":{"allow":["GET"]}}],"collection":[{"href":"https:\/\/www.schiebener.net\/wordpress\/wp-json\/wp\/v2\/posts"}],"about":[{"href":"https:\/\/www.schiebener.net\/wordpress\/wp-json\/wp\/v2\/types\/post"}],"author":[{"embeddable":true,"href":"https:\/\/www.schiebener.net\/wordpress\/wp-json\/wp\/v2\/users\/3"}],"replies":[{"embeddable":true,"href":"https:\/\/www.schiebener.net\/wordpress\/wp-json\/wp\/v2\/comments?post=47425"}],"version-history":[{"count":0,"href":"https:\/\/www.schiebener.net\/wordpress\/wp-json\/wp\/v2\/posts\/47425\/revisions"}],"wp:attachment":[{"href":"https:\/\/www.schiebener.net\/wordpress\/wp-json\/wp\/v2\/media?parent=47425"}],"wp:term":[{"taxonomy":"category","embeddable":true,"href":"https:\/\/www.schiebener.net\/wordpress\/wp-json\/wp\/v2\/categories?post=47425"},{"taxonomy":"post_tag","embeddable":true,"href":"https:\/\/www.schiebener.net\/wordpress\/wp-json\/wp\/v2\/tags?post=47425"}],"curies":[{"name":"wp","href":"https:\/\/api.w.org\/{rel}","templated":true}]}}