{"id":47412,"date":"2020-10-15T22:53:45","date_gmt":"2020-10-15T21:53:45","guid":{"rendered":"https:\/\/www.schiebener.net\/wordpress\/?p=47412"},"modified":"2020-10-15T22:53:45","modified_gmt":"2020-10-15T21:53:45","slug":"am-wegrand-der-wolkenbaum-in-welleringhausen","status":"publish","type":"post","link":"https:\/\/www.schiebener.net\/wordpress\/am-wegrand-der-wolkenbaum-in-welleringhausen\/","title":{"rendered":"Am Wegrand: der Wolkenbaum in Welleringhausen"},"content":{"rendered":"<p><figure id=\"attachment_47413\" aria-describedby=\"caption-attachment-47413\" style=\"width: 701px\" class=\"wp-caption aligncenter\"><a href=\"https:\/\/www.schiebener.net\/wordpress\/wp-content\/uploads\/2020\/10\/20201004Welleringhausen.jpg\" target=\"_blank\" rel=\"noopener noreferrer\"><img loading=\"lazy\" decoding=\"async\" class=\"wp-image-47413\" src=\"https:\/\/www.schiebener.net\/wordpress\/wp-content\/uploads\/2020\/10\/20201004Welleringhausen.jpg\" alt=\"\" width=\"701\" height=\"467\" srcset=\"https:\/\/www.schiebener.net\/wordpress\/wp-content\/uploads\/2020\/10\/20201004Welleringhausen.jpg 2048w, https:\/\/www.schiebener.net\/wordpress\/wp-content\/uploads\/2020\/10\/20201004Welleringhausen-300x200.jpg 300w, https:\/\/www.schiebener.net\/wordpress\/wp-content\/uploads\/2020\/10\/20201004Welleringhausen-1024x683.jpg 1024w, https:\/\/www.schiebener.net\/wordpress\/wp-content\/uploads\/2020\/10\/20201004Welleringhausen-768x512.jpg 768w, https:\/\/www.schiebener.net\/wordpress\/wp-content\/uploads\/2020\/10\/20201004Welleringhausen-1536x1024.jpg 1536w\" sizes=\"auto, (max-width: 709px) 85vw, (max-width: 909px) 67vw, (max-width: 984px) 61vw, (max-width: 1362px) 45vw, 600px\" \/><\/a><figcaption id=\"caption-attachment-47413\" class=\"wp-caption-text\">Mit Stamm, \u00c4sten und Gezweig greift der Baum nach den Wolken.<\/figcaption><\/figure><strong>An der Apfelallee in Welleringhausen greift ein wilder Baum nach den Wolken.<\/strong> <\/p>\n<p>Am Sonntag werden die letzten Fr\u00fcchte geerntet. Lange Stangen mit Beuteln am vorderen Ende recken sich in die Kronen. Die Allee ist der Einstieg in den Vulkanpfad. Als ich von meinem Spaziergang zur\u00fcck komme, will ich mir einen Apfel pfl\u00fccken. Ich bekomme nichts mehr ab. Alles verschwunden. In einem gro\u00dfen Lieferwagen. Tja &#8230;<\/p>\n","protected":false},"excerpt":{"rendered":"<p>An der Apfelallee in Welleringhausen greift ein wilder Baum nach den Wolken. Am Sonntag werden die letzten Fr\u00fcchte geerntet. Lange Stangen mit Beuteln am vorderen Ende recken sich in die &hellip; <a href=\"https:\/\/www.schiebener.net\/wordpress\/am-wegrand-der-wolkenbaum-in-welleringhausen\/\" class=\"more-link\"><span class=\"screen-reader-text\">\u201eAm Wegrand: der Wolkenbaum in Welleringhausen\u201c <\/span>weiterlesen<\/a><\/p>\n","protected":false},"author":3,"featured_media":0,"comment_status":"open","ping_status":"open","sticky":false,"template":"","format":"standard","meta":{"footnotes":""},"categories":[174,549],"tags":[8479,8481],"class_list":["post-47412","post","type-post","status-publish","format-standard","hentry","category-dit-und-dat","category-umwelt","tag-vulkanpfad","tag-welleringhausen"],"_links":{"self":[{"href":"https:\/\/www.schiebener.net\/wordpress\/wp-json\/wp\/v2\/posts\/47412","targetHints":{"allow":["GET"]}}],"collection":[{"href":"https:\/\/www.schiebener.net\/wordpress\/wp-json\/wp\/v2\/posts"}],"about":[{"href":"https:\/\/www.schiebener.net\/wordpress\/wp-json\/wp\/v2\/types\/post"}],"author":[{"embeddable":true,"href":"https:\/\/www.schiebener.net\/wordpress\/wp-json\/wp\/v2\/users\/3"}],"replies":[{"embeddable":true,"href":"https:\/\/www.schiebener.net\/wordpress\/wp-json\/wp\/v2\/comments?post=47412"}],"version-history":[{"count":0,"href":"https:\/\/www.schiebener.net\/wordpress\/wp-json\/wp\/v2\/posts\/47412\/revisions"}],"wp:attachment":[{"href":"https:\/\/www.schiebener.net\/wordpress\/wp-json\/wp\/v2\/media?parent=47412"}],"wp:term":[{"taxonomy":"category","embeddable":true,"href":"https:\/\/www.schiebener.net\/wordpress\/wp-json\/wp\/v2\/categories?post=47412"},{"taxonomy":"post_tag","embeddable":true,"href":"https:\/\/www.schiebener.net\/wordpress\/wp-json\/wp\/v2\/tags?post=47412"}],"curies":[{"name":"wp","href":"https:\/\/api.w.org\/{rel}","templated":true}]}}