{"id":4740,"date":"2009-09-15T17:09:20","date_gmt":"2009-09-15T15:09:20","guid":{"rendered":"http:\/\/www.schiebener.net\/wordpress\/?p=4740"},"modified":"2009-09-15T17:09:20","modified_gmt":"2009-09-15T15:09:20","slug":"in-meinem-briefkasten-experten-meinung-im-kreishaus-nicht-gefragt","status":"publish","type":"post","link":"https:\/\/www.schiebener.net\/wordpress\/in-meinem-briefkasten-experten-meinung-im-kreishaus-nicht-gefragt\/","title":{"rendered":"In meinem Briefkasten: Experten-Meinung im Kreishaus nicht gefragt &#8230;"},"content":{"rendered":"<p><img loading=\"lazy\" decoding=\"async\" class=\"alignleft size-full wp-image-2182\" src=\"http:\/\/www.schiebener.net\/wordpress\/wp-content\/uploads\/2009\/02\/lt_briefkasten01.jpg\" alt=\"\" width=\"120\" height=\"91\" \/>&#8230; jedenfalls nicht in Punkto \u00e2\u20ac\u017eSchulentwicklungsplanung&#8220;.<\/p>\n<p><em>hei\u00dft es in einer Pressemitteilung der<a href=\"http:\/\/www.sbl-fraktion.de\" target=\"_blank\"> Sauerl\u00e4nder B\u00fcrgerliste<\/a>, die ich im Folgenden widergebe:<\/em><\/p>\n<p>Die Kreistagsfraktion Sauerl\u00e4nder B\u00fcrgerliste beantragte am 1.<br \/>\nSeptember beim Landrat, den Schulexperten Dr. R\u00f6sner und weitere<br \/>\nFachleute in Sachen Schule zur n\u00e4chsten Sitzung des Schulausschusses<br \/>\neinzuladen. Mit Hilfe der Experten sollte nach Auffassung der SBL<br \/>\ner\u00f6rtert  werden, ob das dreigliedrige Schulsystem ausgedient hat und<br \/>\nwelche L\u00f6sungsans\u00e4tze es f\u00fcr die Schullandschaft im Hochsauerlandkreis<br \/>\ngibt.<\/p>\n<p>Leider lautet der Beschlussvorschlag der Verwaltung: &#8222;Der<br \/>\nSchulausschuss lehnt den Antrag der Kreistagsfraktion Sauerl\u00e4nder<br \/>\nB\u00fcrgerliste ab.&#8220; Unter anderem\u00a0 wird als Begr\u00fcndung angegeben, dass der<br \/>\nWunsch nach einer \u00e2\u20ac\u017eorts\u00fcbergreifenden Schulentwicklungsplanung&#8220; bis<br \/>\nheute von kommunaler Seite nicht an den Hochsauerlandkreis herangetragen<br \/>\nworden sei. Im Hinblick auf die Bedarfsplanung f\u00fcr eine oder mehrere<br \/>\nGesamtschulen verweist die Verwaltung auf die B\u00fcrgermeister, die<br \/>\neinm\u00fctig ihre \u00e2\u20ac\u017ePlanungshoheit&#8220; bekr\u00e4ftigt h\u00e4tten. Dabei ist der<br \/>\nKreis nach dem Schulgesetz (\u00a7\u00a7 78, 80) verpflichtet, sich an der<br \/>\nSchulentwicklungsplanung zu beteiligen, wenn in einzelnen Gemeinden<br \/>\nbestehende weiterf\u00fchrende Schulen nicht fortgef\u00fchrt werden k\u00f6nnen. Dies<br \/>\nist wegen der bis 2025 um etwa 30% zur\u00fcckgehenden Sch\u00fclerzahl absehbar.<br \/>\nDer Kreis sollte sich daher fr\u00fchzeitig mit diesem Thema befassen &#8211; wie<br \/>\nes in anderen Kreisen selbstverst\u00e4ndlich ist.<\/p>\n<p>Merkw\u00fcrdig, dass das Thema \u00e2\u20ac\u017eGesamtschule&#8220; im Sauerland ein so heikles<br \/>\nist. \u00dcber kurz oder lang werden auch die St\u00e4dte und Gemeinden im HSK von<br \/>\nder Wirklichkeit eingeholt, so wie es beispielsweise Anfang dieses<br \/>\nJahres in Hemer geschah. Dort setzten die Eltern gegen die Mehrheit des<br \/>\nStadtrates und Bedenken der Bezirksregierung die Errichtung einer<br \/>\nGesamtschule durch. Am 06.02.2009 lagen in Hemer 186 Anmeldungen f\u00fcr die<br \/>\nGesamtschule vor, davon 42 Sch\u00fcler mit einer Empfehlung f\u00fcr das<br \/>\nGymnasium.<\/p>\n<p>Und soeben trifft eine Pressemitteilung ein, wonach die Stadt Lippstadt<br \/>\nim Schuljahr 2010\/11 eine Gesamtschule einrichten will.<br \/>\n&#8222;Koordinierungsgruppe plant Profil der st\u00e4dtischen Gesamtschule&#8220; lautet<br \/>\ndie \u00dcberschrift.<\/p>\n<p>Von den W\u00fcnschen der Eltern, von bedarfsgerechter Schulplanung in<br \/>\nAnbetracht sinkender Sch\u00fclerzahlen und von vielem mehr h\u00e4tte der<br \/>\nSchulexperte Dr. R\u00f6sner den Mitgliedern es HSK-Schulausschusses<br \/>\nberichten k\u00f6nnen.<\/p>\n","protected":false},"excerpt":{"rendered":"<p>&#8230; jedenfalls nicht in Punkto \u00e2\u20ac\u017eSchulentwicklungsplanung&#8220;. hei\u00dft es in einer Pressemitteilung der Sauerl\u00e4nder B\u00fcrgerliste, die ich im Folgenden widergebe: Die Kreistagsfraktion Sauerl\u00e4nder B\u00fcrgerliste beantragte am 1. September beim Landrat, den &hellip; <a href=\"https:\/\/www.schiebener.net\/wordpress\/in-meinem-briefkasten-experten-meinung-im-kreishaus-nicht-gefragt\/\" class=\"more-link\"><span class=\"screen-reader-text\">\u201eIn meinem Briefkasten: Experten-Meinung im Kreishaus nicht gefragt &#8230;\u201c <\/span>weiterlesen<\/a><\/p>\n","protected":false},"author":3,"featured_media":0,"comment_status":"open","ping_status":"open","sticky":false,"template":"","format":"standard","meta":{"footnotes":""},"categories":[3,80,24],"tags":[293,212,784],"class_list":["post-4740","post","type-post","status-publish","format-standard","hentry","category-bildung-und-schule","category-lokales","category-politik","tag-gesamtschulen","tag-hochsauerland","tag-schulentwicklung"],"_links":{"self":[{"href":"https:\/\/www.schiebener.net\/wordpress\/wp-json\/wp\/v2\/posts\/4740","targetHints":{"allow":["GET"]}}],"collection":[{"href":"https:\/\/www.schiebener.net\/wordpress\/wp-json\/wp\/v2\/posts"}],"about":[{"href":"https:\/\/www.schiebener.net\/wordpress\/wp-json\/wp\/v2\/types\/post"}],"author":[{"embeddable":true,"href":"https:\/\/www.schiebener.net\/wordpress\/wp-json\/wp\/v2\/users\/3"}],"replies":[{"embeddable":true,"href":"https:\/\/www.schiebener.net\/wordpress\/wp-json\/wp\/v2\/comments?post=4740"}],"version-history":[{"count":0,"href":"https:\/\/www.schiebener.net\/wordpress\/wp-json\/wp\/v2\/posts\/4740\/revisions"}],"wp:attachment":[{"href":"https:\/\/www.schiebener.net\/wordpress\/wp-json\/wp\/v2\/media?parent=4740"}],"wp:term":[{"taxonomy":"category","embeddable":true,"href":"https:\/\/www.schiebener.net\/wordpress\/wp-json\/wp\/v2\/categories?post=4740"},{"taxonomy":"post_tag","embeddable":true,"href":"https:\/\/www.schiebener.net\/wordpress\/wp-json\/wp\/v2\/tags?post=4740"}],"curies":[{"name":"wp","href":"https:\/\/api.w.org\/{rel}","templated":true}]}}