{"id":4735,"date":"2009-09-14T22:37:52","date_gmt":"2009-09-14T20:37:52","guid":{"rendered":"http:\/\/www.schiebener.net\/wordpress\/?p=4735"},"modified":"2009-09-14T22:37:52","modified_gmt":"2009-09-14T20:37:52","slug":"lafontaine-trittin-und-westerwelle-kurzauswertung","status":"publish","type":"post","link":"https:\/\/www.schiebener.net\/wordpress\/lafontaine-trittin-und-westerwelle-kurzauswertung\/","title":{"rendered":"Lafontaine, Trittin und Westerwelle: Kurzauswertung"},"content":{"rendered":"<p>Ich habe mir den &#8222;Dreikampf&#8220; gerade im Radio auf WDR5 angeh\u00f6rt. Es hat sich gelohnt. Lafontaine, Trittin und Westerwelle haben eine politische Auseinandersetzung um Steuern, Arbeitspl\u00e4tze, Energiewirtschaft &#8230; gef\u00fchrt. Die Positionen waren transparent. Die Argumente klar und verst\u00e4ndlich. Die Moderation war gut.<\/p>\n<p>W\u00e4hrend der ganzen Zeit lief es mir wie ein Mantra durch den Kopf: Wer nach gestern(Steinmeier und Merkel) und heute noch SPD oder CDU w\u00e4hlt, hat nicht zugesehen oder zugeh\u00f6rt.<\/p>\n<p>Heute drei lebendige Politiker, gestern zwei Polit-Zombies.<\/p>\n<p>Ginge es nach der Performance in den Medien, ich w\u00fcrde heute sagen, nein rufen oder besser schreien:<\/p>\n<p>W\u00e4hlt die Kleinen! Nicht CDU oder SPD!<\/p>\n<p>Durch Lafontaine, Trittin und Westerwelle ist mir im Kontrast die ganze Erb\u00e4rmlichkeit des gestrigen Duell-Theaters deutlich geworden.<\/p>\n<p>Noch einmal zum Mitschreiben:<\/p>\n<p>Rot, Gr\u00fcn, Piraten und wenn es denn sein muss auch FDP!<\/p>\n<p>Auf keinen Fall CDU oder SPD &#8211; die brauchen Feuer unterm Arsch &#8211; diese br\u00e4sigen, selbstgef\u00e4lligen Machtbesitzer.<\/p>\n<p>Sorry f\u00fcr den Ausbruch, aber mensch muss sich auch mal ausdr\u00fccken &#8211; im Blog.<\/p>\n<p>Gute Nacht \ud83d\ude09<\/p>\n","protected":false},"excerpt":{"rendered":"<p>Ich habe mir den &#8222;Dreikampf&#8220; gerade im Radio auf WDR5 angeh\u00f6rt. Es hat sich gelohnt. Lafontaine, Trittin und Westerwelle haben eine politische Auseinandersetzung um Steuern, Arbeitspl\u00e4tze, Energiewirtschaft &#8230; gef\u00fchrt. Die &hellip; <a href=\"https:\/\/www.schiebener.net\/wordpress\/lafontaine-trittin-und-westerwelle-kurzauswertung\/\" class=\"more-link\"><span class=\"screen-reader-text\">\u201eLafontaine, Trittin und Westerwelle: Kurzauswertung\u201c <\/span>weiterlesen<\/a><\/p>\n","protected":false},"author":3,"featured_media":0,"comment_status":"open","ping_status":"open","sticky":false,"template":"","format":"standard","meta":{"footnotes":""},"categories":[32,24],"tags":[760],"class_list":["post-4735","post","type-post","status-publish","format-standard","hentry","category-medien","category-politik","tag-bundestagswahl-2009"],"_links":{"self":[{"href":"https:\/\/www.schiebener.net\/wordpress\/wp-json\/wp\/v2\/posts\/4735","targetHints":{"allow":["GET"]}}],"collection":[{"href":"https:\/\/www.schiebener.net\/wordpress\/wp-json\/wp\/v2\/posts"}],"about":[{"href":"https:\/\/www.schiebener.net\/wordpress\/wp-json\/wp\/v2\/types\/post"}],"author":[{"embeddable":true,"href":"https:\/\/www.schiebener.net\/wordpress\/wp-json\/wp\/v2\/users\/3"}],"replies":[{"embeddable":true,"href":"https:\/\/www.schiebener.net\/wordpress\/wp-json\/wp\/v2\/comments?post=4735"}],"version-history":[{"count":0,"href":"https:\/\/www.schiebener.net\/wordpress\/wp-json\/wp\/v2\/posts\/4735\/revisions"}],"wp:attachment":[{"href":"https:\/\/www.schiebener.net\/wordpress\/wp-json\/wp\/v2\/media?parent=4735"}],"wp:term":[{"taxonomy":"category","embeddable":true,"href":"https:\/\/www.schiebener.net\/wordpress\/wp-json\/wp\/v2\/categories?post=4735"},{"taxonomy":"post_tag","embeddable":true,"href":"https:\/\/www.schiebener.net\/wordpress\/wp-json\/wp\/v2\/tags?post=4735"}],"curies":[{"name":"wp","href":"https:\/\/api.w.org\/{rel}","templated":true}]}}