{"id":4721,"date":"2009-09-14T19:23:21","date_gmt":"2009-09-14T17:23:21","guid":{"rendered":"http:\/\/www.schiebener.net\/wordpress\/?p=4721"},"modified":"2009-09-14T19:28:19","modified_gmt":"2009-09-14T17:28:19","slug":"laufend-auf-der-hohe-unter-den-wolken-uber-den-talern-ein-grauer-montag","status":"publish","type":"post","link":"https:\/\/www.schiebener.net\/wordpress\/laufend-auf-der-hohe-unter-den-wolken-uber-den-talern-ein-grauer-montag\/","title":{"rendered":"Laufend auf der H\u00f6he, unter den Wolken, \u00fcber den T\u00e4lern &#8211; ein grauer Montag"},"content":{"rendered":"<h3 class=\"mceTemp mceIEcenter\">\n<dl id=\"attachment_4720\" class=\"wp-caption aligncenter\" style=\"width: 490px;\">\n<dt class=\"wp-caption-dt\"><img loading=\"lazy\" decoding=\"async\" class=\"size-full wp-image-4720\" title=\"Unter den Wolken\" src=\"http:\/\/www.schiebener.net\/wordpress\/wp-content\/uploads\/2009\/09\/laufen06.jpg\" alt=\"Auf der H\u00f6he, unter den Wolken, \u00fcber den T\u00e4lern - ein grauer Montag\" width=\"480\" height=\"360\" srcset=\"https:\/\/www.schiebener.net\/wordpress\/wp-content\/uploads\/2009\/09\/laufen06.jpg 480w, https:\/\/www.schiebener.net\/wordpress\/wp-content\/uploads\/2009\/09\/laufen06-300x225.jpg 300w\" sizes=\"auto, (max-width: 480px) 85vw, 480px\" \/><\/dt>\n<dd class=\"wp-caption-dd\">Auf der H\u00f6he, unter den Wolken, \u00fcber den T\u00e4lern &#8211; ein grauer Montag<\/dd>\n<\/dl>\n<\/h3>\n<p>Nach der Arbeit Laufschuhe an, Kamera zwischen die Finger geklemmt und auf der H\u00f6he, unter den Wolken und \u00fcber den T\u00e4lern schlaff herumjoggen.<\/p>\n<p>Kommen bleierne Zeiten?  Die politische Kaste ist grau und beherrscht die Schalthebel und Stellschr\u00e4ubchen der Macht.<\/p>\n<p>W\u00e4hrend die Beine am Schluss wie von selbst ins Tal zur\u00fcck rollen, summt die alte Klamotte in meinem Kopf:<\/p>\n<p><object width=\"360\" height=\"160\"><param name=\"movie\" value=\"http:\/\/www.youtube.com\/v\/Xe7QnzJC2hg&#038;hl=de&#038;fs=1&#038;rel=0\"><\/param><param name=\"allowFullScreen\" value=\"true\"><\/param><param name=\"allowscriptaccess\" value=\"always\"><\/param><embed src=\"http:\/\/www.youtube.com\/v\/Xe7QnzJC2hg&#038;hl=de&#038;fs=1&#038;rel=0\" type=\"application\/x-shockwave-flash\" allowscriptaccess=\"always\" allowfullscreen=\"true\" width=\"360\" height=\"160\"><\/embed><\/object><\/p>\n","protected":false},"excerpt":{"rendered":"<p>Auf der H\u00f6he, unter den Wolken, \u00fcber den T\u00e4lern &#8211; ein grauer Montag Nach der Arbeit Laufschuhe an, Kamera zwischen die Finger geklemmt und auf der H\u00f6he, unter den Wolken &hellip; <a href=\"https:\/\/www.schiebener.net\/wordpress\/laufend-auf-der-hohe-unter-den-wolken-uber-den-talern-ein-grauer-montag\/\" class=\"more-link\"><span class=\"screen-reader-text\">\u201eLaufend auf der H\u00f6he, unter den Wolken, \u00fcber den T\u00e4lern &#8211; ein grauer Montag\u201c <\/span>weiterlesen<\/a><\/p>\n","protected":false},"author":3,"featured_media":0,"comment_status":"open","ping_status":"open","sticky":false,"template":"","format":"standard","meta":{"footnotes":""},"categories":[174,80,27,24],"tags":[780],"class_list":["post-4721","post","type-post","status-publish","format-standard","hentry","category-dit-und-dat","category-lokales","category-musik","category-politik","tag-grauschleier"],"_links":{"self":[{"href":"https:\/\/www.schiebener.net\/wordpress\/wp-json\/wp\/v2\/posts\/4721","targetHints":{"allow":["GET"]}}],"collection":[{"href":"https:\/\/www.schiebener.net\/wordpress\/wp-json\/wp\/v2\/posts"}],"about":[{"href":"https:\/\/www.schiebener.net\/wordpress\/wp-json\/wp\/v2\/types\/post"}],"author":[{"embeddable":true,"href":"https:\/\/www.schiebener.net\/wordpress\/wp-json\/wp\/v2\/users\/3"}],"replies":[{"embeddable":true,"href":"https:\/\/www.schiebener.net\/wordpress\/wp-json\/wp\/v2\/comments?post=4721"}],"version-history":[{"count":0,"href":"https:\/\/www.schiebener.net\/wordpress\/wp-json\/wp\/v2\/posts\/4721\/revisions"}],"wp:attachment":[{"href":"https:\/\/www.schiebener.net\/wordpress\/wp-json\/wp\/v2\/media?parent=4721"}],"wp:term":[{"taxonomy":"category","embeddable":true,"href":"https:\/\/www.schiebener.net\/wordpress\/wp-json\/wp\/v2\/categories?post=4721"},{"taxonomy":"post_tag","embeddable":true,"href":"https:\/\/www.schiebener.net\/wordpress\/wp-json\/wp\/v2\/tags?post=4721"}],"curies":[{"name":"wp","href":"https:\/\/api.w.org\/{rel}","templated":true}]}}