{"id":47196,"date":"2020-09-16T19:35:29","date_gmt":"2020-09-16T18:35:29","guid":{"rendered":"https:\/\/www.schiebener.net\/wordpress\/?p=47196"},"modified":"2020-09-16T19:36:56","modified_gmt":"2020-09-16T18:36:56","slug":"kurz-und-knapp-zur-wahl","status":"publish","type":"post","link":"https:\/\/www.schiebener.net\/wordpress\/kurz-und-knapp-zur-wahl\/","title":{"rendered":"Kurz und knapp zur Kommunalwahl im HSK und in Winterberg."},"content":{"rendered":"<figure id=\"attachment_47197\" aria-describedby=\"caption-attachment-47197\" style=\"width: 700px\" class=\"wp-caption aligncenter\"><a href=\"https:\/\/www.schiebener.net\/wordpress\/wp-content\/uploads\/2020\/09\/Hochsauerlandkreis-Gesamtergebnis-1.jpg\" target=\"_blank\" rel=\"noopener noreferrer\"><img loading=\"lazy\" decoding=\"async\" class=\"wp-image-47197\" src=\"https:\/\/www.schiebener.net\/wordpress\/wp-content\/uploads\/2020\/09\/Hochsauerlandkreis-Gesamtergebnis-1.jpg\" alt=\"\" width=\"700\" height=\"467\" srcset=\"https:\/\/www.schiebener.net\/wordpress\/wp-content\/uploads\/2020\/09\/Hochsauerlandkreis-Gesamtergebnis-1.jpg 1200w, https:\/\/www.schiebener.net\/wordpress\/wp-content\/uploads\/2020\/09\/Hochsauerlandkreis-Gesamtergebnis-1-300x200.jpg 300w, https:\/\/www.schiebener.net\/wordpress\/wp-content\/uploads\/2020\/09\/Hochsauerlandkreis-Gesamtergebnis-1-1024x683.jpg 1024w, https:\/\/www.schiebener.net\/wordpress\/wp-content\/uploads\/2020\/09\/Hochsauerlandkreis-Gesamtergebnis-1-768x512.jpg 768w\" sizes=\"auto, (max-width: 709px) 85vw, (max-width: 909px) 67vw, (max-width: 984px) 61vw, (max-width: 1362px) 45vw, 600px\" \/><\/a><figcaption id=\"caption-attachment-47197\" class=\"wp-caption-text\">Das Gesamtergebnis der Kommunalwahl zum Kreistag.<\/figcaption><\/figure>\n<p>Gewinne und Verluste<\/p>\n<figure id=\"attachment_47199\" aria-describedby=\"caption-attachment-47199\" style=\"width: 700px\" class=\"wp-caption aligncenter\"><a href=\"https:\/\/www.schiebener.net\/wordpress\/wp-content\/uploads\/2020\/09\/Hochsauerlandkreis-Gesamtergebnis-Kreistagswahl-13.09.2020-25.05.2014.jpg\" target=\"_blank\" rel=\"noopener noreferrer\"><img loading=\"lazy\" decoding=\"async\" class=\"wp-image-47199\" src=\"https:\/\/www.schiebener.net\/wordpress\/wp-content\/uploads\/2020\/09\/Hochsauerlandkreis-Gesamtergebnis-Kreistagswahl-13.09.2020-25.05.2014.jpg\" alt=\"\" width=\"700\" height=\"467\" srcset=\"https:\/\/www.schiebener.net\/wordpress\/wp-content\/uploads\/2020\/09\/Hochsauerlandkreis-Gesamtergebnis-Kreistagswahl-13.09.2020-25.05.2014.jpg 1200w, https:\/\/www.schiebener.net\/wordpress\/wp-content\/uploads\/2020\/09\/Hochsauerlandkreis-Gesamtergebnis-Kreistagswahl-13.09.2020-25.05.2014-300x200.jpg 300w, https:\/\/www.schiebener.net\/wordpress\/wp-content\/uploads\/2020\/09\/Hochsauerlandkreis-Gesamtergebnis-Kreistagswahl-13.09.2020-25.05.2014-1024x683.jpg 1024w, https:\/\/www.schiebener.net\/wordpress\/wp-content\/uploads\/2020\/09\/Hochsauerlandkreis-Gesamtergebnis-Kreistagswahl-13.09.2020-25.05.2014-768x512.jpg 768w\" sizes=\"auto, (max-width: 709px) 85vw, (max-width: 909px) 67vw, (max-width: 984px) 61vw, (max-width: 1362px) 45vw, 600px\" \/><\/a><figcaption id=\"caption-attachment-47199\" class=\"wp-caption-text\">Gewinner und Verlierer<\/figcaption><\/figure>\n<p>Winterberg<\/p>\n<figure id=\"attachment_47200\" aria-describedby=\"caption-attachment-47200\" style=\"width: 700px\" class=\"wp-caption aligncenter\"><a href=\"https:\/\/www.schiebener.net\/wordpress\/wp-content\/uploads\/2020\/09\/Stadt-Winterberg-Gesamtergebnis.jpg\" target=\"_blank\" rel=\"noopener noreferrer\"><img loading=\"lazy\" decoding=\"async\" class=\"wp-image-47200\" src=\"https:\/\/www.schiebener.net\/wordpress\/wp-content\/uploads\/2020\/09\/Stadt-Winterberg-Gesamtergebnis.jpg\" alt=\"\" width=\"700\" height=\"467\" srcset=\"https:\/\/www.schiebener.net\/wordpress\/wp-content\/uploads\/2020\/09\/Stadt-Winterberg-Gesamtergebnis.jpg 1200w, https:\/\/www.schiebener.net\/wordpress\/wp-content\/uploads\/2020\/09\/Stadt-Winterberg-Gesamtergebnis-300x200.jpg 300w, https:\/\/www.schiebener.net\/wordpress\/wp-content\/uploads\/2020\/09\/Stadt-Winterberg-Gesamtergebnis-1024x683.jpg 1024w, https:\/\/www.schiebener.net\/wordpress\/wp-content\/uploads\/2020\/09\/Stadt-Winterberg-Gesamtergebnis-768x512.jpg 768w\" sizes=\"auto, (max-width: 709px) 85vw, (max-width: 909px) 67vw, (max-width: 984px) 61vw, (max-width: 1362px) 45vw, 600px\" \/><\/a><figcaption id=\"caption-attachment-47200\" class=\"wp-caption-text\">Die Stimmen der Ratswahl<\/figcaption><\/figure>\n<p>Gewinne und Verluste<\/p>\n<figure id=\"attachment_47201\" aria-describedby=\"caption-attachment-47201\" style=\"width: 700px\" class=\"wp-caption aligncenter\"><a href=\"https:\/\/www.schiebener.net\/wordpress\/wp-content\/uploads\/2020\/09\/Stadt-Winterberg-Gesamtergebnis-Ratswahl-13.09.2020-25.05.2014.jpg\" target=\"_blank\" rel=\"noopener noreferrer\"><img loading=\"lazy\" decoding=\"async\" class=\"wp-image-47201\" src=\"https:\/\/www.schiebener.net\/wordpress\/wp-content\/uploads\/2020\/09\/Stadt-Winterberg-Gesamtergebnis-Ratswahl-13.09.2020-25.05.2014.jpg\" alt=\"\" width=\"700\" height=\"467\" srcset=\"https:\/\/www.schiebener.net\/wordpress\/wp-content\/uploads\/2020\/09\/Stadt-Winterberg-Gesamtergebnis-Ratswahl-13.09.2020-25.05.2014.jpg 1200w, https:\/\/www.schiebener.net\/wordpress\/wp-content\/uploads\/2020\/09\/Stadt-Winterberg-Gesamtergebnis-Ratswahl-13.09.2020-25.05.2014-300x200.jpg 300w, https:\/\/www.schiebener.net\/wordpress\/wp-content\/uploads\/2020\/09\/Stadt-Winterberg-Gesamtergebnis-Ratswahl-13.09.2020-25.05.2014-1024x683.jpg 1024w, https:\/\/www.schiebener.net\/wordpress\/wp-content\/uploads\/2020\/09\/Stadt-Winterberg-Gesamtergebnis-Ratswahl-13.09.2020-25.05.2014-768x512.jpg 768w\" sizes=\"auto, (max-width: 709px) 85vw, (max-width: 909px) 67vw, (max-width: 984px) 61vw, (max-width: 1362px) 45vw, 600px\" \/><\/a><figcaption id=\"caption-attachment-47201\" class=\"wp-caption-text\">Gewinne und Verluste<\/figcaption><\/figure>\n<p><strong>Da ich nur wenig Zeit habe, hier eine kurze Einsch\u00e4tzung der Landtagswahlen in NRW vom 13. September 2020.<\/strong><\/p>\n<p>Kreisweit prozentual gr\u00f6\u00dfter Verlierer ist die SPD, gefolgt von der CDU und den Linken. Keine \u00dcberraschung. Eindeutige Sieger sind die Gr\u00fcnen, FDP sehr leichte Zuw\u00e4chse, SBL stabil. Erstmals sind die AfD und die Freien W\u00e4hler in den Kreistag eingezogen. Auch keine \u00dcberraschung.<\/p>\n<p>In Winterberg sind die Zahlen interessant. Gegen den kreisweiten Trend hat die CDU zugelegt, w\u00e4hrend die SPD die Verluste auf HSK-Ebene in Winterberg sogar noch \u00fcbertroffen hat. Das muss eine Riesenentt\u00e4uschung f\u00fcr die GenossInnen sein.<\/p>\n<p>Die CDU Winterberg hatte vieles richtig gemacht (den B\u00fcrgermeisterkandidaten ausgetauscht), w\u00e4hrend die SPD in einem inhaltlich flei\u00dfigen Wahlkampf kaum Fehler machte.<\/p>\n<p>Preisfrage: Aus welchem Grund die Verluste? M\u00f6gliche Antworten halte ich f\u00fcr die Kommentare offen.<\/p>\n<p>Gro\u00dfer Gewinner in Winterberg sind die Freien W\u00e4hler, die es geschafft haben, von Siedlinghausen ausgehend (Hort der Unzufriedenheit mit bspw. der Schulpolitik der CDU bzw. des alten B\u00fcrgermeisters) mit erstaunlichen 8,62 Prozenten in den Rat einzuziehen.<\/p>\n<p>Bemerkenswert in Winterberg ist wie jedes Wahljahr die Abwesenheit der Gr\u00fcnen.<\/p>\n<p>W\u00e4hrend die B\u00fcrgemeisterwahl 2014 nur knapp zugunsten von Werner Eickler (CDU) ausgegangen waren, ist das jetzige Ergebnis eindeutig, was ich pers\u00f6nlich schade finde. Ich hatte der weiblichen Herausforderin mehr Stimmen zugetraut.<\/p>\n<figure id=\"attachment_47204\" aria-describedby=\"caption-attachment-47204\" style=\"width: 1200px\" class=\"wp-caption aligncenter\"><a href=\"https:\/\/www.schiebener.net\/wordpress\/wp-content\/uploads\/2020\/09\/Stadt-Winterberg-BM.jpg\"><img loading=\"lazy\" decoding=\"async\" class=\"size-full wp-image-47204\" src=\"https:\/\/www.schiebener.net\/wordpress\/wp-content\/uploads\/2020\/09\/Stadt-Winterberg-BM.jpg\" alt=\"\" width=\"1200\" height=\"800\" srcset=\"https:\/\/www.schiebener.net\/wordpress\/wp-content\/uploads\/2020\/09\/Stadt-Winterberg-BM.jpg 1200w, https:\/\/www.schiebener.net\/wordpress\/wp-content\/uploads\/2020\/09\/Stadt-Winterberg-BM-300x200.jpg 300w, https:\/\/www.schiebener.net\/wordpress\/wp-content\/uploads\/2020\/09\/Stadt-Winterberg-BM-1024x683.jpg 1024w, https:\/\/www.schiebener.net\/wordpress\/wp-content\/uploads\/2020\/09\/Stadt-Winterberg-BM-768x512.jpg 768w\" sizes=\"auto, (max-width: 709px) 85vw, (max-width: 909px) 67vw, (max-width: 1362px) 62vw, 840px\" \/><\/a><figcaption id=\"caption-attachment-47204\" class=\"wp-caption-text\">B\u00fcrgermeisterwahl: Beckmann r\u00e4umt ab.<\/figcaption><\/figure>\n<p>Preisfrage siehe oben.<\/p>\n<p>Ich bin gespannt, wie Michael Beckmann seine neue Rolle (vom Tourismusdirektor zum B\u00fcrgermeister) definieren wird und ob seine Herausforderin Anja Licher-Stahlschmidt weiterhin prominent in der Lokalpolitik mitmischen wird.<\/p>\n","protected":false},"excerpt":{"rendered":"<p>Gewinne und Verluste Winterberg Gewinne und Verluste Da ich nur wenig Zeit habe, hier eine kurze Einsch\u00e4tzung der Landtagswahlen in NRW vom 13. September 2020. Kreisweit prozentual gr\u00f6\u00dfter Verlierer ist &hellip; <a href=\"https:\/\/www.schiebener.net\/wordpress\/kurz-und-knapp-zur-wahl\/\" class=\"more-link\"><span class=\"screen-reader-text\">\u201eKurz und knapp zur Kommunalwahl im HSK und in Winterberg.\u201c <\/span>weiterlesen<\/a><\/p>\n","protected":false},"author":3,"featured_media":0,"comment_status":"open","ping_status":"open","sticky":false,"template":"","format":"standard","meta":{"footnotes":""},"categories":[80,24],"tags":[7534],"class_list":["post-47196","post","type-post","status-publish","format-standard","hentry","category-lokales","category-politik","tag-kommunalwahl-2020"],"_links":{"self":[{"href":"https:\/\/www.schiebener.net\/wordpress\/wp-json\/wp\/v2\/posts\/47196","targetHints":{"allow":["GET"]}}],"collection":[{"href":"https:\/\/www.schiebener.net\/wordpress\/wp-json\/wp\/v2\/posts"}],"about":[{"href":"https:\/\/www.schiebener.net\/wordpress\/wp-json\/wp\/v2\/types\/post"}],"author":[{"embeddable":true,"href":"https:\/\/www.schiebener.net\/wordpress\/wp-json\/wp\/v2\/users\/3"}],"replies":[{"embeddable":true,"href":"https:\/\/www.schiebener.net\/wordpress\/wp-json\/wp\/v2\/comments?post=47196"}],"version-history":[{"count":0,"href":"https:\/\/www.schiebener.net\/wordpress\/wp-json\/wp\/v2\/posts\/47196\/revisions"}],"wp:attachment":[{"href":"https:\/\/www.schiebener.net\/wordpress\/wp-json\/wp\/v2\/media?parent=47196"}],"wp:term":[{"taxonomy":"category","embeddable":true,"href":"https:\/\/www.schiebener.net\/wordpress\/wp-json\/wp\/v2\/categories?post=47196"},{"taxonomy":"post_tag","embeddable":true,"href":"https:\/\/www.schiebener.net\/wordpress\/wp-json\/wp\/v2\/tags?post=47196"}],"curies":[{"name":"wp","href":"https:\/\/api.w.org\/{rel}","templated":true}]}}