{"id":47179,"date":"2020-09-11T19:01:41","date_gmt":"2020-09-11T18:01:41","guid":{"rendered":"https:\/\/www.schiebener.net\/wordpress\/?p=47179"},"modified":"2020-09-11T19:01:41","modified_gmt":"2020-09-11T18:01:41","slug":"waldfrevel-im-hochsauerland","status":"publish","type":"post","link":"https:\/\/www.schiebener.net\/wordpress\/waldfrevel-im-hochsauerland\/","title":{"rendered":"Waldfrevel im Hochsauerland?"},"content":{"rendered":"<figure id=\"attachment_18182\" aria-describedby=\"caption-attachment-18182\" style=\"width: 512px\" class=\"wp-caption aligncenter\"><img loading=\"lazy\" decoding=\"async\" class=\"size-full wp-image-18182\" src=\"https:\/\/www.schiebener.net\/wordpress\/wp-content\/uploads\/2012\/05\/buchenennert20120506.jpg\" alt=\"\" width=\"512\" height=\"683\" srcset=\"https:\/\/www.schiebener.net\/wordpress\/wp-content\/uploads\/2012\/05\/buchenennert20120506.jpg 512w, https:\/\/www.schiebener.net\/wordpress\/wp-content\/uploads\/2012\/05\/buchenennert20120506-224x300.jpg 224w\" sizes=\"auto, (max-width: 512px) 85vw, 512px\" \/><figcaption id=\"caption-attachment-18182\" class=\"wp-caption-text\">Symbolfoto: Ein Wald voller Buchen im Mai (archiv: zoom)<\/figcaption><\/figure>\n<p><strong>Der Kahlschlag \u2026<br \/>\nNorbert Panek, Buchenwaldexperte und Wissenschaftlicher Beirat des Umweltverbandes Naturschutzinitiative e.V. (NI), wandte sich am 02.09.2020 mit einer Pressemitteilung an die \u00d6ffentlichkeit. Darin kritisierte er den \u201eBuchen-Gro\u00dfkahlschlag\u201c im Hochsauerland.<\/strong><\/p>\n<p><em>(Pressemitteilung der Sauerl\u00e4nder B\u00fcrgerliste)<\/em><\/p>\n<p><strong>\u2026 in der Tourismus-Region bei Winterberg \u2026 <\/strong><br \/>\nKonkret geht es in der Ver\u00f6ffentlichung um die Abholzung \u201eeiner markanten Bergkuppe\u201c am S\u00fcdosthang des \u201eHohen Knochen\u201c nahe Neuastenberg. Dort soll ein rund 30 Hektar gro\u00dfer, geschlossener, alter Buchenbestand in den letzten Jahren freigeschlagen und mit Fichten bepflanzt worden sein. Ein Teil der jungen Fichten sei bereits vertrocknet. Der Eingriff lie\u00dfe sich auch sehr gut anhand von Satellitenbildern nachverfolgen, hei\u00dft es in der PM. Es handele sich hier um \u201eVernichtung von Wald-Lebensr\u00e4umen der \u00fcbelsten Art\u201c.<\/p>\n<p><strong>\u2026 ist gut dokumentiert \u2026<\/strong><br \/>\nNorbert Panek dokumentiert den trostlosen Anblick nicht nur mit Worten, sondern auch mit Fotos. Sie zeigen einen Hang mit Baumst\u00fcmpfen. Auf einem anderen Bild sind abges\u00e4gte Baumst\u00e4mme neben einem schmalen Streifen hoher Laubb\u00e4ume zu sehen.<\/p>\n<p><strong>\u2026 und das Regionalforstamt ist informiert.<\/strong><br \/>\nLaut oben genannter Pressemitteilung ist das zust\u00e4ndige Regionalforstamt in Schmallenberg von Norbert Panek und der Naturschutzinitiative e.V. (NI) \u00fcber den Fall informiert worden. Die NI h\u00e4tte bei der Beh\u00f6rde eine rechtliche Bewertung eingefordert, da nach dem Landesforstgesetz Kahlschl\u00e4ge ab einer Gr\u00f6\u00dfe von zwei Hektar verboten sind.<\/p>\n<p><strong>Das Ausma\u00df der Zerst\u00f6rung ist gro\u00df.<\/strong><br \/>\nLinks zu Pressemitteilungen vom 02.09.2020 und vom 13.08.2020 und zu Fotos, die das Ausma\u00df der Zerst\u00f6rung zeigen:<\/p>\n<p><a href=\"https:\/\/www.naturschutz-initiative.de\/neuigkeiten\/765-02-09-2020-buchen-grosskahlschlag-im-hochsauerland-ist-unverantwortlich\" target=\"_blank\" rel=\"noopener noreferrer\">https:\/\/www.naturschutz-initiative.de\/neuigkeiten\/765-02-09-2020-buchen-grosskahlschlag-im-hochsauerland-ist-unverantwortlich<\/a><\/p>\n<p><a href=\"https:\/\/www.bundesbuergerinitiative-waldschutz.de\/2020\/08\/13\/buchenwald-drama-im-sauerland-zerst%C3%B6rerischer-waldumbau-der-dritten-art\/\" target=\"_blank\" rel=\"noopener noreferrer\">https:\/\/www.bundesbuergerinitiative-waldschutz.de\/2020\/08\/13\/buchenwald-drama-im-sauerland-zerst%C3%B6rerischer-waldumbau-der-dritten-art\/<\/a><\/p>\n<p><strong>Die SBL-Kreistagsfraktion stellt eine Anfrage:<\/strong><br \/>\nDie SBL bittet mit Schreiben vom 11.09.2020 den Chef der Unteren Naturschutzbeh\u00f6rde, Landrat Dr. Karl Schneider, um die Beantwortung folgender Fragen:<\/p>\n<ol>\n<li>Ist die Untere Naturschutzbeh\u00f6rde \u00fcber die Abholzung des Buchenwaldes am \u201eHohen Knochen\u201c im Vorfeld oder im Nachhinein in Kenntnis gesetzt worden?<\/li>\n<li>Wurde bei Ihrer Beh\u00f6rde eine Genehmigung f\u00fcr die Kahlschl\u00e4ge eingeholt?<\/li>\n<li>Wie ist Ihre rechtliche Bewertung dieser Abholzungsma\u00dfnahme?<\/li>\n<li>Wie bewerten Sie die Vernichtung des alten Buchenbestandes aus \u00f6kologischer Sicht?<\/li>\n<li>Wie bewerten Sie die Vernichtung des alten Buchenbestandes aus \u00f6konomischer Sicht?<\/li>\n<\/ol>\n<p>\u00dcber die Antworten wird die Sauerl\u00e4nder B\u00fcrgerliste &#8211; so oder so \u2013 nach der Kreistagswahl berichten.<\/p>\n","protected":false},"excerpt":{"rendered":"<p>Der Kahlschlag \u2026 Norbert Panek, Buchenwaldexperte und Wissenschaftlicher Beirat des Umweltverbandes Naturschutzinitiative e.V. (NI), wandte sich am 02.09.2020 mit einer Pressemitteilung an die \u00d6ffentlichkeit. Darin kritisierte er den \u201eBuchen-Gro\u00dfkahlschlag\u201c im &hellip; <a href=\"https:\/\/www.schiebener.net\/wordpress\/waldfrevel-im-hochsauerland\/\" class=\"more-link\"><span class=\"screen-reader-text\">\u201eWaldfrevel im Hochsauerland?\u201c <\/span>weiterlesen<\/a><\/p>\n","protected":false},"author":17,"featured_media":0,"comment_status":"open","ping_status":"open","sticky":false,"template":"","format":"standard","meta":{"footnotes":""},"categories":[303,80,1043,549],"tags":[8712,655,6854],"class_list":["post-47179","post","type-post","status-publish","format-standard","hentry","category-in-unserem-briefkasten","category-lokales","category-pressemitteilungen","category-umwelt","tag-buchenwald","tag-pressemitteilung","tag-sauerlaender-buergerliste-sblfw"],"_links":{"self":[{"href":"https:\/\/www.schiebener.net\/wordpress\/wp-json\/wp\/v2\/posts\/47179","targetHints":{"allow":["GET"]}}],"collection":[{"href":"https:\/\/www.schiebener.net\/wordpress\/wp-json\/wp\/v2\/posts"}],"about":[{"href":"https:\/\/www.schiebener.net\/wordpress\/wp-json\/wp\/v2\/types\/post"}],"author":[{"embeddable":true,"href":"https:\/\/www.schiebener.net\/wordpress\/wp-json\/wp\/v2\/users\/17"}],"replies":[{"embeddable":true,"href":"https:\/\/www.schiebener.net\/wordpress\/wp-json\/wp\/v2\/comments?post=47179"}],"version-history":[{"count":0,"href":"https:\/\/www.schiebener.net\/wordpress\/wp-json\/wp\/v2\/posts\/47179\/revisions"}],"wp:attachment":[{"href":"https:\/\/www.schiebener.net\/wordpress\/wp-json\/wp\/v2\/media?parent=47179"}],"wp:term":[{"taxonomy":"category","embeddable":true,"href":"https:\/\/www.schiebener.net\/wordpress\/wp-json\/wp\/v2\/categories?post=47179"},{"taxonomy":"post_tag","embeddable":true,"href":"https:\/\/www.schiebener.net\/wordpress\/wp-json\/wp\/v2\/tags?post=47179"}],"curies":[{"name":"wp","href":"https:\/\/api.w.org\/{rel}","templated":true}]}}