{"id":47144,"date":"2020-08-31T20:17:13","date_gmt":"2020-08-31T19:17:13","guid":{"rendered":"https:\/\/www.schiebener.net\/wordpress\/?p=47144"},"modified":"2020-08-31T20:17:13","modified_gmt":"2020-08-31T19:17:13","slug":"im-briefkasten-wahlkampftermine-der-spd-winterberg-in-niedersfeld-und-winterberg","status":"publish","type":"post","link":"https:\/\/www.schiebener.net\/wordpress\/im-briefkasten-wahlkampftermine-der-spd-winterberg-in-niedersfeld-und-winterberg\/","title":{"rendered":"Im Briefkasten: Wahlkampftermine der SPD Winterberg in Niedersfeld und Winterberg"},"content":{"rendered":"<figure id=\"attachment_46908\" aria-describedby=\"caption-attachment-46908\" style=\"width: 699px\" class=\"wp-caption aligncenter\"><img loading=\"lazy\" decoding=\"async\" class=\" wp-image-46908\" src=\"https:\/\/www.schiebener.net\/wordpress\/wp-content\/uploads\/2020\/07\/GutAufgestelltHilleUndRuhrtal.jpg\" alt=\"\" width=\"699\" height=\"415\" srcset=\"https:\/\/www.schiebener.net\/wordpress\/wp-content\/uploads\/2020\/07\/GutAufgestelltHilleUndRuhrtal.jpg 1024w, https:\/\/www.schiebener.net\/wordpress\/wp-content\/uploads\/2020\/07\/GutAufgestelltHilleUndRuhrtal-300x178.jpg 300w, https:\/\/www.schiebener.net\/wordpress\/wp-content\/uploads\/2020\/07\/GutAufgestelltHilleUndRuhrtal-768x456.jpg 768w\" sizes=\"auto, (max-width: 709px) 85vw, (max-width: 909px) 67vw, (max-width: 984px) 61vw, (max-width: 1362px) 45vw, 600px\" \/><figcaption id=\"caption-attachment-46908\" class=\"wp-caption-text\">Die SPD am Hillebachsee von links: Nikolaus H\u00e4rtelt, Diethelm Geilen, Jutta Ittermann, Fritz Kelm, Anja Licher-Stahlschmidt und Lars Hiob (foto: spd)<\/figcaption><\/figure>\n<p><strong>Niedersfeld<\/strong> Am Freitag, den 04.09.2020, werden die B\u00fcrgermeisterkandidatin Anja Licher-Stahlschmidt und die Kandidaten Fritz Kelm (Wahlbezirk 13) und Lars Hiob (Wahlbezirk 12), der zudem auch als Kandidat f\u00fcr die Aufgabe der Ortsvorstehers kandidiert in Niedersfeld unterwegs sein.<\/p>\n<p>Die drei KandidatInnen werden gegen 17:00 Uhr beginnend am Sportplatz und der Dorfhalle vorbei am Dorfgemeinschaftshaus in Richtung Dorfmitte gehen. Der Ortsrundgang kann gern genutzt werden, um die B\u00fcrgermeisterkandidatin und die Kandidaten aus Niedersfeld pers\u00f6nlich kennenzulernen und mehr \u00fcber die Vorhaben, die das Dorf aber auch ganz Winterberg betreffen, zu erfahren.<\/p>\n<p>Ein paar eigene Ideen, \u00fcber die er sich gern austauschen m\u00f6chte, habe Lars Hiob f\u00fcr das Dorf auch noch im Gep\u00e4ck.<\/p>\n<p>Im Anschluss, gegen 18:30 Uhr, findet ein B\u00fcrgerdialog im Hotel Niedersfeld statt. Das Wahlprogramm \u201eWinterberg 15 Ortsteile sind mEINE Stadt\u201c wird hier von der B\u00fcrgermeisterkandidatin Anja Licher-Stahlschmidt noch einmal vorgestellt werden. Lars Hiob: &#8222;Wir freuen uns auf interessante Gespr\u00e4che in lockerer Runde.&#8220;<\/p>\n<p><strong>Winterberg<\/strong> Die Vorstellung des Wahlprogramms \u201eWinterberg 15 Ortsteile sind mEINE Stadt\u201c geht in die Endrunde. Am Samstag, den 05.09.2020, besteht am Vormittag bis zum fr\u00fchen Nachmittag auf dem Vorplatz des Aldi noch einmal die Gelegenheit die B\u00fcrgermeisterkandidatin Anja Licher-Stahlschmidt pers\u00f6nlich kennenzulernen.<\/p>\n<p>Neben ihr werden unser Landratskandidat Reinhard Br\u00fcggemann sowie die Kandidatinnen und Kandidaten aus Winterberg sowie einigen D\u00f6rfern vor Ort sein. Wir haben in den letzten Wochen gesp\u00fcrt, dass wir mit unserem Programm von den B\u00fcrgerinnen und B\u00fcrgern der gesamten Stadt sehr viel Zuspruch erhalten.<\/p>\n<p>Dazu geh\u00f6rten die Ideen f\u00fcr Mehrgenerationenwohnen, am besten in Form einer Wohnungsbaugenossenschaft, oder die dringend notwendige Verbesserung der Flexibilit\u00e4t derer, die nicht immer \u00fcber ein eigenes Auto verf\u00fcgen.<\/p>\n<p>Von vielen B\u00fcrgerinnen und B\u00fcrgern werde es als positiv bewertet, dass die SPD ein Auge auf die Einschnitte in die Umwelt und Natur rund um Winterberg werfe. Die Pl\u00e4ne zur Vernetzung der D\u00f6rfer mit besseren Radwegen stie\u00dfen ebenfalls auf Zustimmung.<\/p>\n<p>Es seien weitere Investitionen in unsere Schullandschaft n\u00f6tig sowie der Blick auf unsere Jugend, um mit passenden Angeboten und einer gest\u00e4rkten Wirtschaftsf\u00f6rderung f\u00fcr alle Branchen dem Fortzug und Fachkr\u00e4ftemangel entgegenzuwirken und passende Jobs in einem lebenswerten Winterberg f\u00fcr alle zu schaffen.<\/p>\n<p>&#8222;Das ist nur ein kleiner Auszug aus unserem Programm&#8220;, so Lars Hiob. &#8222;Wenn Ihr noch mehr erfahren m\u00f6chtet, freuen wir uns auf einen lockeren Austausch am roten Pavillon.&#8220;<\/p>\n","protected":false},"excerpt":{"rendered":"<p>Niedersfeld Am Freitag, den 04.09.2020, werden die B\u00fcrgermeisterkandidatin Anja Licher-Stahlschmidt und die Kandidaten Fritz Kelm (Wahlbezirk 13) und Lars Hiob (Wahlbezirk 12), der zudem auch als Kandidat f\u00fcr die Aufgabe &hellip; <a href=\"https:\/\/www.schiebener.net\/wordpress\/im-briefkasten-wahlkampftermine-der-spd-winterberg-in-niedersfeld-und-winterberg\/\" class=\"more-link\"><span class=\"screen-reader-text\">\u201eIm Briefkasten: Wahlkampftermine der SPD Winterberg in Niedersfeld und Winterberg\u201c <\/span>weiterlesen<\/a><\/p>\n","protected":false},"author":17,"featured_media":0,"comment_status":"open","ping_status":"open","sticky":false,"template":"","format":"standard","meta":{"footnotes":""},"categories":[303,80,24,1043],"tags":[8644,655,1980],"class_list":["post-47144","post","type-post","status-publish","format-standard","hentry","category-in-unserem-briefkasten","category-lokales","category-politik","category-pressemitteilungen","tag-kommunalwahlen-2020","tag-pressemitteilung","tag-spd-winterberg"],"_links":{"self":[{"href":"https:\/\/www.schiebener.net\/wordpress\/wp-json\/wp\/v2\/posts\/47144","targetHints":{"allow":["GET"]}}],"collection":[{"href":"https:\/\/www.schiebener.net\/wordpress\/wp-json\/wp\/v2\/posts"}],"about":[{"href":"https:\/\/www.schiebener.net\/wordpress\/wp-json\/wp\/v2\/types\/post"}],"author":[{"embeddable":true,"href":"https:\/\/www.schiebener.net\/wordpress\/wp-json\/wp\/v2\/users\/17"}],"replies":[{"embeddable":true,"href":"https:\/\/www.schiebener.net\/wordpress\/wp-json\/wp\/v2\/comments?post=47144"}],"version-history":[{"count":0,"href":"https:\/\/www.schiebener.net\/wordpress\/wp-json\/wp\/v2\/posts\/47144\/revisions"}],"wp:attachment":[{"href":"https:\/\/www.schiebener.net\/wordpress\/wp-json\/wp\/v2\/media?parent=47144"}],"wp:term":[{"taxonomy":"category","embeddable":true,"href":"https:\/\/www.schiebener.net\/wordpress\/wp-json\/wp\/v2\/categories?post=47144"},{"taxonomy":"post_tag","embeddable":true,"href":"https:\/\/www.schiebener.net\/wordpress\/wp-json\/wp\/v2\/tags?post=47144"}],"curies":[{"name":"wp","href":"https:\/\/api.w.org\/{rel}","templated":true}]}}