{"id":47055,"date":"2020-08-07T18:31:56","date_gmt":"2020-08-07T17:31:56","guid":{"rendered":"https:\/\/www.schiebener.net\/wordpress\/?p=47055"},"modified":"2020-08-07T18:40:38","modified_gmt":"2020-08-07T17:40:38","slug":"mathias-knoll-teuflisch-hohe-absaetze","status":"publish","type":"post","link":"https:\/\/www.schiebener.net\/wordpress\/mathias-knoll-teuflisch-hohe-absaetze\/","title":{"rendered":"Mathias Knoll: Teuflisch hohe Abs\u00e4tze"},"content":{"rendered":"<figure id=\"attachment_47056\" aria-describedby=\"caption-attachment-47056\" style=\"width: 244px\" class=\"wp-caption alignleft\"><a href=\"https:\/\/www.schiebener.net\/wordpress\/wp-content\/uploads\/2020\/08\/20200807TeuflischHoheAbsaetze.jpg\"><img loading=\"lazy\" decoding=\"async\" class=\" wp-image-47056\" src=\"https:\/\/www.schiebener.net\/wordpress\/wp-content\/uploads\/2020\/08\/20200807TeuflischHoheAbsaetze.jpg\" alt=\"\" width=\"244\" height=\"386\" srcset=\"https:\/\/www.schiebener.net\/wordpress\/wp-content\/uploads\/2020\/08\/20200807TeuflischHoheAbsaetze.jpg 316w, https:\/\/www.schiebener.net\/wordpress\/wp-content\/uploads\/2020\/08\/20200807TeuflischHoheAbsaetze-190x300.jpg 190w\" sizes=\"auto, (max-width: 244px) 85vw, 244px\" \/><\/a><figcaption id=\"caption-attachment-47056\" class=\"wp-caption-text\">Buchcover mit hohen Abs\u00e4tzen &#8230;<\/figcaption><\/figure>\n<p><strong>Teuflisch gut und teuflisch spannend ist <a href=\"http:\/\/www.westfluegel-shop.de\/autoren\/knoll-mathias\/\" target=\"_blank\" rel=\"noopener noreferrer\">Mathias Knolls<\/a> Krimi &#8222;Teuflisch hohe Abs\u00e4tze&#8220;. 366 Seiten Spannung pur, 366 Seiten Liebesdrama, 366 Seiten mit einem von einer schweren Krankheit gezeichneten Protagonisten. Aber auch 366 Seiten, bei denen der Fokus auf dem Tod von Eura gerichtet wird.<\/strong><\/p>\n<p><em>(<a href=\"http:\/\/www.westfluegel-shop.de\/teuflisch-hohe-absaetze\/\" target=\"_blank\" rel=\"noopener noreferrer\">Pressemitteilung<\/a> Verlagstext)<\/em><\/p>\n<p>Wobei bis zum Schluss dar\u00fcber ger\u00e4tselt werden darf, ob es Mord, Totschlag oder gar Suizid gewesen sein mag. Ein sprachgewaltiger Roman, der ebenso ergreifend wie fesselnd und unterhaltend ist. Sex and Crime sind der rote Faden durch die Erz\u00e4hlung um die schicksalhafte Beziehung zwischen Orf und Eura.<\/p>\n<p>\u201eWir konnten uns gen\u00fcsslich hassen, und das erregte uns so sehr bis zum Rande der Bewusstlosigkeit\u201c, konstatierte Orf, der nach einem Schlaganfall gleicherma\u00dfen mit dem Leben und nach Worten ringt.<\/p>\n<p>W\u00e4hrend Orf seine Gedankenwelt zu sortieren versucht, ist die Polizei bem\u00fcht, Licht in das Dunkel dieses Beziehungsdramas zu bringen. Dabei ist man hin und hergerissen, ob man mit dem Protagonisten Mitleid versp\u00fcren sollte: Orf verlor nach dem Schlaganfall den Boden unter den F\u00fc\u00dfen und flog dahin wie auf einem bunten Teppich. Der Defibrillator war seine letzte Rettung. Gel\u00e4hmt lag er im Krankenhaus und sah sein Leben wie durch ein Kaleidoskop. Er hatte seinen sprachlichen Zugriff auf sein Dasein verloren. Er war aus seiner Geschichte gefallen. Seine linke Gehirnh\u00e4lfte war zwar einer Ruine, aber doch bewohnbar.<\/p>\n<p>Seine Gedankenwelt dreht sich immer und immer wieder um Eura, die sein Leben in mannigfaltiger Art und Weise ver\u00e4nderte und durcheinandergebracht hatte. Drei Worte konnten in dieser schicksalhaften Beziehung eine heillose Verwirrung anrichten. Wer konnte wissen, dass die Unvers\u00f6hnlichkeit zu ihrer Leidenschaft geh\u00f6rt? Eine betrogene Ehefrau und ein geh\u00f6rnter Ehemann waren auch ein Paar!<\/p>\n<p>Oder, wie es Orf ausdr\u00fcckt: \u201eIch versteckte mich hinter meiner Vernunft und wusste, der Zufall war nur ein W\u00fcrfelbecher: Es kam nur darauf an, wer ihn in der Hand hielt\u2026\u201c<\/p>\n<p>&#8212;&#8212;&#8212;&#8212;&#8212;&#8212;&#8212;&#8212;&#8212;&#8212;&#8212;-<\/p>\n<p><em>Mathias Knoll<\/em><br \/>\n<em><strong>Teuflisch hohe Abs\u00e4tze<\/strong><\/em><br \/>\n<em>ISBN 978-3-939408-66-6<\/em><br \/>\n<em>Krimi<\/em><br \/>\n<em>366 Seiten<\/em><br \/>\n<em>17,99 Euro<\/em><\/p>\n<p><em><strong>Zur Person:<\/strong> Mathias Knoll schreibt und lebt in Arnberg. Der geb\u00fcrtige Stuttgarter verbrachte Teile seiner Jugend in Persien und wirkte nach seinem Medizinstudium lange Jahre als Arzt.<\/em><\/p>\n<p><em>2013 erlitt er einen Schlaganfall mit Aphasie, was ihn schlie\u00dflich dazu zwang, das Stethoskop an den Nagel zu h\u00e4ngen. Seine Passion f\u00fcr das Schreiben hat er jedoch nicht verloren. In einer <a href=\"https:\/\/liton.nrw\/person\/knoll-mathias\" target=\"_blank\" rel=\"noopener noreferrer\">Selbstauskunft<\/a> bezeichnet sich Mathias Knoll als &#8222;konstruktiver Depressionist&#8220;.<\/em><\/p>\n<p><em>Neben dem vorliegenden Roman blickt er auf Ver\u00f6ffentlichungen in namhaften Publikation wie der FAZ, der Neuen Z\u00fcricher Zeitung oder dem Bonner General-Anzeiger.\u00a0 Sein Krimi &#8222;Teuflisch hohe Abs\u00e4tze&#8220; ist 2020 im <a href=\"http:\/\/www.westfluegel-shop.de\/\" target=\"_blank\" rel=\"noopener noreferrer\">Westfl\u00fcgel Verlag<\/a> erschienen.<\/em><\/p>\n","protected":false},"excerpt":{"rendered":"<p>Teuflisch gut und teuflisch spannend ist Mathias Knolls Krimi &#8222;Teuflisch hohe Abs\u00e4tze&#8220;. 366 Seiten Spannung pur, 366 Seiten Liebesdrama, 366 Seiten mit einem von einer schweren Krankheit gezeichneten Protagonisten. Aber &hellip; <a href=\"https:\/\/www.schiebener.net\/wordpress\/mathias-knoll-teuflisch-hohe-absaetze\/\" class=\"more-link\"><span class=\"screen-reader-text\">\u201eMathias Knoll: Teuflisch hohe Abs\u00e4tze\u201c <\/span>weiterlesen<\/a><\/p>\n","protected":false},"author":17,"featured_media":0,"comment_status":"open","ping_status":"open","sticky":false,"template":"","format":"standard","meta":{"footnotes":""},"categories":[218,303,80,1043],"tags":[8704,655],"class_list":["post-47055","post","type-post","status-publish","format-standard","hentry","category-bucher","category-in-unserem-briefkasten","category-lokales","category-pressemitteilungen","tag-mathias-knoll","tag-pressemitteilung"],"_links":{"self":[{"href":"https:\/\/www.schiebener.net\/wordpress\/wp-json\/wp\/v2\/posts\/47055","targetHints":{"allow":["GET"]}}],"collection":[{"href":"https:\/\/www.schiebener.net\/wordpress\/wp-json\/wp\/v2\/posts"}],"about":[{"href":"https:\/\/www.schiebener.net\/wordpress\/wp-json\/wp\/v2\/types\/post"}],"author":[{"embeddable":true,"href":"https:\/\/www.schiebener.net\/wordpress\/wp-json\/wp\/v2\/users\/17"}],"replies":[{"embeddable":true,"href":"https:\/\/www.schiebener.net\/wordpress\/wp-json\/wp\/v2\/comments?post=47055"}],"version-history":[{"count":0,"href":"https:\/\/www.schiebener.net\/wordpress\/wp-json\/wp\/v2\/posts\/47055\/revisions"}],"wp:attachment":[{"href":"https:\/\/www.schiebener.net\/wordpress\/wp-json\/wp\/v2\/media?parent=47055"}],"wp:term":[{"taxonomy":"category","embeddable":true,"href":"https:\/\/www.schiebener.net\/wordpress\/wp-json\/wp\/v2\/categories?post=47055"},{"taxonomy":"post_tag","embeddable":true,"href":"https:\/\/www.schiebener.net\/wordpress\/wp-json\/wp\/v2\/tags?post=47055"}],"curies":[{"name":"wp","href":"https:\/\/api.w.org\/{rel}","templated":true}]}}