{"id":47047,"date":"2020-08-05T17:33:38","date_gmt":"2020-08-05T16:33:38","guid":{"rendered":"https:\/\/www.schiebener.net\/wordpress\/?p=47047"},"modified":"2020-08-05T17:33:38","modified_gmt":"2020-08-05T16:33:38","slug":"wahlkampf-der-spd-in-langewiese-und-niedersfeld-unterwegs-mit-anja","status":"publish","type":"post","link":"https:\/\/www.schiebener.net\/wordpress\/wahlkampf-der-spd-in-langewiese-und-niedersfeld-unterwegs-mit-anja\/","title":{"rendered":"Wahlkampf der SPD in Langewiese und Niedersfeld: &#8222;Unterwegs mit Anja&#8220;"},"content":{"rendered":"<figure id=\"attachment_47048\" aria-describedby=\"caption-attachment-47048\" style=\"width: 700px\" class=\"wp-caption aligncenter\"><a href=\"https:\/\/www.schiebener.net\/wordpress\/wp-content\/uploads\/2020\/08\/20200805WahlkampfPavillonAnjaundJ\u00f6rg.jpg\" target=\"_blank\" rel=\"noopener noreferrer\"><img loading=\"lazy\" decoding=\"async\" class=\"wp-image-47048\" src=\"https:\/\/www.schiebener.net\/wordpress\/wp-content\/uploads\/2020\/08\/20200805WahlkampfPavillonAnjaundJ\u00f6rg.jpg\" alt=\"\" width=\"700\" height=\"554\" srcset=\"https:\/\/www.schiebener.net\/wordpress\/wp-content\/uploads\/2020\/08\/20200805WahlkampfPavillonAnjaundJ\u00f6rg.jpg 1024w, https:\/\/www.schiebener.net\/wordpress\/wp-content\/uploads\/2020\/08\/20200805WahlkampfPavillonAnjaundJ\u00f6rg-300x238.jpg 300w, https:\/\/www.schiebener.net\/wordpress\/wp-content\/uploads\/2020\/08\/20200805WahlkampfPavillonAnjaundJ\u00f6rg-768x608.jpg 768w\" sizes=\"auto, (max-width: 709px) 85vw, (max-width: 909px) 67vw, (max-width: 984px) 61vw, (max-width: 1362px) 45vw, 600px\" \/><\/a><figcaption id=\"caption-attachment-47048\" class=\"wp-caption-text\">Wahlkampfpavillun mit Anja Licher-Stahlschmidt und J\u00f6rg Burmann (foto: spd)<\/figcaption><\/figure>\n<p><strong>Langewiese. Am Freitag, den 7. August 2020, kommt die B\u00fcrgermeisterkandidatin der SPD Winterberg Anja Licher-Stahlschmidt nach Langewiese.<\/strong><\/p>\n<p><em>(Pressemitteilung der SPD Winterberg)<\/em><\/p>\n<p>Zusammen mit der Kandidatin f\u00fcr die H\u00f6hend\u00f6rfer Hoheleye, Langewiese, Neuastenberg, Lennepl\u00e4tze und Mollseifen <strong>Alyssa Klauke<\/strong> und dem Ortsvorsteher l\u00e4dt sie zur lockeren Gespr\u00e4chsrunde <strong>ab 16:00 Uhr an den Pavillon im Dorfgarten<\/strong>.<\/p>\n<p>Nach einem sicher spannenden Austausch geht es gegen <strong>17:00 Uhr los zu einem Ortsspaziergang<\/strong>. Hier sind die Winterberger Sozialdemokraten an Ihrer Meinung interessiert: &#8222;Sprechen Sie uns an! Wir bei\u00dfen nicht.&#8220;<\/p>\n<p><strong>Niedersfeld. Am Samstag, den 8. August 2020 ab 9:00 Uhr, stellt sich die B\u00fcrgermeisterkandidatin der SPD-Winterberg Anja Licher-Stahlschmidt den Fragen der B\u00fcrgerinnen und B\u00fcrger im Ruhr- und Hilletal.<\/strong><\/p>\n<p>Ihr findet Sie mit ihrem Team auf dem Parkplatz <strong>neben der Gem\u00fcsescheune<\/strong>. Zusammen mit <strong>Jutta Ittermann, Fritz Kelm sowie Lars Hiob<\/strong>, der zus\u00e4tzlich noch f\u00fcr das Amt des Ortsvorstehers in Niedersfeld kandidiert, m\u00f6chte sie in einen regen Dialog mit den B\u00fcrgerinnen und B\u00fcrgern kommen.<\/p>\n<p>Die Winterberger Sozialdemokraten haben viele Ideen von den Werkstattgespr\u00e4chen des vergangenen Jahres im Gep\u00e4ck. Schlie\u00dflich h\u00e4tten sie ihr Programm bereits im letzten Dezember verabschiedet. Lars Hiob: &#8222;Lasst uns miteinander reden, denn unser Programm wird sich, ausgerichtet an den Bed\u00fcrfnissen der B\u00fcrgerinnen und B\u00fcrger, immer weiterentwickeln.&#8220;<\/p>\n<p>Ebenfalls wird die Frau von Lars Hiob, <strong>Isabell Hiob<\/strong>, vor Ort sein. Als Leiterin der Winterberger Vorsorgeklinik f\u00fcr Pflegende Angeh\u00f6rige hatte sie schon viele Male wertvolle Tipps zum Thema Pflege und Pflegeleistungen f\u00fcr den ein oder anderen im Ort parat. Eines der wichtigeen\u00a0 Vorhaben f\u00fcr die kommenden Jahre sei es, die Pflege- und Gesundheitsanbieter deutlich sichtbarer zu machen, als das in den vergangenen Jahren passierte, denn die Gesundheits- und Pflegeversorgung vor Ort liege den Sozialdemokraten am Herzen.<\/p>\n<p>&#8222;Wir freuen uns auf Euren Besuch am kommenden Samstagvormittag <strong>ab 9:00 Uhr an der Gem\u00fcsescheune in Niedersfeld<\/strong>.&#8220;<\/p>\n","protected":false},"excerpt":{"rendered":"<p>Langewiese. Am Freitag, den 7. August 2020, kommt die B\u00fcrgermeisterkandidatin der SPD Winterberg Anja Licher-Stahlschmidt nach Langewiese. (Pressemitteilung der SPD Winterberg) Zusammen mit der Kandidatin f\u00fcr die H\u00f6hend\u00f6rfer Hoheleye, Langewiese, &hellip; <a href=\"https:\/\/www.schiebener.net\/wordpress\/wahlkampf-der-spd-in-langewiese-und-niedersfeld-unterwegs-mit-anja\/\" class=\"more-link\"><span class=\"screen-reader-text\">\u201eWahlkampf der SPD in Langewiese und Niedersfeld: &#8222;Unterwegs mit Anja&#8220;\u201c <\/span>weiterlesen<\/a><\/p>\n","protected":false},"author":17,"featured_media":0,"comment_status":"open","ping_status":"open","sticky":false,"template":"","format":"standard","meta":{"footnotes":""},"categories":[303,80,24,1043],"tags":[7534,655,1980],"class_list":["post-47047","post","type-post","status-publish","format-standard","hentry","category-in-unserem-briefkasten","category-lokales","category-politik","category-pressemitteilungen","tag-kommunalwahl-2020","tag-pressemitteilung","tag-spd-winterberg"],"_links":{"self":[{"href":"https:\/\/www.schiebener.net\/wordpress\/wp-json\/wp\/v2\/posts\/47047","targetHints":{"allow":["GET"]}}],"collection":[{"href":"https:\/\/www.schiebener.net\/wordpress\/wp-json\/wp\/v2\/posts"}],"about":[{"href":"https:\/\/www.schiebener.net\/wordpress\/wp-json\/wp\/v2\/types\/post"}],"author":[{"embeddable":true,"href":"https:\/\/www.schiebener.net\/wordpress\/wp-json\/wp\/v2\/users\/17"}],"replies":[{"embeddable":true,"href":"https:\/\/www.schiebener.net\/wordpress\/wp-json\/wp\/v2\/comments?post=47047"}],"version-history":[{"count":0,"href":"https:\/\/www.schiebener.net\/wordpress\/wp-json\/wp\/v2\/posts\/47047\/revisions"}],"wp:attachment":[{"href":"https:\/\/www.schiebener.net\/wordpress\/wp-json\/wp\/v2\/media?parent=47047"}],"wp:term":[{"taxonomy":"category","embeddable":true,"href":"https:\/\/www.schiebener.net\/wordpress\/wp-json\/wp\/v2\/categories?post=47047"},{"taxonomy":"post_tag","embeddable":true,"href":"https:\/\/www.schiebener.net\/wordpress\/wp-json\/wp\/v2\/tags?post=47047"}],"curies":[{"name":"wp","href":"https:\/\/api.w.org\/{rel}","templated":true}]}}