{"id":4696,"date":"2009-09-11T19:41:08","date_gmt":"2009-09-11T17:41:08","guid":{"rendered":"http:\/\/www.schiebener.net\/wordpress\/?p=4696"},"modified":"2009-09-11T20:48:15","modified_gmt":"2009-09-11T18:48:15","slug":"djv-vor-dem-bruch","status":"publish","type":"post","link":"https:\/\/www.schiebener.net\/wordpress\/djv-vor-dem-bruch\/","title":{"rendered":"DJV vor dem Bruch"},"content":{"rendered":"<figure id=\"attachment_4695\" aria-describedby=\"caption-attachment-4695\" style=\"width: 200px\" class=\"wp-caption alignleft\"><img loading=\"lazy\" decoding=\"async\" class=\"size-full wp-image-4695\" title=\"Hochsitz - leer und verlassen ...\" src=\"http:\/\/www.schiebener.net\/wordpress\/wp-content\/uploads\/2009\/09\/hochsitz01.jpg\" alt=\"Hochsitz - heute leer und verlassen ...\" width=\"200\" height=\"241\" \/><figcaption id=\"caption-attachment-4695\" class=\"wp-caption-text\">Hochsitz - heute leer und verlassen ...<\/figcaption><\/figure>\n<p>Heute will ich in Gefilden herum streifen, die ich sonst kaum betrete und lese:<\/p>\n<p><strong>DJV vor dem Bruch<\/strong><\/p>\n<p>Leider erfahre ich nicht, worum der Streit eigentlich geht.<\/p>\n<p>Die Auseinandersetzungen im DJV werden als Fortsetzungs-Geschichte vermarktet.<\/p>\n<p>&#8222;Lesen Sie in der n\u00e4chsten <a href=\"http:\/\/www.wildundhund.de\" target=\"_blank\">WuH<\/a> (18\/2009), die am 17. September erscheint, was die Reformer fordern, wie die Frontlinien im DJV jetzt verlaufen und was hinter den Kulissen verhandelt wird.&#8220;<\/p>\n<p>Bis hierhin k\u00f6nnte es sich noch um den <a href=\"http:\/\/www.djv.de\/\" target=\"_blank\">Deutschen Journalisten-Verband<\/a> handeln.<\/p>\n<p>Schluss mit dem Quatsch:<\/p>\n<p>Im <a href=\"http:\/\/www.jagd-online.de\/home\/\" target=\"_blank\">Deutschen Jaggdschutzverband <\/a>geht es drunter und dr\u00fcber.<\/p>\n<blockquote><p>Neben dem Landesjagdverband Bayern haben jetzt sechs weitere Landesverb\u00e4nde (Niedersachsen, Schleswig-Holstein, Mecklenburg-Vorpommern, Sachsen-Anhalt, Hamburg und das Saarland) eine grundlegende Reform des Dachverbandes gefordert.<\/p>\n<p>Die Vorschl\u00e4ge der Sieben sollen auf einem Sonderdelegiertentreffen des DJV am 15. September diskutiert werden. Den Reformern gegen\u00fcber stehen 9 Landesverb\u00e4nde, die loyal zu DJV-Pr\u00e4sident Jochen Borchert stehen, dem die vorgeschlagenen Reformideen zu weit gehen. Der Versuch des Landesjagdverbandes Baden-W\u00fcrttemberg, mit einem Kompromisspapier wieder alle Landesjagdverb\u00e4nde in einer Pr\u00e4sidiumssitzung am 5. September auf eine Linie zu bringen, ist gescheitert &#8230;\u00a0 <a href=\"http:\/\/www.wildundhund.de\/438,6290\/\" target=\"_blank\">hier lesen<\/a><\/p><\/blockquote>\n<p>Ich halte es wie Wild und Hund und berichte irgendwann einmal, wie es weitergeht \ud83d\ude09<\/p>\n<p>Update: Folgendes Zitat aus einer\u00a0 <a href=\"http:\/\/www.jagd-bayern.eu\/Nachrichten-Einzelanzeige.18.0.html?&amp;cHash=b11dd9832c&amp;tx_ttnews[backPid]=133&amp;tx_ttnews[tt_news]=151\" target=\"_blank\">Presseerkl\u00e4rung des Landesjagdverbandes Bayern<\/a> l\u00e4sst erahnen, worum es geht(Hervorhebungen von mir).<\/p>\n<blockquote><p>Inhaltlich sorgte in Berchtesgaden unter anderem die<strong> laxe Haltung des DJV beim Waffenrecht<\/strong> f\u00fcr gro\u00dfen \u00c4rger. Denn w\u00e4hrend der <strong>BJV alles daran setzt, seine Mitglieder vor Versch\u00e4rfungen und grundgesetzfeindlichen Hauskontrollen zu bewahren<\/strong>, hat der DJV die \u00c4nderungen im Gesetz bereits vorab \u00f6ffentlich akzeptiert. Besonders brisant: Diese Haltung des Bundesverbandes wurde von DJV-Pr\u00e4sident Jochen Borchert an die Presse gegeben, gerade mal einen Tag bevor die Delegiertenkonferenz in Berchtesgaden zusammentrat und eine gemeinsame Position h\u00e4tte finden sollen. Der BJV kann diesen undemokratischen Alleingang nicht f\u00fcr gut befinden und wird sich zudem weiterhin mit allen Mitteln daf\u00fcr <strong>einsetzen, die geplanten \u00c4nderungen im Waffenrecht abzuwenden.<\/strong><\/p><\/blockquote>\n<p>Interessant finde ich in diesem Zusammenhang die Bedeutung des Ausdrucks &#8222;laxe Haltung beim Waffenrecht&#8220;: F\u00fcr Versch\u00e4rfung des Waffenrechts = lax. Es kommt halt immer auf den Standpunkt an \ud83d\ude09<\/p>\n","protected":false},"excerpt":{"rendered":"<p>Heute will ich in Gefilden herum streifen, die ich sonst kaum betrete und lese: DJV vor dem Bruch Leider erfahre ich nicht, worum der Streit eigentlich geht. Die Auseinandersetzungen im &hellip; <a href=\"https:\/\/www.schiebener.net\/wordpress\/djv-vor-dem-bruch\/\" class=\"more-link\"><span class=\"screen-reader-text\">\u201eDJV vor dem Bruch\u201c <\/span>weiterlesen<\/a><\/p>\n","protected":false},"author":3,"featured_media":0,"comment_status":"open","ping_status":"open","sticky":false,"template":"","format":"standard","meta":{"footnotes":""},"categories":[174,648],"tags":[778,776,777],"class_list":["post-4696","post","type-post","status-publish","format-standard","hentry","category-dit-und-dat","category-was-tun-gegen-langweile","tag-deutscher-jagdschutzverband","tag-djv","tag-wild-und-hund"],"_links":{"self":[{"href":"https:\/\/www.schiebener.net\/wordpress\/wp-json\/wp\/v2\/posts\/4696","targetHints":{"allow":["GET"]}}],"collection":[{"href":"https:\/\/www.schiebener.net\/wordpress\/wp-json\/wp\/v2\/posts"}],"about":[{"href":"https:\/\/www.schiebener.net\/wordpress\/wp-json\/wp\/v2\/types\/post"}],"author":[{"embeddable":true,"href":"https:\/\/www.schiebener.net\/wordpress\/wp-json\/wp\/v2\/users\/3"}],"replies":[{"embeddable":true,"href":"https:\/\/www.schiebener.net\/wordpress\/wp-json\/wp\/v2\/comments?post=4696"}],"version-history":[{"count":0,"href":"https:\/\/www.schiebener.net\/wordpress\/wp-json\/wp\/v2\/posts\/4696\/revisions"}],"wp:attachment":[{"href":"https:\/\/www.schiebener.net\/wordpress\/wp-json\/wp\/v2\/media?parent=4696"}],"wp:term":[{"taxonomy":"category","embeddable":true,"href":"https:\/\/www.schiebener.net\/wordpress\/wp-json\/wp\/v2\/categories?post=4696"},{"taxonomy":"post_tag","embeddable":true,"href":"https:\/\/www.schiebener.net\/wordpress\/wp-json\/wp\/v2\/tags?post=4696"}],"curies":[{"name":"wp","href":"https:\/\/api.w.org\/{rel}","templated":true}]}}