{"id":46855,"date":"2020-07-01T11:36:06","date_gmt":"2020-07-01T10:36:06","guid":{"rendered":"https:\/\/www.schiebener.net\/wordpress\/?p=46855"},"modified":"2020-07-01T11:36:06","modified_gmt":"2020-07-01T10:36:06","slug":"faktencheck-analyse-aus-fuenf-europaeischen-laendern-zeigt-wie-sich-desinformation-zu-covid-19-verbreitet","status":"publish","type":"post","link":"https:\/\/www.schiebener.net\/wordpress\/faktencheck-analyse-aus-fuenf-europaeischen-laendern-zeigt-wie-sich-desinformation-zu-covid-19-verbreitet\/","title":{"rendered":"Faktencheck-Analyse aus f\u00fcnf europ\u00e4ischen L\u00e4ndern zeigt, wie sich Desinformation zu Covid-19 verbreitet"},"content":{"rendered":"<figure id=\"attachment_45992\" aria-describedby=\"caption-attachment-45992\" style=\"width: 700px\" class=\"wp-caption aligncenter\"><img loading=\"lazy\" decoding=\"async\" class=\"wp-image-45992\" src=\"https:\/\/www.schiebener.net\/wordpress\/wp-content\/uploads\/2020\/02\/CORRECTIV-logo-claim.png\" alt=\"\" width=\"700\" height=\"325\" srcset=\"https:\/\/www.schiebener.net\/wordpress\/wp-content\/uploads\/2020\/02\/CORRECTIV-logo-claim.png 2800w, https:\/\/www.schiebener.net\/wordpress\/wp-content\/uploads\/2020\/02\/CORRECTIV-logo-claim-300x139.png 300w, https:\/\/www.schiebener.net\/wordpress\/wp-content\/uploads\/2020\/02\/CORRECTIV-logo-claim-1024x475.png 1024w, https:\/\/www.schiebener.net\/wordpress\/wp-content\/uploads\/2020\/02\/CORRECTIV-logo-claim-768x356.png 768w, https:\/\/www.schiebener.net\/wordpress\/wp-content\/uploads\/2020\/02\/CORRECTIV-logo-claim-1536x713.png 1536w, https:\/\/www.schiebener.net\/wordpress\/wp-content\/uploads\/2020\/02\/CORRECTIV-logo-claim-2048x950.png 2048w\" sizes=\"auto, (max-width: 709px) 85vw, (max-width: 909px) 67vw, (max-width: 984px) 61vw, (max-width: 1362px) 45vw, 600px\" \/><figcaption id=\"caption-attachment-45992\" class=\"wp-caption-text\">Grafik: CORRECTIV<\/figcaption><\/figure>\n<p><strong>Falschinformationen und Viren haben einiges gemeinsam: Sie k\u00f6nnen sich exponentiell ausbreiten, und sie machen nicht vor Grenzen halt. Mitte M\u00e4rz hat <a href=\"https:\/\/correctiv.org\/faktencheck\/\" target=\"_blank\" rel=\"noopener noreferrer\">CORRECTIV<\/a> sich deshalb mit vier weiteren Faktencheck-Organisationen in Europa zusammengeschlossen, um die Verbreitung von Desinformation \u00fcber Covid-19 besser zu verstehen.<\/strong><\/p>\n<p><em>(Pressemitteilung CORRECTIV)<\/em><\/p>\n<p>Die Kooperation mit\u00a0<a href=\"https:\/\/maldita.es\/\" target=\"_blank\" rel=\"noopener noreferrer\">Maldita.es<\/a> in Spanien,<a href=\"https:\/\/pagellapolitica.it\/\" target=\"_blank\" rel=\"noopener noreferrer\"> Pagella Politica<\/a>\/<a href=\"https:\/\/facta.news\/\" target=\"_blank\" rel=\"noopener noreferrer\">Facta<\/a> in Italien,<a href=\"https:\/\/fullfact.org\/\" target=\"_blank\" rel=\"noopener noreferrer\"> Full Fact<\/a> in Gro\u00dfbritannien und<a href=\"https:\/\/factuel.afp.com\/\" target=\"_blank\" rel=\"noopener noreferrer\"> Agence France-Presse (AFP)<\/a> in Frankreich zeigt, dass in der Flut der Falschinformationen Muster zu erkennen sind.<\/p>\n<p>Identische Behauptungen wurden in allen L\u00e4ndern und Sprachen verbreitet. Manche der scheinbar gut gemeinten medizinischen Ratschl\u00e4ge sind harmlos \u2013 wie das Gurgeln mit Essig. Andere jedoch sind gef\u00e4hrlich \u2013 wie das Trinken von Desinfektionsmittel. Durch die Verunsicherung der Menschen schaffen es zudem auch gro\u00dfe Narrative der Desinformation ins Licht der Aufmerksamkeit. Sie zersetzen das Vertrauen in Institutionen und k\u00f6nnen langfristige Wirkungen haben \u2013 wie der Glaube an Verschw\u00f6rungen, Ressentiments gegen Impfungen oder 5G-Mobilfunkstrahlen.<\/p>\n<p><strong><em>\u201eEs ist wichtig, dass wir die Dynamiken von Desinformation auf internationaler Ebene kennen. Nur durch die Zusammenarbeit von Faktencheckern k\u00f6nnen wir wirklich aus der Pandemie lernen und in Zukunft die richtigen Ma\u00dfnahmen ergreifen\u201c<\/em><\/strong>, sagt Alice Echtermann, die das Projekt f\u00fcr CORRECTIV betreut hat.<\/p>\n<p>Die f\u00fcnf Redaktionen aus Deutschland, Spanien, Italien, Frankreich und Gro\u00dfbritannien haben insgesamt 645 Faktenchecks und Hintergrundberichte analysiert, die im M\u00e4rz und April zu Covid-19 ver\u00f6ffentlicht wurden, und Gemeinsamkeiten und Unterschiede herausgearbeitet. Wann tauchte eine Falschinformation wo auf? Welche Varianten derselben Behauptungen gab es? Und welche Themen waren spezifisch f\u00fcr jedes Land?<\/p>\n<p>Entstanden ist ein interaktives Web-Projekt \u00fcber zwei Monate Faktencheck-Arbeit w\u00e4hrend einer globalen Pandemie. Die Analyse wurde in f\u00fcnf Sprachen ver\u00f6ffentlicht. Lesen Sie hier die deutsche Version:<\/p>\n<p><strong><a href=\"https:\/\/covidinfodemiceurope.com\/?lang=de\" target=\"_blank\" rel=\"noopener noreferrer\">covidinfodemiceurope.com<\/a>\u00a0<\/strong><\/p>\n","protected":false},"excerpt":{"rendered":"<p>Falschinformationen und Viren haben einiges gemeinsam: Sie k\u00f6nnen sich exponentiell ausbreiten, und sie machen nicht vor Grenzen halt. Mitte M\u00e4rz hat CORRECTIV sich deshalb mit vier weiteren Faktencheck-Organisationen in Europa &hellip; <a href=\"https:\/\/www.schiebener.net\/wordpress\/faktencheck-analyse-aus-fuenf-europaeischen-laendern-zeigt-wie-sich-desinformation-zu-covid-19-verbreitet\/\" class=\"more-link\"><span class=\"screen-reader-text\">\u201eFaktencheck-Analyse aus f\u00fcnf europ\u00e4ischen L\u00e4ndern zeigt, wie sich Desinformation zu Covid-19 verbreitet\u201c <\/span>weiterlesen<\/a><\/p>\n","protected":false},"author":17,"featured_media":0,"comment_status":"open","ping_status":"open","sticky":false,"template":"","format":"standard","meta":{"footnotes":""},"categories":[303,32,1043],"tags":[5906,2107,655],"class_list":["post-46855","post","type-post","status-publish","format-standard","hentry","category-in-unserem-briefkasten","category-medien","category-pressemitteilungen","tag-correctiv","tag-faktencheck","tag-pressemitteilung"],"_links":{"self":[{"href":"https:\/\/www.schiebener.net\/wordpress\/wp-json\/wp\/v2\/posts\/46855","targetHints":{"allow":["GET"]}}],"collection":[{"href":"https:\/\/www.schiebener.net\/wordpress\/wp-json\/wp\/v2\/posts"}],"about":[{"href":"https:\/\/www.schiebener.net\/wordpress\/wp-json\/wp\/v2\/types\/post"}],"author":[{"embeddable":true,"href":"https:\/\/www.schiebener.net\/wordpress\/wp-json\/wp\/v2\/users\/17"}],"replies":[{"embeddable":true,"href":"https:\/\/www.schiebener.net\/wordpress\/wp-json\/wp\/v2\/comments?post=46855"}],"version-history":[{"count":0,"href":"https:\/\/www.schiebener.net\/wordpress\/wp-json\/wp\/v2\/posts\/46855\/revisions"}],"wp:attachment":[{"href":"https:\/\/www.schiebener.net\/wordpress\/wp-json\/wp\/v2\/media?parent=46855"}],"wp:term":[{"taxonomy":"category","embeddable":true,"href":"https:\/\/www.schiebener.net\/wordpress\/wp-json\/wp\/v2\/categories?post=46855"},{"taxonomy":"post_tag","embeddable":true,"href":"https:\/\/www.schiebener.net\/wordpress\/wp-json\/wp\/v2\/tags?post=46855"}],"curies":[{"name":"wp","href":"https:\/\/api.w.org\/{rel}","templated":true}]}}