{"id":46721,"date":"2020-06-07T20:46:20","date_gmt":"2020-06-07T19:46:20","guid":{"rendered":"https:\/\/www.schiebener.net\/wordpress\/?p=46721"},"modified":"2020-06-08T05:24:27","modified_gmt":"2020-06-08T04:24:27","slug":"umleitung-von-blacklivematters-und-george-soros-zum-rechten-rand-unserer-zwei-klassen-gesellschaft-zu-donna-leon-und-am-ende-corona","status":"publish","type":"post","link":"https:\/\/www.schiebener.net\/wordpress\/umleitung-von-blacklivematters-und-george-soros-zum-rechten-rand-unserer-zwei-klassen-gesellschaft-zu-donna-leon-und-am-ende-corona\/","title":{"rendered":"Umleitung: Von BlackLiveMatters und George Soros zum Rechten Rand unserer Zwei-Klassen-Gesellschaft, zu Donna Leon und am Ende Corona"},"content":{"rendered":"<figure id=\"attachment_46722\" aria-describedby=\"caption-attachment-46722\" style=\"width: 700px\" class=\"wp-caption aligncenter\"><a href=\"https:\/\/www.schiebener.net\/wordpress\/wp-content\/uploads\/2020\/06\/Willebadessen2020060701.jpg\" target=\"_blank\" rel=\"noopener noreferrer\"><img loading=\"lazy\" decoding=\"async\" class=\"wp-image-46722\" src=\"https:\/\/www.schiebener.net\/wordpress\/wp-content\/uploads\/2020\/06\/Willebadessen2020060701.jpg\" alt=\"\" width=\"700\" height=\"467\" srcset=\"https:\/\/www.schiebener.net\/wordpress\/wp-content\/uploads\/2020\/06\/Willebadessen2020060701.jpg 2048w, https:\/\/www.schiebener.net\/wordpress\/wp-content\/uploads\/2020\/06\/Willebadessen2020060701-300x200.jpg 300w, https:\/\/www.schiebener.net\/wordpress\/wp-content\/uploads\/2020\/06\/Willebadessen2020060701-1024x683.jpg 1024w, https:\/\/www.schiebener.net\/wordpress\/wp-content\/uploads\/2020\/06\/Willebadessen2020060701-768x512.jpg 768w, https:\/\/www.schiebener.net\/wordpress\/wp-content\/uploads\/2020\/06\/Willebadessen2020060701-1536x1024.jpg 1536w\" sizes=\"auto, (max-width: 709px) 85vw, (max-width: 909px) 67vw, (max-width: 984px) 61vw, (max-width: 1362px) 45vw, 600px\" \/><\/a><figcaption id=\"caption-attachment-46722\" class=\"wp-caption-text\">Am Ende des Schmetterlingspfads bei Willebadessen (foto: zoom)<\/figcaption><\/figure>\n<p><strong>Aus Zeitmangel belasse ich es heute und eventuell in Zukunft bei f\u00fcnf Lesehinweisen.<\/strong><\/p>\n<p>Das Bild oben zeigt Windr\u00e4der am Ende des Schmetterlingspfads in Willebadessen. Hinweis f\u00fcr Botaniker und Lepidopterologen: Kalk-Halbtrockenrasen mit interessanten Pflanzen und Schmetterlingen. Lohnt sich.<\/p>\n<p>Die Lesehinweise:<\/p>\n<p><strong>BlackLivesMatter &amp; George Soros:<\/strong> Wie Verschw\u00f6rungsverk\u00fcnder Rassismus und Antisemitismus gegeneinander ausspielen &#8230; <a href=\"https:\/\/scilogs.spektrum.de\/natur-des-glaubens\/blacklivesmatter-george-soros-wie-verschwoerungsverkuender-rassismus-und-antisemitismus-gegeneinander-ausspielen\/\" target=\"_blank\" rel=\"noopener noreferrer\">scilogs<\/a><\/p>\n<p><strong>Am rechten Rand:<\/strong> Kampf um die Macht erreicht AfD-Stiftung &#8230; <a href=\"https:\/\/www.bnr.de\/artikel\/hintergrund\/kampf-um-die-macht-erreicht-afd-stiftung\" target=\"_blank\" rel=\"noopener noreferrer\">bnr<\/a><\/p>\n<p><strong>Unsere Zwei-Klassen-Gesellschaft:<\/strong> Wir haben vor miesen Arbeitsbedingungen und moderner Sklaverei viel zu lange die Augen verschlossen &#8230; <a href=\"https:\/\/misik.at\/2020\/06\/unsere-zwei-klassen-gesellschaft\/\" target=\"_blank\" rel=\"noopener noreferrer\">misik<\/a><\/p>\n<p><strong>Tr\u00fcbe Lauge:<\/strong> Donna Leons Kriminalroman \u201eGeheime Quellen\u201c &#8230; <a href=\"https:\/\/www.revierpassagen.de\/108382\/truebe-lauge-donna-leons-kriminalroman-geheime-quellen\/20200607_1125\" target=\"_blank\" rel=\"noopener noreferrer\">revierpassagen<\/a><\/p>\n<p><strong>Corona und Katastrophenschutz:<\/strong> Wenn der Schnee schmilzt, siehst du wo die Schei\u00dfe liegt &#8230; <a href=\"https:\/\/www.ruhrbarone.de\/corona-und-katastrophenschutz-wenn-der-schnee-schmilzt-siehst-du-wo-die-scheisse-liegt\/186298\" target=\"_blank\" rel=\"noopener noreferrer\">ruhrbarone<\/a><\/p>\n","protected":false},"excerpt":{"rendered":"<p>Aus Zeitmangel belasse ich es heute und eventuell in Zukunft bei f\u00fcnf Lesehinweisen. Das Bild oben zeigt Windr\u00e4der am Ende des Schmetterlingspfads in Willebadessen. Hinweis f\u00fcr Botaniker und Lepidopterologen: Kalk-Halbtrockenrasen &hellip; <a href=\"https:\/\/www.schiebener.net\/wordpress\/umleitung-von-blacklivematters-und-george-soros-zum-rechten-rand-unserer-zwei-klassen-gesellschaft-zu-donna-leon-und-am-ende-corona\/\" class=\"more-link\"><span class=\"screen-reader-text\">\u201eUmleitung: Von BlackLiveMatters und George Soros zum Rechten Rand unserer Zwei-Klassen-Gesellschaft, zu Donna Leon und am Ende Corona\u201c <\/span>weiterlesen<\/a><\/p>\n","protected":false},"author":3,"featured_media":0,"comment_status":"open","ping_status":"open","sticky":false,"template":"","format":"standard","meta":{"footnotes":""},"categories":[8668,218,7088,8669,6314,4761,379,549,8524],"tags":[8645,4128,5865,8233],"class_list":["post-46721","post","type-post","status-publish","format-standard","hentry","category-antisemitismus","category-bucher","category-gesundheit","category-rassismus","category-rechtsextremismus","category-soziales","category-umleitung","category-umwelt","category-wissenschaft","tag-corona-krise","tag-donna-leon","tag-umleitung","tag-verschwoerungsmythen"],"_links":{"self":[{"href":"https:\/\/www.schiebener.net\/wordpress\/wp-json\/wp\/v2\/posts\/46721","targetHints":{"allow":["GET"]}}],"collection":[{"href":"https:\/\/www.schiebener.net\/wordpress\/wp-json\/wp\/v2\/posts"}],"about":[{"href":"https:\/\/www.schiebener.net\/wordpress\/wp-json\/wp\/v2\/types\/post"}],"author":[{"embeddable":true,"href":"https:\/\/www.schiebener.net\/wordpress\/wp-json\/wp\/v2\/users\/3"}],"replies":[{"embeddable":true,"href":"https:\/\/www.schiebener.net\/wordpress\/wp-json\/wp\/v2\/comments?post=46721"}],"version-history":[{"count":0,"href":"https:\/\/www.schiebener.net\/wordpress\/wp-json\/wp\/v2\/posts\/46721\/revisions"}],"wp:attachment":[{"href":"https:\/\/www.schiebener.net\/wordpress\/wp-json\/wp\/v2\/media?parent=46721"}],"wp:term":[{"taxonomy":"category","embeddable":true,"href":"https:\/\/www.schiebener.net\/wordpress\/wp-json\/wp\/v2\/categories?post=46721"},{"taxonomy":"post_tag","embeddable":true,"href":"https:\/\/www.schiebener.net\/wordpress\/wp-json\/wp\/v2\/tags?post=46721"}],"curies":[{"name":"wp","href":"https:\/\/api.w.org\/{rel}","templated":true}]}}