{"id":46582,"date":"2020-05-14T08:05:57","date_gmt":"2020-05-14T07:05:57","guid":{"rendered":"https:\/\/www.schiebener.net\/wordpress\/?p=46582"},"modified":"2020-05-14T08:05:57","modified_gmt":"2020-05-14T07:05:57","slug":"winterberger-sozialdemokraten-waehlen-kandidatinnen-und-kandidaten-fuer-die-kommunalwahl-im-september","status":"publish","type":"post","link":"https:\/\/www.schiebener.net\/wordpress\/winterberger-sozialdemokraten-waehlen-kandidatinnen-und-kandidaten-fuer-die-kommunalwahl-im-september\/","title":{"rendered":"Winterberger Sozialdemokraten w\u00e4hlen Kandidatinnen und Kandidaten  f\u00fcr die Kommunalwahl im September"},"content":{"rendered":"<figure id=\"attachment_46583\" aria-describedby=\"caption-attachment-46583\" style=\"width: 700px\" class=\"wp-caption aligncenter\"><img loading=\"lazy\" decoding=\"async\" class=\"wp-image-46583\" src=\"https:\/\/www.schiebener.net\/wordpress\/wp-content\/uploads\/2020\/05\/2020_05_08PressemitteilungAufstellungsversammlung.jpg\" alt=\"\" width=\"700\" height=\"521\" srcset=\"https:\/\/www.schiebener.net\/wordpress\/wp-content\/uploads\/2020\/05\/2020_05_08PressemitteilungAufstellungsversammlung.jpg 1024w, https:\/\/www.schiebener.net\/wordpress\/wp-content\/uploads\/2020\/05\/2020_05_08PressemitteilungAufstellungsversammlung-300x223.jpg 300w, https:\/\/www.schiebener.net\/wordpress\/wp-content\/uploads\/2020\/05\/2020_05_08PressemitteilungAufstellungsversammlung-768x572.jpg 768w\" sizes=\"auto, (max-width: 709px) 85vw, (max-width: 909px) 67vw, (max-width: 984px) 61vw, (max-width: 1362px) 45vw, 600px\" \/><figcaption id=\"caption-attachment-46583\" class=\"wp-caption-text\">Bei der SPD Winterberg wurden am vergangenen Freitag viele Pl\u00e4tze f\u00fcr die Kommunalwahl im September besetzt. (Foto: SPD)<\/figcaption><\/figure>\n<p><strong>Die Winterberger Sozialdemokraten bereiten sich auf die Kommunalwahl im September vor. Viele Termine und Besprechungen fanden bedingt durch die Corona-Krise in Form von Telefon- und Videokonferenzen statt.<\/strong><\/p>\n<p><em>(Pressemitteilung der SPD Winterberg)<\/em><\/p>\n<p>&#8222;Wir sind technisch und organisatorisch sehr gut aufgestellt&#8220;, so die B\u00fcrgermeisterkandidatin Anja Licher-Stahlschmidt. \u201eAktuell l\u00e4uft unser B\u00fcrgermeisterIN-Spiel, das auf der Seite der Winterberger SPD unter <a href=\"http:\/\/www.spd-winterberg.de\" target=\"_blank\" rel=\"noopener noreferrer\">www.spd-winterberg.de<\/a> zu finden ist.\u201c<\/p>\n<p>Dort k\u00f6nnten sich Interessierte in die Person der B\u00fcrgermeisterin oder des B\u00fcrgermeisters versetzen. Es gebe Fragen zu den Themen Jugend, Vereine, Schullandschaft, Kinderbetreuung, die Situation auf dem Wohnungsmarkt und die \u00f6kologische Ausrichtung der Stadt Winterberg.<\/p>\n<p>Auch Fragen zum Wirtschaftsstandort Winterberg und die zuk\u00fcnftige Entwicklung der touristischen Angebote werden gestellt. Bessere Busverbindungen &#8222;Ja oder Nein&#8220;?. Wie ist der Bedarf an einem alle Orte verbindendenden Radwegenetz? So habe jeder die M\u00f6glichkeit, in die vielen zu treffenden Entscheidungen der kommenden Jahre einzutauchen.<\/p>\n<p><strong>F\u00fcr Freitag den 8. Mai 2020 hatte der Vorstand zur Mitgliederversammlung und im direkten Anschluss zur Aufstellungsversammlung der Kandidatinnen und Kandidaten f\u00fcr die Kommunalwahl im September geladen.<\/strong><\/p>\n<p>Im Anschluss an die Begr\u00fc\u00dfung und das Gedenken der Verstorbenen gab es einen Jahresr\u00fcckblick und einen ausf\u00fchrlichen Bericht zu den bisherigen Aktivit\u00e4ten der Fraktion und des Wahlkampfteams f\u00fcr das Projekt &#8222;Winterberg wird menschLicher&#8220;.<\/p>\n<p>Als <strong>Kandidaten f\u00fcr die Kreistagswahl<\/strong> wurden die beiden erfahrenen Kommunalpolitiker Hans-Walter Schneider und J\u00f6rg Burmann gew\u00e4hlt.<\/p>\n<p>In der Aufstellungsversammlung wurden au\u00dferdem die <strong>Kandidaten f\u00fcr die Wahlbezirke im Stadtgebiet<\/strong> gew\u00e4hlt.<\/p>\n<ul>\n<li>F\u00fcr <strong>Winterberg<\/strong> stellen sich neben der B\u00fcrgermeisterkandidatin Anja Licher-Stahlschmidt ebenfalls Torben Firley, J\u00f6rg Hampel und Philipp M\u00fcller zur Wahl.<\/li>\n<li>F\u00fcr <strong>Altastenberg<\/strong> und das <strong>Schneilgebiet<\/strong> tritt J\u00f6rg Burmann an.<\/li>\n<li>F\u00fcr den Wahlkreis <strong>Elkeringhausen<\/strong> und den <strong>Dumel<\/strong> tritt Franziska Steermann-K\u00fcmmel an.<\/li>\n<li>F\u00fcr <strong>Neuastenberg, Langewiese, Hoheleye, Mollseifen und Lennepl\u00e4tze<\/strong> schickt die Winterberger SPD Marco K\u00fcmmel ins Rennen.<\/li>\n<li>F\u00fcr <strong>Z\u00fcschen<\/strong> stehen Richard Gamm und Frank Sunder zur Wahl.<\/li>\n<li>In <strong>Siedlinghausen<\/strong> bewerben sich Hans-Walter Schneider, Christoph St\u00f6tzel und Gerd Kr\u00fcger sowie in <strong>Silbach<\/strong> Andr\u00e9 Kruse um ein Ratsmandat.<\/li>\n<li>Im <strong>Hilletal<\/strong> tritt Jutta Ittermann f\u00fcr <strong>Gr\u00f6nebach\/Hildfeld<\/strong> an und f\u00fcr <strong>Niedersfeld\/Heidedorf\/Hildfeld<\/strong> stellt sich Fritz Kelm zur Wahl.<\/li>\n<li>F\u00fcr den weiteren Wahlkreis in <strong>Niedersfeld<\/strong> schickt die SPD Winterberg Lars Hiob ins Rennen.<\/li>\n<\/ul>\n<p>Die Winterberger Sozialdemokraten sehen &#8222;mit einem starken Team und einem zukunftsf\u00e4higem Programm dem politischen Wechsel im Winterberger Rathaus zuversichtlich entgegen&#8220;.<\/p>\n","protected":false},"excerpt":{"rendered":"<p>Die Winterberger Sozialdemokraten bereiten sich auf die Kommunalwahl im September vor. Viele Termine und Besprechungen fanden bedingt durch die Corona-Krise in Form von Telefon- und Videokonferenzen statt. (Pressemitteilung der SPD &hellip; <a href=\"https:\/\/www.schiebener.net\/wordpress\/winterberger-sozialdemokraten-waehlen-kandidatinnen-und-kandidaten-fuer-die-kommunalwahl-im-september\/\" class=\"more-link\"><span class=\"screen-reader-text\">\u201eWinterberger Sozialdemokraten w\u00e4hlen Kandidatinnen und Kandidaten  f\u00fcr die Kommunalwahl im September\u201c <\/span>weiterlesen<\/a><\/p>\n","protected":false},"author":17,"featured_media":0,"comment_status":"open","ping_status":"open","sticky":false,"template":"","format":"standard","meta":{"footnotes":""},"categories":[303,80,24,1043],"tags":[8644,655,1980],"class_list":["post-46582","post","type-post","status-publish","format-standard","hentry","category-in-unserem-briefkasten","category-lokales","category-politik","category-pressemitteilungen","tag-kommunalwahlen-2020","tag-pressemitteilung","tag-spd-winterberg"],"_links":{"self":[{"href":"https:\/\/www.schiebener.net\/wordpress\/wp-json\/wp\/v2\/posts\/46582","targetHints":{"allow":["GET"]}}],"collection":[{"href":"https:\/\/www.schiebener.net\/wordpress\/wp-json\/wp\/v2\/posts"}],"about":[{"href":"https:\/\/www.schiebener.net\/wordpress\/wp-json\/wp\/v2\/types\/post"}],"author":[{"embeddable":true,"href":"https:\/\/www.schiebener.net\/wordpress\/wp-json\/wp\/v2\/users\/17"}],"replies":[{"embeddable":true,"href":"https:\/\/www.schiebener.net\/wordpress\/wp-json\/wp\/v2\/comments?post=46582"}],"version-history":[{"count":0,"href":"https:\/\/www.schiebener.net\/wordpress\/wp-json\/wp\/v2\/posts\/46582\/revisions"}],"wp:attachment":[{"href":"https:\/\/www.schiebener.net\/wordpress\/wp-json\/wp\/v2\/media?parent=46582"}],"wp:term":[{"taxonomy":"category","embeddable":true,"href":"https:\/\/www.schiebener.net\/wordpress\/wp-json\/wp\/v2\/categories?post=46582"},{"taxonomy":"post_tag","embeddable":true,"href":"https:\/\/www.schiebener.net\/wordpress\/wp-json\/wp\/v2\/tags?post=46582"}],"curies":[{"name":"wp","href":"https:\/\/api.w.org\/{rel}","templated":true}]}}