{"id":46577,"date":"2020-05-15T21:08:02","date_gmt":"2020-05-15T20:08:02","guid":{"rendered":"https:\/\/www.schiebener.net\/wordpress\/?p=46577"},"modified":"2020-05-15T21:08:02","modified_gmt":"2020-05-15T20:08:02","slug":"umleitung-zeichenkunst-verschwoerungsfragen-coronavirus-europa-klickschinder-kleine-leute-dortmunder-schauspiel-und-die-ton-stoerung-filtern","status":"publish","type":"post","link":"https:\/\/www.schiebener.net\/wordpress\/umleitung-zeichenkunst-verschwoerungsfragen-coronavirus-europa-klickschinder-kleine-leute-dortmunder-schauspiel-und-die-ton-stoerung-filtern\/","title":{"rendered":"Umleitung: Zeichenkunst, Verschw\u00f6rungsfragen, Coronavirus, Europa, Klickschinder, kleine Leute, Dortmunder Schauspiel und die Ton-St\u00f6rung filtern"},"content":{"rendered":"<figure id=\"attachment_46578\" aria-describedby=\"caption-attachment-46578\" style=\"width: 701px\" class=\"wp-caption aligncenter\"><a href=\"https:\/\/www.schiebener.net\/wordpress\/wp-content\/uploads\/2020\/05\/Roebbecken20200504.jpg\" target=\"_blank\" rel=\"noopener noreferrer\"><img loading=\"lazy\" decoding=\"async\" class=\"wp-image-46578\" src=\"https:\/\/www.schiebener.net\/wordpress\/wp-content\/uploads\/2020\/05\/Roebbecken20200504.jpg\" alt=\"\" width=\"701\" height=\"467\" srcset=\"https:\/\/www.schiebener.net\/wordpress\/wp-content\/uploads\/2020\/05\/Roebbecken20200504.jpg 2048w, https:\/\/www.schiebener.net\/wordpress\/wp-content\/uploads\/2020\/05\/Roebbecken20200504-300x200.jpg 300w, https:\/\/www.schiebener.net\/wordpress\/wp-content\/uploads\/2020\/05\/Roebbecken20200504-1024x683.jpg 1024w, https:\/\/www.schiebener.net\/wordpress\/wp-content\/uploads\/2020\/05\/Roebbecken20200504-768x512.jpg 768w, https:\/\/www.schiebener.net\/wordpress\/wp-content\/uploads\/2020\/05\/Roebbecken20200504-1536x1024.jpg 1536w\" sizes=\"auto, (max-width: 709px) 85vw, (max-width: 909px) 67vw, (max-width: 984px) 61vw, (max-width: 1362px) 45vw, 600px\" \/><\/a><figcaption id=\"caption-attachment-46578\" class=\"wp-caption-text\">Blick vom R\u00f6bbecken auf unser Wohngebiet (foto: zoom)<\/figcaption><\/figure>\n<p><strong>Als Mitglied der &#8222;Elite der Corona-Risikogruppe&#8220; habe ich Zeit, mir unseren Ort von vielen Seiten, von oben und manchmal auch unten anzusehen.<\/strong><\/p>\n<p>Ohne die vielen Spazierg\u00e4nge w\u00e4re ich bestimmt schon x-mal mit dem Kopf gegen die Zimmerwand gerannt, aber so dehnt sich Zeit und Raum im Wald. Wenn ich Mu\u00dfe finde oder sie mich, werde ich aufschreiben, was man beim Spazierengehen noch anstellen kann, au\u00dfer einen Fu\u00df vor den anderen zu setzen.<\/p>\n<p>Vielleicht interessiert euch einer der unten verlinkten Artikel aus Blogs und Zeitungen.<\/p>\n<p><strong>Zeichenkunst auf YouTube:<\/strong> Die skurilen Zeichenwelten von Peter Deligdisch, dem Stiftetester &#8230; <a href=\"http:\/\/www.endoplast.de\/2020\/05\/06\/zeichenkunst-auf-youtube-die-skurilen-zeichenwelten-von-peter-deligdisch-dem-stiftetester\/\" target=\"_blank\" rel=\"noopener noreferrer\">endoplast<\/a><\/p>\n<p><strong>Verschw\u00f6rungsfragen:<\/strong> Semiten, Sklaven und Chasaren \u2013 Die Wurzeln des Rassismus im 16. Jahrhundert &#8230; <a href=\"https:\/\/scilogs.spektrum.de\/natur-des-glaubens\/verschwoerungsfragen-14-semiten-sklaven-chasaren-die-wurzeln-des-rassismus-im-16-jahrhundert\/\" target=\"_blank\" rel=\"noopener noreferrer\">scilogs<\/a><\/p>\n<p><strong>Coronavirus Whistleblower to Warn of \u201cDarkest Winter in Modern History\u201d:<\/strong> Dr. Rick Bright says he was abruptly ousted for protesting Trump\u2019s hydroxychloroquine push &#8230; <a href=\"https:\/\/www.motherjones.com\/coronavirus-updates\/2020\/05\/rick-bright-darkest-winter\/\" target=\"_blank\" rel=\"noopener noreferrer\">motherjones<\/a><\/p>\n<p><strong>Elites have failed us:<\/strong> It is time to create a European republic &#8230; <a href=\"https:\/\/www.theguardian.com\/world\/commentisfree\/2020\/may\/10\/elites-failed-create-european-republic-pandemic-eu-citizens-democracy-equals\" target=\"_blank\" rel=\"noopener noreferrer\">theguardian<\/a><\/p>\n<p><strong>Die kleinen Leute:<\/strong> Die arbeitenden Klassen halten all das aufrecht, was die Bedingungen unserer Existenz ausmacht, die Urbedingungen unseres Seins. Wo steht das Denkmal f\u00fcr die Krankenpflegerin, wo ist eine Stra\u00dfe benannt nach Ibrahim, den Brieftr\u00e4ger? &#8230; <a href=\"https:\/\/misik.at\/2020\/05\/die-kleinen-leute\/\" target=\"_blank\" rel=\"noopener noreferrer\">misik<\/a><\/p>\n<p><strong>Der Klickschinder-Hannes:<\/strong> \u201eBesonders eklig wird es\u201c, verzog Katrin ihr Gesicht, \u201ewenn nach Trag\u00f6dien Rei\u00dfer-\u00dcberschriften nach Lesern lechzen\u201c. Solche wie \u201eEs machte plopp, plopp, plopp \u2013 immer wenn das Auto&#8230;\u201c Menschenverachtend &#8230; <a href=\"https:\/\/charlyandfriends.blogspot.com\/2020\/04\/der-klickschinder-hannes.html\" target=\"_blank\" rel=\"noopener noreferrer\">charly&amp;friends<\/a><\/p>\n<p><strong>Erster Spielplan-Ausblick der neuen Dortmunder Schauspielchefin:<\/strong> Julia Wissert \u00fcbernimmt ab der kommenden Spielzeit 2020\/21 die Intendanz des Schauspiels Dortmund. Heute wurde ihr erster Spielplan auf der Webseite des Theaters ver\u00f6ffentlicht &#8230; <a href=\"https:\/\/www.revierpassagen.de\/107967\/erster-spielplan-ausblick-der-neuen-dortmunder-schauspielchefin\/20200513_1821\" target=\"_blank\" rel=\"noopener noreferrer\">revierpassagen<\/a><\/p>\n<p><strong>Journalismus, Technik, Audiotipp:<\/strong> Den richtigen Ton treffen \u2013 Ton-St\u00f6rung filtern &#8230; <a href=\"https:\/\/ruhrnalist.de\/2020\/05\/05\/ton-storung-filtern\/\" target=\"_blank\" rel=\"noopener noreferrer\">ruhrnalist<\/a><\/p>\n","protected":false},"excerpt":{"rendered":"<p>Als Mitglied der &#8222;Elite der Corona-Risikogruppe&#8220; habe ich Zeit, mir unseren Ort von vielen Seiten, von oben und manchmal auch unten anzusehen. Ohne die vielen Spazierg\u00e4nge w\u00e4re ich bestimmt schon &hellip; <a href=\"https:\/\/www.schiebener.net\/wordpress\/umleitung-zeichenkunst-verschwoerungsfragen-coronavirus-europa-klickschinder-kleine-leute-dortmunder-schauspiel-und-die-ton-stoerung-filtern\/\" class=\"more-link\"><span class=\"screen-reader-text\">\u201eUmleitung: Zeichenkunst, Verschw\u00f6rungsfragen, Coronavirus, Europa, Klickschinder, kleine Leute, Dortmunder Schauspiel und die Ton-St\u00f6rung filtern\u201c <\/span>weiterlesen<\/a><\/p>\n","protected":false},"author":3,"featured_media":0,"comment_status":"open","ping_status":"open","sticky":false,"template":"","format":"standard","meta":{"footnotes":""},"categories":[174,533,3182,319,2489,854,80,32,4761,379,648,1208,8524],"tags":[8645,5867,1115,7921,8643,8646,111,5865,8233],"class_list":["post-46577","post","type-post","status-publish","format-standard","hentry","category-dit-und-dat","category-europa","category-finanzen","category-geschichte","category-in-eigener-sache","category-kunst","category-lokales","category-medien","category-soziales","category-umleitung","category-was-tun-gegen-langweile","category-wirtschaft","category-wissenschaft","tag-corona-krise","tag-europa","tag-klickfallen","tag-pausenbild","tag-roebbecken","tag-schauspielhaus-dortmund","tag-siedlinghausen","tag-umleitung","tag-verschwoerungsmythen"],"_links":{"self":[{"href":"https:\/\/www.schiebener.net\/wordpress\/wp-json\/wp\/v2\/posts\/46577","targetHints":{"allow":["GET"]}}],"collection":[{"href":"https:\/\/www.schiebener.net\/wordpress\/wp-json\/wp\/v2\/posts"}],"about":[{"href":"https:\/\/www.schiebener.net\/wordpress\/wp-json\/wp\/v2\/types\/post"}],"author":[{"embeddable":true,"href":"https:\/\/www.schiebener.net\/wordpress\/wp-json\/wp\/v2\/users\/3"}],"replies":[{"embeddable":true,"href":"https:\/\/www.schiebener.net\/wordpress\/wp-json\/wp\/v2\/comments?post=46577"}],"version-history":[{"count":0,"href":"https:\/\/www.schiebener.net\/wordpress\/wp-json\/wp\/v2\/posts\/46577\/revisions"}],"wp:attachment":[{"href":"https:\/\/www.schiebener.net\/wordpress\/wp-json\/wp\/v2\/media?parent=46577"}],"wp:term":[{"taxonomy":"category","embeddable":true,"href":"https:\/\/www.schiebener.net\/wordpress\/wp-json\/wp\/v2\/categories?post=46577"},{"taxonomy":"post_tag","embeddable":true,"href":"https:\/\/www.schiebener.net\/wordpress\/wp-json\/wp\/v2\/tags?post=46577"}],"curies":[{"name":"wp","href":"https:\/\/api.w.org\/{rel}","templated":true}]}}