{"id":46567,"date":"2020-05-12T10:39:53","date_gmt":"2020-05-12T09:39:53","guid":{"rendered":"https:\/\/www.schiebener.net\/wordpress\/?p=46567"},"modified":"2020-05-12T13:49:04","modified_gmt":"2020-05-12T12:49:04","slug":"75-jahre-kriegsende-ns-gedenkstaette-fuer-einen-tag","status":"publish","type":"post","link":"https:\/\/www.schiebener.net\/wordpress\/75-jahre-kriegsende-ns-gedenkstaette-fuer-einen-tag\/","title":{"rendered":"75 Jahre Kriegsende: NS-Gedenkst\u00e4tte f\u00fcr einen Tag"},"content":{"rendered":"<figure id=\"attachment_46568\" aria-describedby=\"caption-attachment-46568\" style=\"width: 640px\" class=\"wp-caption aligncenter\"><img loading=\"lazy\" decoding=\"async\" class=\"size-full wp-image-46568\" src=\"https:\/\/www.schiebener.net\/wordpress\/wp-content\/uploads\/2020\/05\/mai20200801.jpg\" alt=\"\" width=\"640\" height=\"853\" srcset=\"https:\/\/www.schiebener.net\/wordpress\/wp-content\/uploads\/2020\/05\/mai20200801.jpg 640w, https:\/\/www.schiebener.net\/wordpress\/wp-content\/uploads\/2020\/05\/mai20200801-225x300.jpg 225w\" sizes=\"auto, (max-width: 709px) 85vw, (max-width: 909px) 67vw, (max-width: 984px) 61vw, (max-width: 1362px) 45vw, 600px\" \/><figcaption id=\"caption-attachment-46568\" class=\"wp-caption-text\">Der Gie\u00dfer wurde f\u00fcr einen Tag zur Gedenkst\u00e4tte. (Foto: Falken Meschede)<\/figcaption><\/figure>\n<p><strong>Die Mescheder Falken haben den 75. Jahrestag des Sieges \u00fcber den Faschismus (wegen Corona mit etwas Versp\u00e4tung) in ihrem Sch\u00fclercaf\u00e9 in Meschede begangen. Das Denkmal im Kreisverkehr bei der gr\u00f6\u00dften Mescheder Fabrik wurde Gedenkst\u00e4tte f\u00fcr einen Tag.<\/strong><\/p>\n<p><em>(<a href=\"https:\/\/hskfalken.wordpress.com\/2020\/05\/12\/75-jahre-kriegsende-ns-gedenkstaette-fuer-einen-tag\/\" target=\"_blank\" rel=\"noopener noreferrer\">Pressemitteilung der Falken Meschede<\/a>)<\/em><\/p>\n<p>Der Gie\u00dfer trug das \u201eOst\u201c-Abzeichen, mit dem die Zwangsarbeiter aus der Sowjetunion (heute Russland und Nachbarl\u00e4nder) gekennzeichnet waren. Ihrer und aller anderen Arbeiterinnen und Arbeiter, die im deutschen Faschismus Zwangsarbeit leisten mussten, wurde mit einem Strau\u00df roter Nelken gedacht, einem Symbol der internationalen Arbeiterbewegung.<\/p>\n<p>Mehrere Tausend Zwangsarbeiter, so berichtete der Jugendgruppenleiter der Falken, mussten bis 1945 in der Mescheder R\u00fcstungsindustrie schuften. Sie mussten Waffen und Waffenteile herstellen, die Zerst\u00f6rung, Leid und Tod in die Welt getragen haben. Auch in der Landwirtschaft und in Privathaushalten wurden Zwangsarbeiter eingesetzt: kriegsgefangene Soldaten oder junge Menschen, die in den von deutschen Soldaten besetzten Gebieten teilweise einfach auf der Stra\u00dfe festgenommen und nach Deutschland entf\u00fchrt worden waren.<\/p>\n<p>Die Arbeiterinnen und Arbeiter mit dem \u201eOst\u201c-Abzeichen bildeten in der rassistischen und politischen Rangordnung der Nazis die unterste Stufe, sie hatten in Deutschland die schlechtesten Lebensbedingungen und waren am st\u00e4rksten von Rechtlosigkeit und Gewalt betroffen.<\/p>\n<p>Auch gegen die Zwangsarbeiterinnen und -arbeiter in Meschede gab es gewaltt\u00e4tige \u00dcbergriffe, etwa durch einen Hilfspolizisten, der sie auf dem Weg zur Arbeit unter den Augen der \u00d6ffentlichkeit schikaniert hat. Dar\u00fcber berichtet der Aufsatz <a href=\"https:\/\/www.meschede.de\/fileadmin\/user_upload\/PDFs-Sonstige\/PDFs-_Geschichte\/Meschede_bei_Kriegsende_-_die_Stunde_Null.pdf\"><strong>\u201eDie Stunde Null\u201c<\/strong><\/a> des Mescheder Stadtarchivs. Es gibt allerdings auch Berichte von vorsichtigen Freundschaften zwischen Mescheder Jugendlichen und jungen Zwangsarbeiterinnen und -arbeitern. Vorsichtig, weil zuviel Freundschaft zwischen ihnen damals mit krassen Strafen bedroht war.<\/p>\n<p>Nicht gut erforscht ist anscheinend bis jetzt, was mit den tausenden Mescheder Zwangsarbeiterinnen und -arbeitern war, als die Stadt im Februar und M\u00e4rz 1945 bombardiert worden ist, um endlich die R\u00fcstungsindustrie zu zerst\u00f6ren. Konnten sie sich in Sicherheit bringen, oder wurden sie wie in manchen anderen St\u00e4dten fast schutzlos den Bomben ausgesetzt? Die st\u00e4dtische Chronik berichtet (w\u00f6rtlich): <em>Fast 50 Menschenleben gingen in diesem Hexenkessel zugrunde, eine Anzahl Ausl\u00e4nder nicht eingerechnet.<\/em><\/p>\n<p>Die jugendlichen Teilnehmerinnen und Teilnehmer der Gedenkveranstaltung erfuhren, dass Meschede am 8. April 1945 durch die Amerikaner von den Nazis befreit worden ist. Dabei sind \u2013 so berichtete jetzt ein Zeitzeuge im Interview mit einer Mescheder Zeitung \u2013 noch f\u00fcnf amerikanische Soldaten get\u00f6tet worden. Auch dieser jungen M\u00e4nner, die nicht mehr nach Hause gekommen sind, die noch kurz vor Schluss ihren Beitrag zur Niederschlagung des Naziregimes mit dem Leben bezahlt haben, wurde auf der Veranstaltung gedacht.<\/p>\n<p>Und auch hier hat die Mescheder Stadtchronik offenbar noch einen blinden Fleck. Darin hei\u00dft es nur: <em>Am Abend desselben Tages (8.4.1945) von 21.00 Uhr an nahmen die Amerikaner Meschede in Besitz, nachdem sie die Kreisstadt vom 7.8. ab\u00a0<\/em><em>beschossen hatten <\/em>(Fehler im Original, richtig ist nat\u00fcrlich 7.4.).<em> Sie drangen gleichzeitig von Norden und Osten her in die Stadt ein. Der Widerstand war beendet und die Amerikaner besetzten die Stadt.<\/em><\/p>\n<p>Unser Fazit: Die Mescheder Stadtchronik, die schon einige Jahre alt ist, sollte aktualisiert werden. Am besten setzt sich mal jemand dran und erforscht die Ereignisse der Kriegsendphase in Meschede nochmal etwas genauer. Wir werden geschichtsinteressierte Mescheder Sch\u00fclerinnen und Sch\u00fcler darauf aufmerksam machen, und auch die Historiker vom LWL.<\/p>\n<p>Fazit 2: Auf dem Stiftsplatz gibt es eine \u201eHeldengedenkst\u00e4tte\u201c im Stil der 1920er Jahre. Man sagt, diese Denkm\u00e4ler dienten weniger wirklich der Trauer als vielmehr schon der geistigen Vorbereitung des n\u00e4chsten Krieges, der Revanche. Gl\u00fccklicherweise wurde sie irgendwann durch einen Gedenkstein erg\u00e4nzt, der den Opfern von Krieg und Gewalt gewidmet ist. Dem allein ist \u00a0zu vedanken, dass man nicht vollkommen geschichtsvergessen und kein Nazi sein muss, um an einem zentralen Ort in der Mescheder Innenstadt der Opfer des Militarismus und Faschismus zu gedenken. Aber der Stein ist besch\u00e4digt. Wir wollen uns f\u00fcr die Reparatur einsetzen.<\/p>\n<figure id=\"attachment_46569\" aria-describedby=\"caption-attachment-46569\" style=\"width: 640px\" class=\"wp-caption aligncenter\"><img loading=\"lazy\" decoding=\"async\" class=\"size-full wp-image-46569\" src=\"https:\/\/www.schiebener.net\/wordpress\/wp-content\/uploads\/2020\/05\/mai20200802.jpg\" alt=\"\" width=\"640\" height=\"483\" srcset=\"https:\/\/www.schiebener.net\/wordpress\/wp-content\/uploads\/2020\/05\/mai20200802.jpg 640w, https:\/\/www.schiebener.net\/wordpress\/wp-content\/uploads\/2020\/05\/mai20200802-300x226.jpg 300w\" sizes=\"auto, (max-width: 709px) 85vw, (max-width: 909px) 67vw, (max-width: 984px) 61vw, (max-width: 1362px) 45vw, 600px\" \/><figcaption id=\"caption-attachment-46569\" class=\"wp-caption-text\">Besch\u00e4digter Gedenkstein in Meschede (Foto: Falken Meschede)<\/figcaption><\/figure>\n<p>Fazit 3: Das Schicksal der nach Meschede verschleppten Zwangsarbeiter \u201eOst\u201c und aus anderen L\u00e4ndern mahnt zu Frieden und Kooperation, die gegenw\u00e4rtige Aufr\u00fcstung mit atomaren Massenvernichtungswaffen sehen wir mit Sorge. Wir wollen der Regierung der russischen F\u00f6deration von unserer Gedenkveranstaltung berichten und den dort lebenden Menschen die Hand reichen. Wir k\u00f6nnten so gut in Frieden miteinander leben!<\/p>\n","protected":false},"excerpt":{"rendered":"<p>Die Mescheder Falken haben den 75. Jahrestag des Sieges \u00fcber den Faschismus (wegen Corona mit etwas Versp\u00e4tung) in ihrem Sch\u00fclercaf\u00e9 in Meschede begangen. Das Denkmal im Kreisverkehr bei der gr\u00f6\u00dften &hellip; <a href=\"https:\/\/www.schiebener.net\/wordpress\/75-jahre-kriegsende-ns-gedenkstaette-fuer-einen-tag\/\" class=\"more-link\"><span class=\"screen-reader-text\">\u201e75 Jahre Kriegsende: NS-Gedenkst\u00e4tte f\u00fcr einen Tag\u201c <\/span>weiterlesen<\/a><\/p>\n","protected":false},"author":17,"featured_media":0,"comment_status":"open","ping_status":"open","sticky":false,"template":"","format":"standard","meta":{"footnotes":""},"categories":[3,319,303,6,80,7507,1043],"tags":[1534,6072,8033,485,655],"class_list":["post-46567","post","type-post","status-publish","format-standard","hentry","category-bildung-und-schule","category-geschichte","category-in-unserem-briefkasten","category-kalenderblatt","category-lokales","category-nationalsozialismus","category-pressemitteilungen","tag-8-mai-1945","tag-falken-hsk","tag-giesser","tag-honsel","tag-pressemitteilung"],"_links":{"self":[{"href":"https:\/\/www.schiebener.net\/wordpress\/wp-json\/wp\/v2\/posts\/46567","targetHints":{"allow":["GET"]}}],"collection":[{"href":"https:\/\/www.schiebener.net\/wordpress\/wp-json\/wp\/v2\/posts"}],"about":[{"href":"https:\/\/www.schiebener.net\/wordpress\/wp-json\/wp\/v2\/types\/post"}],"author":[{"embeddable":true,"href":"https:\/\/www.schiebener.net\/wordpress\/wp-json\/wp\/v2\/users\/17"}],"replies":[{"embeddable":true,"href":"https:\/\/www.schiebener.net\/wordpress\/wp-json\/wp\/v2\/comments?post=46567"}],"version-history":[{"count":0,"href":"https:\/\/www.schiebener.net\/wordpress\/wp-json\/wp\/v2\/posts\/46567\/revisions"}],"wp:attachment":[{"href":"https:\/\/www.schiebener.net\/wordpress\/wp-json\/wp\/v2\/media?parent=46567"}],"wp:term":[{"taxonomy":"category","embeddable":true,"href":"https:\/\/www.schiebener.net\/wordpress\/wp-json\/wp\/v2\/categories?post=46567"},{"taxonomy":"post_tag","embeddable":true,"href":"https:\/\/www.schiebener.net\/wordpress\/wp-json\/wp\/v2\/tags?post=46567"}],"curies":[{"name":"wp","href":"https:\/\/api.w.org\/{rel}","templated":true}]}}