{"id":46564,"date":"2020-05-11T09:13:16","date_gmt":"2020-05-11T08:13:16","guid":{"rendered":"https:\/\/www.schiebener.net\/wordpress\/?p=46564"},"modified":"2020-05-11T09:13:16","modified_gmt":"2020-05-11T08:13:16","slug":"im-briefkasten-spd-bundestagsfraktion-vor-ort-digital-zukunft-der-landwirtschaft","status":"publish","type":"post","link":"https:\/\/www.schiebener.net\/wordpress\/im-briefkasten-spd-bundestagsfraktion-vor-ort-digital-zukunft-der-landwirtschaft\/","title":{"rendered":"Im Briefkasten: SPD-Bundestagsfraktion vor Ort digital \u2013 Zukunft der Landwirtschaft"},"content":{"rendered":"<figure id=\"attachment_46565\" aria-describedby=\"caption-attachment-46565\" style=\"width: 700px\" class=\"wp-caption aligncenter\"><img loading=\"lazy\" decoding=\"async\" class=\"wp-image-46565\" src=\"https:\/\/www.schiebener.net\/wordpress\/wp-content\/uploads\/2020\/05\/DWMarcoUrban20200211.jpg\" alt=\"\" width=\"700\" height=\"467\" srcset=\"https:\/\/www.schiebener.net\/wordpress\/wp-content\/uploads\/2020\/05\/DWMarcoUrban20200211.jpg 1024w, https:\/\/www.schiebener.net\/wordpress\/wp-content\/uploads\/2020\/05\/DWMarcoUrban20200211-300x200.jpg 300w, https:\/\/www.schiebener.net\/wordpress\/wp-content\/uploads\/2020\/05\/DWMarcoUrban20200211-768x512.jpg 768w\" sizes=\"auto, (max-width: 709px) 85vw, (max-width: 909px) 67vw, (max-width: 984px) 61vw, (max-width: 1362px) 45vw, 600px\" \/><figcaption id=\"caption-attachment-46565\" class=\"wp-caption-text\">Dirk Wiese l\u00e4dt zur Videokonferenz mit dem Thema &#8222;Zukunft der Landwirtschaft&#8220;. (Pressefoto: Marco Urban)<\/figcaption><\/figure>\n<p><strong>Der heimische Bundestagsabgeordnete Dirk Wiese l\u00e4dt am Montag, 18. Mai 2020 um 18:00 Uhr zu einer Videokonferenz im Rahmen der Reihe SPD-Bundestagsfraktion vor Ort ein. Zu Gast ist der agrarpolitische Sprecher der SPD-Bundestagsfraktion, Rainer Spiering. Die Themen\u00fcberschrift lautet \u201eZukunft der Landwirtschaft\u201c. <\/strong><\/p>\n<p><em>(Pressemitteilung Dirk Wiese)<\/em><\/p>\n<p>Die Konferenz erfolgt aufgrund der aktuellen Situation digital \u00fcber die kostenfreie <strong>Plattform \u201eZoom\u201c<\/strong>.<\/p>\n<p>Die Themen zur Zukunft der Landwirtschaft sind vielf\u00e4ltig. Es gilt zun\u00e4chst \u00fcber die vieldiskutierten Ergebnisse der &#8222;Borchert-Kommission&#8220; zu sprechen, diese legte ein Gesamtkonzept zur Weiterentwicklung der deutschen Nutztierhaltung vor.<\/p>\n<p>Wie wichtig dieses Thema derzeit ist, zeigt beispielsweise die Frage nach der artgerechten Haltung von Zuchtschweinen im sogenannten &#8222;Kastenstand&#8220;. Die Reform der D\u00fcngeverordnung ist ein weiterer Themenkomplex \u00fcber den es sich auszutauschen gilt. Betroffen von den Neuregelungen der D\u00fcngeverordnung sind auch viele Weidetierhalter. Im Jahr der deutschen EU-Ratspr\u00e4sidentschaft ist auch die Neuausrichtung der gemeinsamen Agrarpolitik (GAP) ein wichtiges Thema. Hier gilt es zu diskutieren welche Akzente noch gesetzt werden m\u00fcssen und welche Auswirkungen auf die deutsche Landwirtschaft zu erwarten sind.<\/p>\n<p>Daneben soll aber auch der Absatzmarkt f\u00fcr landwirtschaftliche Produkte in den Fokus des Gespr\u00e4chs genommen werden. Das Augenmerk ist dabei auch auf den regionalen Vertrieb zu richten und der Frage nach der Wettbewerbssituation der heimischen Betriebe.<\/p>\n<p>In diesem Zusammenhang ist auch der Milchmarkt mit der derzeitigen Milchpreisentwicklung einzuordnen. Daneben gibt es aber auch Themen, die ausschlie\u00dflich durch \u00e4u\u00dfere Einfl\u00fcsse gesetzt werden. So bedroht ein m\u00f6gliches drittes D\u00fcrrejahr in Folge die Ernteertr\u00e4ge. Deshalb gilt es auch \u00fcber innovative Konzepte wie beispielsweise Agroforstsysteme als Feuchtigkeitsspeicher zu diskutieren, um k\u00fcnftig mit den Folgen des Klimawandels besser umgehen zu k\u00f6nnen. Ein Thema, das momentan nahezu die gesamte Agrarwirtschaft umtreibt, ist die Bew\u00e4ltigung der Folgen der Corona-Pandemie. Viele Betriebe stehen hier vor sehr komplexen Herausforderungen, auch das wird Thema des Austausches sein.<\/p>\n<p>Interessierte aus nah und fern sind zur Teilnahme herzlich eingeladen. Fragen der Teilnehmerrunde sind willkommen und gew\u00fcnscht. Rainer Spiering und Dirk Wiese freuen sich auf den fachlichen Austausch.<\/p>\n<p>Um Anmeldung dazu wird bis zum 15.05.2020 via Email an <a href=\"mailto:dirk.wiese.wk@bundestag.de\" target=\"_blank\" rel=\"noopener noreferrer\">dirk.wiese.wk@bundestag.de<\/a> gebeten, danach werden die Einwahldaten zugesendet.<\/p>\n","protected":false},"excerpt":{"rendered":"<p>Der heimische Bundestagsabgeordnete Dirk Wiese l\u00e4dt am Montag, 18. Mai 2020 um 18:00 Uhr zu einer Videokonferenz im Rahmen der Reihe SPD-Bundestagsfraktion vor Ort ein. Zu Gast ist der agrarpolitische &hellip; <a href=\"https:\/\/www.schiebener.net\/wordpress\/im-briefkasten-spd-bundestagsfraktion-vor-ort-digital-zukunft-der-landwirtschaft\/\" class=\"more-link\"><span class=\"screen-reader-text\">\u201eIm Briefkasten: SPD-Bundestagsfraktion vor Ort digital \u2013 Zukunft der Landwirtschaft\u201c <\/span>weiterlesen<\/a><\/p>\n","protected":false},"author":17,"featured_media":0,"comment_status":"open","ping_status":"open","sticky":false,"template":"","format":"standard","meta":{"footnotes":""},"categories":[303,1043,549,1208],"tags":[3104,2755,655],"class_list":["post-46564","post","type-post","status-publish","format-standard","hentry","category-in-unserem-briefkasten","category-pressemitteilungen","category-umwelt","category-wirtschaft","tag-dirk-wiese","tag-landwirtschaft","tag-pressemitteilung"],"_links":{"self":[{"href":"https:\/\/www.schiebener.net\/wordpress\/wp-json\/wp\/v2\/posts\/46564","targetHints":{"allow":["GET"]}}],"collection":[{"href":"https:\/\/www.schiebener.net\/wordpress\/wp-json\/wp\/v2\/posts"}],"about":[{"href":"https:\/\/www.schiebener.net\/wordpress\/wp-json\/wp\/v2\/types\/post"}],"author":[{"embeddable":true,"href":"https:\/\/www.schiebener.net\/wordpress\/wp-json\/wp\/v2\/users\/17"}],"replies":[{"embeddable":true,"href":"https:\/\/www.schiebener.net\/wordpress\/wp-json\/wp\/v2\/comments?post=46564"}],"version-history":[{"count":0,"href":"https:\/\/www.schiebener.net\/wordpress\/wp-json\/wp\/v2\/posts\/46564\/revisions"}],"wp:attachment":[{"href":"https:\/\/www.schiebener.net\/wordpress\/wp-json\/wp\/v2\/media?parent=46564"}],"wp:term":[{"taxonomy":"category","embeddable":true,"href":"https:\/\/www.schiebener.net\/wordpress\/wp-json\/wp\/v2\/categories?post=46564"},{"taxonomy":"post_tag","embeddable":true,"href":"https:\/\/www.schiebener.net\/wordpress\/wp-json\/wp\/v2\/tags?post=46564"}],"curies":[{"name":"wp","href":"https:\/\/api.w.org\/{rel}","templated":true}]}}