{"id":46539,"date":"2020-05-06T18:32:32","date_gmt":"2020-05-06T17:32:32","guid":{"rendered":"https:\/\/www.schiebener.net\/wordpress\/?p=46539"},"modified":"2020-05-06T18:32:32","modified_gmt":"2020-05-06T17:32:32","slug":"r-i-p-florian-schneider-07-04-1947-06-05-2020","status":"publish","type":"post","link":"https:\/\/www.schiebener.net\/wordpress\/r-i-p-florian-schneider-07-04-1947-06-05-2020\/","title":{"rendered":"R.I.P. Florian Schneider &#8211; *07.04.1947 &middot; &dagger;06.05.2020"},"content":{"rendered":"<p><strong><a href=\"https:\/\/de.wikipedia.org\/wiki\/Florian_Schneider-Esleben\" target=\"_blank\" rel=\"noopener noreferrer\">Florian Schneider<\/a> war ein deutscher Musiker. Zusammen mit <a href=\"https:\/\/de.wikipedia.org\/wiki\/Ralf_H%C3%BCtter\" target=\"_blank\" rel=\"noopener noreferrer\">Ralf H\u00fctter<\/a> gr\u00fcndete er 1968 die Musikgruppe Organisation. Aus ihr ging 1970 die Band <a href=\"https:\/\/de.wikipedia.org\/wiki\/Kraftwerk_(Band)\" target=\"_blank\" rel=\"noopener noreferrer\">Kraftwerk<\/a> hervor. Zu dieser Zeit nannte sich Schneider noch Schneider-Esleben; nach der Ver\u00f6ffentlichung des zweiten Kraftwerk-Albums legte er auf die Verwendung des Nachnamenszusatzes keinen Wert mehr. <\/strong><\/p>\n<div class=\"video-wrapped video-wrapped-video video-wrapped-yt\" style=\"width: 840px; min-height: 473px; background-image: url('https:\/\/www.schiebener.net\/wordpress\/wp-content\/plugins\/wp-video-embed-privacy-master\/preview\/yt\/0EBTn_3DBYo.jpg?s=d02587f04f0acebcf800221869adf5cae936c1211d1a125ff5cccbbbf03c80ce')\" data-embed-frame=\"&lt;iframe title=&quot;RADIOACTIVITY - KRAFTWERK - HD Live&quot; width=&quot;840&quot; height=&quot;473&quot; src=&quot;https:\/\/www.youtube-nocookie.com\/embed\/0EBTn_3DBYo?feature=oembed&quot; frameborder=&quot;0&quot; allow=&quot;accelerometer; autoplay; clipboard-write; encrypted-media; gyroscope; picture-in-picture; web-share&quot; referrerpolicy=&quot;strict-origin-when-cross-origin&quot; allowfullscreen&gt;&lt;\/iframe&gt;\" data-embed-play=\"&lt;span&gt;Video abspielen&lt;\/span&gt;&lt;div class=&quot;small&quot;&gt;&lt;span&gt;Das Video wird von Youtube eingebettet. Es gelten die &lt;a href=&quot;https:\/\/www.google.com\/intl\/de\/policies\/privacy\/&quot; target=&quot;_blank&quot;&gt;Datenschutzerkl\u00e4rungen von Google&lt;\/a&gt;.&lt;\/span&gt;&lt;\/div&gt;\">\n<div class=\"video-wrapped-nojs\"><span>Aktivieren Sie JavaScript um das Video zu sehen.<br \/>Video-Link: <a href=\"https:\/\/www.youtube.com\/watch?v=0EBTn_3DBYo\">https:\/\/www.youtube.com\/watch?v=0EBTn_3DBYo<\/a><\/span><\/div>\n<\/div>\n<p>.<\/p>\n<blockquote><p><a href=\"https:\/\/www.deutschlandfunkkultur.de\/kraftwerk-mitgruender-schneider-esleben-gestorben.265.de.html?drn:news_id=1127975\" target=\"_blank\" rel=\"noopener noreferrer\">DLF Kultur | 06.05.2020<\/a><\/p>\n<p><strong>Kraftwerk-Mitgr\u00fcnder Schneider-Esleben gestorben<\/strong><\/p>\n<p>Florian Schneider-Esleben, Mitgr\u00fcnder der legend\u00e4ren Gruppe Kraftwerk, ist tot. Das hat das Unternehmen Sony in Berlin unter Berufung auf Kraftwerk-Gr\u00fcnder Ralf H\u00fctter mitgeteilt. Schneider-Esleben sei nach einer Krebserkrankung gestorben. Er wurde 73 Jahre alt. Schneider und H\u00fctter gr\u00fcndeten 1970 das ber\u00fchmte Kling-Klang-Studio in D\u00fcsseldorf und starteten Kraftwerk. Schneider-Esleben, Sohn des ber\u00fchmten Architekten der Nachkriegsmoderne Paul Schneider-Esleben, gilt als einer der Pioniere elektronischer Musik. Er war an den wegweisenden Kraftwerk-Alben von \u201eAutobahn\u201c (1974) bis \u201eTour De France\u201c (2003) beteiligt. Ende 2008 verlie\u00df Schneider-Esleben die Gruppe. 2014 wurde er mit einem Grammy f\u00fcr sein Lebenswerk geehrt.<\/p><\/blockquote>\n","protected":false},"excerpt":{"rendered":"<p>Florian Schneider war ein deutscher Musiker. Zusammen mit Ralf H\u00fctter gr\u00fcndete er 1968 die Musikgruppe Organisation. Aus ihr ging 1970 die Band Kraftwerk hervor. Zu dieser Zeit nannte sich Schneider &hellip; <a href=\"https:\/\/www.schiebener.net\/wordpress\/r-i-p-florian-schneider-07-04-1947-06-05-2020\/\" class=\"more-link\"><span class=\"screen-reader-text\">\u201eR.I.P. Florian Schneider &#8211; *07.04.1947 &middot; &dagger;06.05.2020\u201c <\/span>weiterlesen<\/a><\/p>\n","protected":false},"author":64,"featured_media":0,"comment_status":"open","ping_status":"open","sticky":false,"template":"","format":"standard","meta":{"footnotes":""},"categories":[674,854,27],"tags":[8642,8641,8640,4877],"class_list":["post-46539","post","type-post","status-publish","format-standard","hentry","category-kultur","category-kunst","category-musik","tag-electro-pop","tag-electronic","tag-florian-schneider","tag-kraftwerk"],"_links":{"self":[{"href":"https:\/\/www.schiebener.net\/wordpress\/wp-json\/wp\/v2\/posts\/46539","targetHints":{"allow":["GET"]}}],"collection":[{"href":"https:\/\/www.schiebener.net\/wordpress\/wp-json\/wp\/v2\/posts"}],"about":[{"href":"https:\/\/www.schiebener.net\/wordpress\/wp-json\/wp\/v2\/types\/post"}],"author":[{"embeddable":true,"href":"https:\/\/www.schiebener.net\/wordpress\/wp-json\/wp\/v2\/users\/64"}],"replies":[{"embeddable":true,"href":"https:\/\/www.schiebener.net\/wordpress\/wp-json\/wp\/v2\/comments?post=46539"}],"version-history":[{"count":0,"href":"https:\/\/www.schiebener.net\/wordpress\/wp-json\/wp\/v2\/posts\/46539\/revisions"}],"wp:attachment":[{"href":"https:\/\/www.schiebener.net\/wordpress\/wp-json\/wp\/v2\/media?parent=46539"}],"wp:term":[{"taxonomy":"category","embeddable":true,"href":"https:\/\/www.schiebener.net\/wordpress\/wp-json\/wp\/v2\/categories?post=46539"},{"taxonomy":"post_tag","embeddable":true,"href":"https:\/\/www.schiebener.net\/wordpress\/wp-json\/wp\/v2\/tags?post=46539"}],"curies":[{"name":"wp","href":"https:\/\/api.w.org\/{rel}","templated":true}]}}