{"id":46451,"date":"2020-04-26T21:38:12","date_gmt":"2020-04-26T20:38:12","guid":{"rendered":"https:\/\/www.schiebener.net\/wordpress\/?p=46451"},"modified":"2020-04-26T21:47:39","modified_gmt":"2020-04-26T20:47:39","slug":"nachgereicht-westfalenpost-brilon-meschede-verliert-auch-weiterhin-abonnentinnen","status":"publish","type":"post","link":"https:\/\/www.schiebener.net\/wordpress\/nachgereicht-westfalenpost-brilon-meschede-verliert-auch-weiterhin-abonnentinnen\/","title":{"rendered":"Nachgereicht: Westfalenpost Brilon\/Meschede verliert auch weiterhin Abonnent*innen"},"content":{"rendered":"<figure id=\"attachment_46452\" aria-describedby=\"caption-attachment-46452\" style=\"width: 701px\" class=\"wp-caption aligncenter\"><a href=\"https:\/\/www.schiebener.net\/wordpress\/wp-content\/uploads\/2020\/04\/ivw20200422_I.jpg\" target=\"_blank\" rel=\"noopener noreferrer\"><img loading=\"lazy\" decoding=\"async\" class=\"wp-image-46452\" src=\"https:\/\/www.schiebener.net\/wordpress\/wp-content\/uploads\/2020\/04\/ivw20200422_I.jpg\" alt=\"\" width=\"701\" height=\"234\" srcset=\"https:\/\/www.schiebener.net\/wordpress\/wp-content\/uploads\/2020\/04\/ivw20200422_I.jpg 1874w, https:\/\/www.schiebener.net\/wordpress\/wp-content\/uploads\/2020\/04\/ivw20200422_I-300x100.jpg 300w, https:\/\/www.schiebener.net\/wordpress\/wp-content\/uploads\/2020\/04\/ivw20200422_I-1024x342.jpg 1024w, https:\/\/www.schiebener.net\/wordpress\/wp-content\/uploads\/2020\/04\/ivw20200422_I-768x257.jpg 768w, https:\/\/www.schiebener.net\/wordpress\/wp-content\/uploads\/2020\/04\/ivw20200422_I-1536x513.jpg 1536w\" sizes=\"auto, (max-width: 709px) 85vw, (max-width: 909px) 67vw, (max-width: 984px) 61vw, (max-width: 1362px) 45vw, 600px\" \/><\/a><figcaption id=\"caption-attachment-46452\" class=\"wp-caption-text\">Die Westfalenpost hat auch im letzten Jahr Abonnent*nnen verloren. (screenshot ivw)<\/figcaption><\/figure>\n<p><strong>Die Westfalenpost (WP) hat im letzten Jahr 5,34% ihrer Abonnent*innen verloren. In der vergangenen Woche hat die Informationsgemeinschaft zur Feststellung der Verbreitung von Werbetr\u00e4gern e.V. (ivw) die <a href=\"http:\/\/www.ivw.eu\/aw\/print\/qa\/titel\/1417?quartal%5B20194%5D=20194&amp;quartal%5B20201%5D=20201#views-exposed-form-aw-titel-az-aw-az-qa\" target=\"_blank\" rel=\"noopener noreferrer\">Zahlen f\u00fcr das erste Quartal 2020 ver\u00f6ffentlicht<\/a>.<\/strong><\/p>\n<p>Im letzten Quartal, also von Januar bis M\u00e4rz 2020, verlor unsere Regionalzeitung 272 Abonnent*innen (1,28%), im Vergleich zum ersten Quartal 2029 betrug der Verlust insgesamt 1.189 Abos = 5,34%.<\/p>\n<p>Der Schwund konnte durch die steigenden (+330) digitalen Abos (ePaper) nicht kompensiert werden. Die Druckauflage sank um 7,22% auf 20.855 Exemplare.<\/p>\n<p>Schon seit l\u00e4ngerem sind die Artikel der Westfalenpost im Netz nur noch kostenpflichtig zu lesen. Um die potentiellen Leser*innen anzutriggern, hat sich der Stil der \u00dcberschriften ver\u00e4ndert; keine Schlagzeile mehr, mit den wichtigsten Schlagworten des Artikels, sondern meist eine offene Feststellung bzw. Frage ohne den Inhalt preiszugeben.<\/p>\n<p>Beispiel von heute: &#8222;Herbert Kunz aus Neheim merkt bei einer Fahrradtour, dass er an sein Limit kommt. Eine Verk\u00e4uferin aus Scharfenberg entpuppt sich als Retterin. So r\u00fchrend bedankt sich Neheimer bei Briloner Alltagsheldin&#8220;<\/p>\n<p>Wir erfahren weder, worin das Limit von H.K. bestand, noch wie ihn die Verk\u00e4uferin aus der nicht n\u00e4her bezeichneten Situation rettete und wie der Dank aussieht.<\/p>\n<p>Man kann sich jetzt alles M\u00f6gliche ausmalen, und wenn die Phantasie\u00a0 schrecklich genug ins Kraut schie\u00dft, wird man den Bezahlknopf dr\u00fccken.<\/p>\n<p>Oder: &#8222;Eine neue Regelung soll daf\u00fcr sorgen, dass Patienten in der Corona-Krise einfacher an Medikamente kommen und Versorgungsengp\u00e4sse behoben werden. Corona: Neue Regel bringt mehr Schutz f\u00fcr Apotheken-Kunden&#8220;<\/p>\n<p>Was ist die Regel?\u00a0 Worin besteht der Schutz?<\/p>\n<p>Ok &#8211; nur zwei Beispiele, und vielleicht stelle ich mir das zu schr\u00e4ge vor. Wenn es denn der Zeitung hilft, soll sie es versuchen.<\/p>\n<p>Am Ende z\u00e4hlen Gewinne und Verluste.<\/p>\n<p>Im letzten Jahr wurde die Redaktion Warstein geschlossen, die gemeinsam mit Brilon und Meschede einen Verbund bildete.<\/p>\n<p><strong>Siehe:<br \/>\n<\/strong><br \/>\n<a href=\"https:\/\/www.schiebener.net\/wordpress\/funke-streicht-westfalenpost-redaktion-warstein-der-ausstieg-aus-dem-print-journalismus-wird-beschleunigt\/\" target=\"_blank\" rel=\"noopener noreferrer\">Funke schlie\u00dft Westfalenpost-Redaktion Warstein. Der Ausstieg aus dem Print-Journalismus wird beschleunigt.<\/a><\/p>\n","protected":false},"excerpt":{"rendered":"<p>Die Westfalenpost (WP) hat im letzten Jahr 5,34% ihrer Abonnent*innen verloren. In der vergangenen Woche hat die Informationsgemeinschaft zur Feststellung der Verbreitung von Werbetr\u00e4gern e.V. (ivw) die Zahlen f\u00fcr das &hellip; <a href=\"https:\/\/www.schiebener.net\/wordpress\/nachgereicht-westfalenpost-brilon-meschede-verliert-auch-weiterhin-abonnentinnen\/\" class=\"more-link\"><span class=\"screen-reader-text\">\u201eNachgereicht: Westfalenpost Brilon\/Meschede verliert auch weiterhin Abonnent*innen\u201c <\/span>weiterlesen<\/a><\/p>\n","protected":false},"author":3,"featured_media":0,"comment_status":"open","ping_status":"open","sticky":false,"template":"","format":"standard","meta":{"footnotes":""},"categories":[80,32,1043],"tags":[4915,681,4914,340,8011,252],"class_list":["post-46451","post","type-post","status-publish","format-standard","hentry","category-lokales","category-medien","category-pressemitteilungen","tag-ivw-auflagenzahlen","tag-print","tag-tageszeitungen","tag-westfalenpost","tag-westfalenpost-warstein","tag-zeitungskrise"],"_links":{"self":[{"href":"https:\/\/www.schiebener.net\/wordpress\/wp-json\/wp\/v2\/posts\/46451","targetHints":{"allow":["GET"]}}],"collection":[{"href":"https:\/\/www.schiebener.net\/wordpress\/wp-json\/wp\/v2\/posts"}],"about":[{"href":"https:\/\/www.schiebener.net\/wordpress\/wp-json\/wp\/v2\/types\/post"}],"author":[{"embeddable":true,"href":"https:\/\/www.schiebener.net\/wordpress\/wp-json\/wp\/v2\/users\/3"}],"replies":[{"embeddable":true,"href":"https:\/\/www.schiebener.net\/wordpress\/wp-json\/wp\/v2\/comments?post=46451"}],"version-history":[{"count":0,"href":"https:\/\/www.schiebener.net\/wordpress\/wp-json\/wp\/v2\/posts\/46451\/revisions"}],"wp:attachment":[{"href":"https:\/\/www.schiebener.net\/wordpress\/wp-json\/wp\/v2\/media?parent=46451"}],"wp:term":[{"taxonomy":"category","embeddable":true,"href":"https:\/\/www.schiebener.net\/wordpress\/wp-json\/wp\/v2\/categories?post=46451"},{"taxonomy":"post_tag","embeddable":true,"href":"https:\/\/www.schiebener.net\/wordpress\/wp-json\/wp\/v2\/tags?post=46451"}],"curies":[{"name":"wp","href":"https:\/\/api.w.org\/{rel}","templated":true}]}}