{"id":46446,"date":"2020-04-24T21:19:44","date_gmt":"2020-04-24T20:19:44","guid":{"rendered":"https:\/\/www.schiebener.net\/wordpress\/?p=46446"},"modified":"2020-04-24T21:20:10","modified_gmt":"2020-04-24T20:20:10","slug":"winterberg-vom-freibad-zum-ferienpark","status":"publish","type":"post","link":"https:\/\/www.schiebener.net\/wordpress\/winterberg-vom-freibad-zum-ferienpark\/","title":{"rendered":"Winterberg: vom Freibad zum Ferienpark"},"content":{"rendered":"<figure id=\"attachment_46447\" aria-describedby=\"caption-attachment-46447\" style=\"width: 700px\" class=\"wp-caption aligncenter\"><a href=\"https:\/\/www.schiebener.net\/wordpress\/wp-content\/uploads\/2020\/04\/WinterbergFerienpark2020042301.jpg\" target=\"_blank\" rel=\"noopener noreferrer\"><img loading=\"lazy\" decoding=\"async\" class=\"wp-image-46447\" src=\"https:\/\/www.schiebener.net\/wordpress\/wp-content\/uploads\/2020\/04\/WinterbergFerienpark2020042301.jpg\" alt=\"\" width=\"700\" height=\"467\" srcset=\"https:\/\/www.schiebener.net\/wordpress\/wp-content\/uploads\/2020\/04\/WinterbergFerienpark2020042301.jpg 2048w, https:\/\/www.schiebener.net\/wordpress\/wp-content\/uploads\/2020\/04\/WinterbergFerienpark2020042301-300x200.jpg 300w, https:\/\/www.schiebener.net\/wordpress\/wp-content\/uploads\/2020\/04\/WinterbergFerienpark2020042301-1024x683.jpg 1024w, https:\/\/www.schiebener.net\/wordpress\/wp-content\/uploads\/2020\/04\/WinterbergFerienpark2020042301-768x512.jpg 768w, https:\/\/www.schiebener.net\/wordpress\/wp-content\/uploads\/2020\/04\/WinterbergFerienpark2020042301-1536x1024.jpg 1536w\" sizes=\"auto, (max-width: 709px) 85vw, (max-width: 909px) 67vw, (max-width: 984px) 61vw, (max-width: 1362px) 45vw, 600px\" \/><\/a><figcaption id=\"caption-attachment-46447\" class=\"wp-caption-text\">Zwischen Fichten- und Buchenweg waren einst Hallenbad, Freibad,\u00a0 Liegewiese, Tennispl\u00e4tze &#8230; (foto: zoom)<\/figcaption><\/figure>\n<p><strong>Zwischen Fichtenweg und Buchenweg entsteht ein ein neuer Ferienpark. Auf dem Gel\u00e4nde befanden sich bis zum Abriss Hallenbad, Freibad, Liegewiese, Tennispl\u00e4tze und Bundeswehrbaracken.<\/strong><\/p>\n<p><a href=\"https:\/\/www.uplandparcs.de\/\" target=\"_blank\" rel=\"noopener noreferrer\">Das Unternehmen<\/a> vermietet Ferienobjekte an haupts\u00e4chlich zwei Standorten: Winterberg(D) und\u00a0 St. Gallenkirch(A). Als Unternehmensstandort ist auf der Website Willingen angegeben, die E-Mail-Adresse ist niederl\u00e4ndisch.<\/p>\n<p>Aber das kann jeder auf der verlinkten Website selbst nachlesen.<\/p>\n<figure id=\"attachment_46448\" aria-describedby=\"caption-attachment-46448\" style=\"width: 700px\" class=\"wp-caption aligncenter\"><a href=\"https:\/\/www.schiebener.net\/wordpress\/wp-content\/uploads\/2020\/04\/WinterbergFerienpark2020042302.jpg\" target=\"_blank\" rel=\"noopener noreferrer\"><img loading=\"lazy\" decoding=\"async\" class=\"wp-image-46448\" src=\"https:\/\/www.schiebener.net\/wordpress\/wp-content\/uploads\/2020\/04\/WinterbergFerienpark2020042302.jpg\" alt=\"\" width=\"700\" height=\"467\" srcset=\"https:\/\/www.schiebener.net\/wordpress\/wp-content\/uploads\/2020\/04\/WinterbergFerienpark2020042302.jpg 2048w, https:\/\/www.schiebener.net\/wordpress\/wp-content\/uploads\/2020\/04\/WinterbergFerienpark2020042302-300x200.jpg 300w, https:\/\/www.schiebener.net\/wordpress\/wp-content\/uploads\/2020\/04\/WinterbergFerienpark2020042302-1024x683.jpg 1024w, https:\/\/www.schiebener.net\/wordpress\/wp-content\/uploads\/2020\/04\/WinterbergFerienpark2020042302-768x512.jpg 768w, https:\/\/www.schiebener.net\/wordpress\/wp-content\/uploads\/2020\/04\/WinterbergFerienpark2020042302-1536x1024.jpg 1536w\" sizes=\"auto, (max-width: 709px) 85vw, (max-width: 909px) 67vw, (max-width: 984px) 61vw, (max-width: 1362px) 45vw, 600px\" \/><\/a><figcaption id=\"caption-attachment-46448\" class=\"wp-caption-text\">UplandParcs Winterberg wird die Anlage hei\u00dfen. (foto: zoom)<\/figcaption><\/figure>\n<p>Im Sauerlandkurier vom 11. Januar 2017 findet man diesen Artikel:<\/p>\n<p><a href=\"https:\/\/www.sauerlandkurier.de\/hochsauerlandkreis\/winterberg\/niederlaendisches-unternehmen-upland-parcs-will-ferienpark-winterberg-errichten-7208946.html\" target=\"_blank\" rel=\"noopener noreferrer\">https:\/\/www.sauerlandkurier.de\/hochsauerlandkreis\/winterberg\/niederlaendisches-unternehmen-upland-parcs-will-ferienpark-winterberg-errichten-7208946.html<\/a><\/p>\n<p>Damals hie\u00df es:<\/p>\n<blockquote><p>&#8222;Die Er\u00f6ffnung ist f\u00fcr Sommer 2018 vorgesehen.<\/p>\n<p>Insgesamt sollen auf dem etwa 2,6 Hektar gro\u00dfen Areal 63 freistehende Ferienh\u00e4user mit einer Gr\u00f6\u00dfe von jeweils 110 bis 300 Quadratmetern entstehen, wie Bastian Taselaar, Gesch\u00e4ftsf\u00fchrer von \u201eUpland Parcs\u201c berichtet.&#8220;<\/p><\/blockquote>\n","protected":false},"excerpt":{"rendered":"<p>Zwischen Fichtenweg und Buchenweg entsteht ein ein neuer Ferienpark. Auf dem Gel\u00e4nde befanden sich bis zum Abriss Hallenbad, Freibad, Liegewiese, Tennispl\u00e4tze und Bundeswehrbaracken. Das Unternehmen vermietet Ferienobjekte an haupts\u00e4chlich zwei &hellip; <a href=\"https:\/\/www.schiebener.net\/wordpress\/winterberg-vom-freibad-zum-ferienpark\/\" class=\"more-link\"><span class=\"screen-reader-text\">\u201eWinterberg: vom Freibad zum Ferienpark\u201c <\/span>weiterlesen<\/a><\/p>\n","protected":false},"author":3,"featured_media":0,"comment_status":"open","ping_status":"open","sticky":false,"template":"","format":"standard","meta":{"footnotes":""},"categories":[174,80,2729],"tags":[8624,322],"class_list":["post-46446","post","type-post","status-publish","format-standard","hentry","category-dit-und-dat","category-lokales","category-reisen","tag-uplandparcs","tag-winterberg"],"_links":{"self":[{"href":"https:\/\/www.schiebener.net\/wordpress\/wp-json\/wp\/v2\/posts\/46446","targetHints":{"allow":["GET"]}}],"collection":[{"href":"https:\/\/www.schiebener.net\/wordpress\/wp-json\/wp\/v2\/posts"}],"about":[{"href":"https:\/\/www.schiebener.net\/wordpress\/wp-json\/wp\/v2\/types\/post"}],"author":[{"embeddable":true,"href":"https:\/\/www.schiebener.net\/wordpress\/wp-json\/wp\/v2\/users\/3"}],"replies":[{"embeddable":true,"href":"https:\/\/www.schiebener.net\/wordpress\/wp-json\/wp\/v2\/comments?post=46446"}],"version-history":[{"count":0,"href":"https:\/\/www.schiebener.net\/wordpress\/wp-json\/wp\/v2\/posts\/46446\/revisions"}],"wp:attachment":[{"href":"https:\/\/www.schiebener.net\/wordpress\/wp-json\/wp\/v2\/media?parent=46446"}],"wp:term":[{"taxonomy":"category","embeddable":true,"href":"https:\/\/www.schiebener.net\/wordpress\/wp-json\/wp\/v2\/categories?post=46446"},{"taxonomy":"post_tag","embeddable":true,"href":"https:\/\/www.schiebener.net\/wordpress\/wp-json\/wp\/v2\/tags?post=46446"}],"curies":[{"name":"wp","href":"https:\/\/api.w.org\/{rel}","templated":true}]}}