{"id":46395,"date":"2020-04-16T13:18:12","date_gmt":"2020-04-16T12:18:12","guid":{"rendered":"https:\/\/www.schiebener.net\/wordpress\/?p=46395"},"modified":"2020-04-16T13:18:12","modified_gmt":"2020-04-16T12:18:12","slug":"landesregierung-nrw-plant-wiedereroeffnung-der-schulen-gew-festhalten-an-pruefungen-unangemessen","status":"publish","type":"post","link":"https:\/\/www.schiebener.net\/wordpress\/landesregierung-nrw-plant-wiedereroeffnung-der-schulen-gew-festhalten-an-pruefungen-unangemessen\/","title":{"rendered":"Landesregierung NRW plant Wiederer\u00f6ffnung der Schulen &#8211; GEW: &#8222;Festhalten an Pr\u00fcfungen unangemessen&#8220;"},"content":{"rendered":"<p><img loading=\"lazy\" decoding=\"async\" class=\"aligncenter wp-image-46398\" src=\"https:\/\/www.schiebener.net\/wordpress\/wp-content\/uploads\/2020\/04\/GEWPM20200416.jpg\" alt=\"\" width=\"700\" height=\"525\" srcset=\"https:\/\/www.schiebener.net\/wordpress\/wp-content\/uploads\/2020\/04\/GEWPM20200416.jpg 1024w, https:\/\/www.schiebener.net\/wordpress\/wp-content\/uploads\/2020\/04\/GEWPM20200416-300x225.jpg 300w, https:\/\/www.schiebener.net\/wordpress\/wp-content\/uploads\/2020\/04\/GEWPM20200416-768x576.jpg 768w\" sizes=\"auto, (max-width: 709px) 85vw, (max-width: 909px) 67vw, (max-width: 984px) 61vw, (max-width: 1362px) 45vw, 600px\" \/><strong>Die GEW NRW \u00fcbt heftige Kritik am heute von Schulministerin Yvonne Gebauer im Schulausschuss des Landtages vorgetragenen Ma\u00dfnahmenplan zur Wiederer\u00f6ffnung der Schulen. Insbesondere das Festhalten an den Pr\u00fcfungen &#8211; Abitur und im Jahrgang 10 \u2013 h\u00e4lt die Bildungsgewerkschaft f\u00fcr unangemessen.<\/strong><\/p>\n<p>(<a href=\"https:\/\/www.gew-nrw.de\/pressemitteilungen\/detail-pressemitteilungen\/news\/festhalten-an-pruefungen-unangemessen.html\" target=\"_blank\" rel=\"noopener noreferrer\">Pressemitteilung der Gewerkschaft Erziehung &amp; Wissenschaft NRW<\/a>)<\/p>\n<p>\u201eWie man an unter diesen schwierigen Bedingungen an den zentralen Pr\u00fcfungen festhalten kann, macht mich fassungslos. Zum einen wird nach wie vor ignoriert, wie ungleich die Voraussetzungen der Sch\u00fcler*innen f\u00fcr die Vorbereitung auf die Pr\u00fcfungen sind, zum anderen wird von den Lehrkr\u00e4ften Unzumutbares verlangt\u201c, emp\u00f6rte sich GEW-Landesvorsitzende Maike Finnern in einer ersten Reaktion nach der Debatte im Schulausschuss.<\/p>\n<p>Die Vorbereitungszeit f\u00fcr die Schulen, in denen die Pr\u00fcfungen abgehalten werden, sind knapp bemessen. F\u00fcr die GEW-Landesvorsitzende dr\u00e4ngen sich viele Fragen auf: \u201eWenn sich ab Donnerstag zum Teil Hunderte von Sch\u00fcler*innen in ihren Schulen einfinden sollen, um sich auf die Pr\u00fcfungen vorzubereiten, m\u00fcssen doch alle Vorbereitungen f\u00fcr einen risikolosen Hygieneschutz abgeschlossen ein. Wie sollen die Schulleitungen das bewerkstelligen? Mit welcher Unterst\u00fctzung der Schultr\u00e4ger und der Gesundheits\u00e4mter k\u00f6nnen sie bis dahin rechnen? Wer tr\u00e4gt letztlich die Verantwortung?\u201c Insbesondere f\u00fcr Besch\u00e4ftigten und Sch\u00fcler*innen, die einer Risikogruppe angeh\u00f6ren oder mit entsprechen Angeh\u00f6rigen in einer Familie zusammen leben, m\u00fcsse es besonderen Schutz geben.<\/p>\n<p>\u201eUnzumutbare Belastungen\u201c sieht die GEW-Landesvorsitzende auf die Lehrkr\u00e4fte zukommen, die jetzt im Rahmen der Pr\u00fcfungen am Ende des Jahrgangs 10 gem\u00e4\u00df Vorgabe des Schulministeriums individuelle Pr\u00fcfungsaufgaben f\u00fcr die Sch\u00fcler*innen entwickeln sollen. Maike Finnern w\u00f6rtlich: \u201eDer Aufwand f\u00fcr die Lehrkr\u00e4fte ist enorm, das sind keine normalen Klassenarbeiten. Hier m\u00fcssen innerhalb k\u00fcrzester Zeit neue Aufgaben konzipiert werden, das erfordert Recherche und gr\u00fcndliche Vorarbeiten, w\u00e4hrend gleichzeitig stressige Organisations- und Planungsaufgaben erledigt oder Abitur und Vorabiturpr\u00fcfungen korrigiert werden m\u00fcssen.\u201c<\/p>\n<p>\u00dcberhaupt stelle sich die Frage der personellen Ressourcen. Maike Finnern abschlie\u00dfend: \u201eWie viele Lehrkr\u00e4fte stehen denn \u00fcberhaupt zur Verf\u00fcgung? Wer ist einsetzbar, wer geh\u00f6rt zur Risikogruppe? Das ganze Pr\u00fcfungsverfahren bindet vergleichsweise viele Lehrkr\u00e4fte w\u00e4hrend der Pr\u00fcfungen selber und f\u00fcr die aufwendigen Korrekturen.\u201c<\/p>\n","protected":false},"excerpt":{"rendered":"<p>Die GEW NRW \u00fcbt heftige Kritik am heute von Schulministerin Yvonne Gebauer im Schulausschuss des Landtages vorgetragenen Ma\u00dfnahmenplan zur Wiederer\u00f6ffnung der Schulen. Insbesondere das Festhalten an den Pr\u00fcfungen &#8211; Abitur &hellip; <a href=\"https:\/\/www.schiebener.net\/wordpress\/landesregierung-nrw-plant-wiedereroeffnung-der-schulen-gew-festhalten-an-pruefungen-unangemessen\/\" class=\"more-link\"><span class=\"screen-reader-text\">\u201eLandesregierung NRW plant Wiederer\u00f6ffnung der Schulen &#8211; GEW: &#8222;Festhalten an Pr\u00fcfungen unangemessen&#8220;\u201c <\/span>weiterlesen<\/a><\/p>\n","protected":false},"author":17,"featured_media":0,"comment_status":"open","ping_status":"open","sticky":false,"template":"","format":"standard","meta":{"footnotes":""},"categories":[3,7088,6413,24,1043],"tags":[8535,348,229,655],"class_list":["post-46395","post","type-post","status-publish","format-standard","hentry","category-bildung-und-schule","category-gesundheit","category-nrw","category-politik","category-pressemitteilungen","tag-coronavirus","tag-gew","tag-nrw","tag-pressemitteilung"],"_links":{"self":[{"href":"https:\/\/www.schiebener.net\/wordpress\/wp-json\/wp\/v2\/posts\/46395","targetHints":{"allow":["GET"]}}],"collection":[{"href":"https:\/\/www.schiebener.net\/wordpress\/wp-json\/wp\/v2\/posts"}],"about":[{"href":"https:\/\/www.schiebener.net\/wordpress\/wp-json\/wp\/v2\/types\/post"}],"author":[{"embeddable":true,"href":"https:\/\/www.schiebener.net\/wordpress\/wp-json\/wp\/v2\/users\/17"}],"replies":[{"embeddable":true,"href":"https:\/\/www.schiebener.net\/wordpress\/wp-json\/wp\/v2\/comments?post=46395"}],"version-history":[{"count":0,"href":"https:\/\/www.schiebener.net\/wordpress\/wp-json\/wp\/v2\/posts\/46395\/revisions"}],"wp:attachment":[{"href":"https:\/\/www.schiebener.net\/wordpress\/wp-json\/wp\/v2\/media?parent=46395"}],"wp:term":[{"taxonomy":"category","embeddable":true,"href":"https:\/\/www.schiebener.net\/wordpress\/wp-json\/wp\/v2\/categories?post=46395"},{"taxonomy":"post_tag","embeddable":true,"href":"https:\/\/www.schiebener.net\/wordpress\/wp-json\/wp\/v2\/tags?post=46395"}],"curies":[{"name":"wp","href":"https:\/\/api.w.org\/{rel}","templated":true}]}}