{"id":46338,"date":"2020-04-08T09:04:09","date_gmt":"2020-04-08T08:04:09","guid":{"rendered":"https:\/\/www.schiebener.net\/wordpress\/?p=46338"},"modified":"2020-04-08T09:04:09","modified_gmt":"2020-04-08T08:04:09","slug":"heute-vor-75-jahren-in-meschede-nazis-defeated","status":"publish","type":"post","link":"https:\/\/www.schiebener.net\/wordpress\/heute-vor-75-jahren-in-meschede-nazis-defeated\/","title":{"rendered":"Heute vor 75 Jahren in Meschede: Nazis defeated!"},"content":{"rendered":"<figure id=\"attachment_46340\" aria-describedby=\"caption-attachment-46340\" style=\"width: 623px\" class=\"wp-caption aligncenter\"><a href=\"https:\/\/www.meschede.de\/fileadmin\/user_upload\/PDFs-Sonstige\/PDFs-_Geschichte\/Meschede_bei_Kriegsende_-_die_Stunde_Null.pdf\" target=\"_blank\" rel=\"noopener noreferrer\"><img loading=\"lazy\" decoding=\"async\" class=\"wp-image-46340 size-full\" src=\"https:\/\/www.schiebener.net\/wordpress\/wp-content\/uploads\/2020\/04\/MeschedeKriegsende45.jpg\" alt=\"\" width=\"623\" height=\"804\" srcset=\"https:\/\/www.schiebener.net\/wordpress\/wp-content\/uploads\/2020\/04\/MeschedeKriegsende45.jpg 623w, https:\/\/www.schiebener.net\/wordpress\/wp-content\/uploads\/2020\/04\/MeschedeKriegsende45-232x300.jpg 232w\" sizes=\"auto, (max-width: 709px) 85vw, (max-width: 909px) 67vw, (max-width: 984px) 61vw, (max-width: 1362px) 45vw, 600px\" \/><\/a><figcaption id=\"caption-attachment-46340\" class=\"wp-caption-text\">&#8222;Die Stunde Null&#8220; in Meschede. Screenshot der Seite 23 der Ver\u00f6ffentlichung (PDF) des Stadtarchivs. Zum PDF -&gt; auf&#8217;s Bild klicken.<\/figcaption><\/figure>\n<p><strong>Heute vor 75 Jahren, am 8. April 1945, zogen amerikanische Soldaten in Meschede ein. Die Nazis, die seit Januar 1933 an der Macht gewesen waren, waren endlich besiegt.<\/strong><\/p>\n<p>(Pressemitteilung der <a href=\"https:\/\/hskfalken.wordpress.com\/2020\/04\/08\/heute-vor-75-jahren-in-meschede-nazis-defeated\/\" target=\"_blank\" rel=\"noopener noreferrer\">Falken HSK<\/a>)<\/p>\n<p>Die Mescheder Innenstadt war schon im Februar und M\u00e4rz 1945 von der 8. US-Air Force bombardiert worden, um die R\u00fcstungsindustrie zu zerst\u00f6ren, das Verkehrs- und Nachrichtennetz zu unterbrechen und die V2 Raketen auszuschalten, die von hier aus gestartet werden sollten.<\/p>\n<p>Wer sich f\u00fcr die Mescheder Geschichte interessiert, findet in dem Aufsatz <a href=\"https:\/\/www.meschede.de\/fileadmin\/user_upload\/PDFs-Sonstige\/PDFs-_Geschichte\/Meschede_bei_Kriegsende_-_die_Stunde_Null.pdf\" target=\"_blank\" rel=\"noopener noreferrer\"><strong>\u201eDie Stunde Null\u201c<\/strong><\/a> des Stadtarchivs ab Seite 26 weitere Einzelheiten.<\/p>\n<p>Und auch in dem Buch <a href=\"https:\/\/docplayer.org\/21930034-Titel-die-holzschale-der-kahns-erinnerungen-aus-meiner-kindheit-im-dritten-reich-im-kriegund-in-der-nachkriegszeit.html\" target=\"_blank\" rel=\"noopener noreferrer\"><strong>Die Holzschale der Kahns<\/strong><\/a>\u00a0von Karl Schaefer aus Meschede k\u00f6nnt Ihr ab Seite 176 etwas dar\u00fcber lesen.<\/p>\n","protected":false},"excerpt":{"rendered":"<p>Heute vor 75 Jahren, am 8. April 1945, zogen amerikanische Soldaten in Meschede ein. Die Nazis, die seit Januar 1933 an der Macht gewesen waren, waren endlich besiegt. (Pressemitteilung der &hellip; <a href=\"https:\/\/www.schiebener.net\/wordpress\/heute-vor-75-jahren-in-meschede-nazis-defeated\/\" class=\"more-link\"><span class=\"screen-reader-text\">\u201eHeute vor 75 Jahren in Meschede: Nazis defeated!\u201c <\/span>weiterlesen<\/a><\/p>\n","protected":false},"author":17,"featured_media":0,"comment_status":"open","ping_status":"open","sticky":false,"template":"","format":"standard","meta":{"footnotes":""},"categories":[319,303,6,80,7507,1043],"tags":[6072,264,2024,2965],"class_list":["post-46338","post","type-post","status-publish","format-standard","hentry","category-geschichte","category-in-unserem-briefkasten","category-kalenderblatt","category-lokales","category-nationalsozialismus","category-pressemitteilungen","tag-falken-hsk","tag-meschede","tag-nationalsozialismus","tag-zweiter-weltkrieg"],"_links":{"self":[{"href":"https:\/\/www.schiebener.net\/wordpress\/wp-json\/wp\/v2\/posts\/46338","targetHints":{"allow":["GET"]}}],"collection":[{"href":"https:\/\/www.schiebener.net\/wordpress\/wp-json\/wp\/v2\/posts"}],"about":[{"href":"https:\/\/www.schiebener.net\/wordpress\/wp-json\/wp\/v2\/types\/post"}],"author":[{"embeddable":true,"href":"https:\/\/www.schiebener.net\/wordpress\/wp-json\/wp\/v2\/users\/17"}],"replies":[{"embeddable":true,"href":"https:\/\/www.schiebener.net\/wordpress\/wp-json\/wp\/v2\/comments?post=46338"}],"version-history":[{"count":0,"href":"https:\/\/www.schiebener.net\/wordpress\/wp-json\/wp\/v2\/posts\/46338\/revisions"}],"wp:attachment":[{"href":"https:\/\/www.schiebener.net\/wordpress\/wp-json\/wp\/v2\/media?parent=46338"}],"wp:term":[{"taxonomy":"category","embeddable":true,"href":"https:\/\/www.schiebener.net\/wordpress\/wp-json\/wp\/v2\/categories?post=46338"},{"taxonomy":"post_tag","embeddable":true,"href":"https:\/\/www.schiebener.net\/wordpress\/wp-json\/wp\/v2\/tags?post=46338"}],"curies":[{"name":"wp","href":"https:\/\/api.w.org\/{rel}","templated":true}]}}