{"id":46330,"date":"2020-04-07T18:46:12","date_gmt":"2020-04-07T17:46:12","guid":{"rendered":"https:\/\/www.schiebener.net\/wordpress\/?p=46330"},"modified":"2020-04-07T18:46:12","modified_gmt":"2020-04-07T17:46:12","slug":"umleitung-von-der-wildtulpe-ueber-covid-19-zu-den-verschwoerungsmythen-von-xavier-naidoo-und-zum-schluss-die-digitalisierung-im-hsk","status":"publish","type":"post","link":"https:\/\/www.schiebener.net\/wordpress\/umleitung-von-der-wildtulpe-ueber-covid-19-zu-den-verschwoerungsmythen-von-xavier-naidoo-und-zum-schluss-die-digitalisierung-im-hsk\/","title":{"rendered":"Umleitung: von der Wildtulpe \u00fcber Covid-19 zu den Verschw\u00f6rungsmythen von Xavier Naidoo und zum Schluss die Digitalisierung im HSK"},"content":{"rendered":"<figure id=\"attachment_46331\" aria-describedby=\"caption-attachment-46331\" style=\"width: 700px\" class=\"wp-caption aligncenter\"><a href=\"https:\/\/www.schiebener.net\/wordpress\/wp-content\/uploads\/2020\/04\/Wildtulpe20200406.jpg\" target=\"_blank\" rel=\"noopener noreferrer\"><img loading=\"lazy\" decoding=\"async\" class=\"wp-image-46331\" src=\"https:\/\/www.schiebener.net\/wordpress\/wp-content\/uploads\/2020\/04\/Wildtulpe20200406.jpg\" alt=\"\" width=\"700\" height=\"467\" srcset=\"https:\/\/www.schiebener.net\/wordpress\/wp-content\/uploads\/2020\/04\/Wildtulpe20200406.jpg 2048w, https:\/\/www.schiebener.net\/wordpress\/wp-content\/uploads\/2020\/04\/Wildtulpe20200406-300x200.jpg 300w, https:\/\/www.schiebener.net\/wordpress\/wp-content\/uploads\/2020\/04\/Wildtulpe20200406-1024x683.jpg 1024w, https:\/\/www.schiebener.net\/wordpress\/wp-content\/uploads\/2020\/04\/Wildtulpe20200406-768x512.jpg 768w, https:\/\/www.schiebener.net\/wordpress\/wp-content\/uploads\/2020\/04\/Wildtulpe20200406-1536x1024.jpg 1536w\" sizes=\"auto, (max-width: 709px) 85vw, (max-width: 909px) 67vw, (max-width: 984px) 61vw, (max-width: 1362px) 45vw, 600px\" \/><\/a><figcaption id=\"caption-attachment-46331\" class=\"wp-caption-text\">Wenn mich nicht alles t\u00e4uscht, ist das die Wildtulpe (Tulipa tarda). (foto: zoom)<\/figcaption><\/figure>\n<p><strong>Nach l\u00e4ngerer Pause besuche ich erneut ein paar Nachbarblogs und andere interessante Websites. Spoiler: Das Thema &#8222;Corona&#8220; l\u00e4sst sich nicht vermeiden.<\/strong><\/p>\n<p><strong>\u201eCorona\u201c\/\u201eCovid-19\u201c:<\/strong> Viralit\u00e4t und Exponentialit\u00e4t: Es agiert wie ein kristalliner Miniroboter, der \u00fcber keine eigenen Reproduktionsmechanismen verf\u00fcgt. Anstatt dessen programmiert das Virus die zellul\u00e4ren Reproduktionssysteme des von ihm befallenen Wirts um, damit diese wie eine Fabrik neue Viren produzieren &#8230; <a href=\"http:\/\/www.endoplast.de\/2020\/03\/23\/corona-covid-19-viralitaet-und-exponentialitaet\/\" target=\"_blank\" rel=\"noopener noreferrer\">endoplast<\/a><\/p>\n<p><strong>Adrenochrom &amp; Satanskulte:<\/strong> Die dualistischen Verschw\u00f6rungsmythen von Xavier Naidoo &#8230; <a href=\"https:\/\/scilogs.spektrum.de\/natur-des-glaubens\/adrenochrom-satanskultue-die-dualistischen-verschwoerungsmythen-von-xavier-naidoo\/\" target=\"_blank\" rel=\"noopener noreferrer\">scilogs<\/a><\/p>\n<p><strong>Dystopische Fiebertr\u00e4ume #Covid19:<\/strong> Ich habe getr\u00e4umt, ich w\u00e4re von der Bundesregierung beauftragt worden, eine Teststrategie zu entwickeln, die die Verbreitung des SARS-COV-2-Virus und die daraus resultierende Covid19-Erkrankung eind\u00e4mmen soll &#8230; <a href=\"https:\/\/texperimentales.hypotheses.org\/4379\" target=\"_blank\" rel=\"noopener noreferrer\">texperimentales<\/a><\/p>\n<p><strong>Die Spielregeln der Pandemie V:<\/strong> Hier setzte ich die \u00dcberlegungen fort, mit welchen Mitteln man theoretisch den Kontakt zwischen infizierten und nichtinfizierten Menschen reduzieren kann &#8230; <a href=\"https:\/\/spielfeld.hypotheses.org\/369\" target=\"_blank\" rel=\"noopener noreferrer\">spielfeld<\/a><\/p>\n<p><strong>Archiviert die Coronakrise!<\/strong> Es sind gerade unglaubliche Zeiten. Die letzte Woche hat sich unsere komplette Welt so vollkommen auf den Kopf gestellt, dass es unglaublich schwer ist, das alles zu verarbeiten &#8230; <a href=\"https:\/\/schmalenstroer.net\/blog\/2020\/03\/archiviert-die-coronakrise\/\" target=\"_blank\" rel=\"noopener noreferrer\">schmalenstroer<\/a><\/p>\n<p><strong>Virus der Ratlosigkeit:<\/strong> Diese und jene Frage \u00fcber Corona hinweg \u2013 nebst einem kleinen Lexikon ohne Definitionen &#8230; <a href=\"https:\/\/www.revierpassagen.de\/107016\/das-virus-der-ratlosigkeit-oder-diese-und-jene-frage-zu-corona\/20200406_2206\" target=\"_blank\" rel=\"noopener noreferrer\">revierpassagen<\/a><\/p>\n<p><strong>Das Gute und das Schlechte:<\/strong> Ich hoffe, dass Corona bald ein Gespenst der Vergangenheit ist. Das es Medikamente und schnell eine Impfung gibt. Und ich hoffe, dass wir als Gesellschaft trotz allem etwas positives aus der aktuellen Phase ziehen k\u00f6nnen &#8230; <a href=\"https:\/\/unkreativ.net\/das-gute-und-das-schlechte\/\" target=\"_blank\" rel=\"noopener noreferrer\">unkreativ<\/a><\/p>\n<p><strong>Digitalisierungs-W\u00fcste HSK:<\/strong> In diesen Corona-Tagen m\u00fcssen ja viele Unternehmen Kurzarbeit beantragen, die bisher nicht daran dachten, daf\u00fcr jemals Bedarf zu haben &#8230; <a href=\"http:\/\/sbl-fraktion.de\/?p=9468\" target=\"_blank\" rel=\"noopener noreferrer\">sbl<\/a><\/p>\n","protected":false},"excerpt":{"rendered":"<p>Nach l\u00e4ngerer Pause besuche ich erneut ein paar Nachbarblogs und andere interessante Websites. Spoiler: Das Thema &#8222;Corona&#8220; l\u00e4sst sich nicht vermeiden. \u201eCorona\u201c\/\u201eCovid-19\u201c: Viralit\u00e4t und Exponentialit\u00e4t: Es agiert wie ein kristalliner &hellip; <a href=\"https:\/\/www.schiebener.net\/wordpress\/umleitung-von-der-wildtulpe-ueber-covid-19-zu-den-verschwoerungsmythen-von-xavier-naidoo-und-zum-schluss-die-digitalisierung-im-hsk\/\" class=\"more-link\"><span class=\"screen-reader-text\">\u201eUmleitung: von der Wildtulpe \u00fcber Covid-19 zu den Verschw\u00f6rungsmythen von Xavier Naidoo und zum Schluss die Digitalisierung im HSK\u201c <\/span>weiterlesen<\/a><\/p>\n","protected":false},"author":3,"featured_media":0,"comment_status":"open","ping_status":"open","sticky":false,"template":"","format":"standard","meta":{"footnotes":""},"categories":[319,7088,80,5,6314,4761,379,1208,8524],"tags":[8535,8609,6999,8610,8579,8608,5865,8233,8607,5397],"class_list":["post-46330","post","type-post","status-publish","format-standard","hentry","category-geschichte","category-gesundheit","category-lokales","category-naturwissenschaft","category-rechtsextremismus","category-soziales","category-umleitung","category-wirtschaft","category-wissenschaft","tag-coronavirus","tag-covid19","tag-digitalisierung","tag-pandemie","tag-sars-cov-2","tag-tulipa-tarda","tag-umleitung","tag-verschwoerungsmythen","tag-wildtulpe","tag-xavier-naidoo"],"_links":{"self":[{"href":"https:\/\/www.schiebener.net\/wordpress\/wp-json\/wp\/v2\/posts\/46330","targetHints":{"allow":["GET"]}}],"collection":[{"href":"https:\/\/www.schiebener.net\/wordpress\/wp-json\/wp\/v2\/posts"}],"about":[{"href":"https:\/\/www.schiebener.net\/wordpress\/wp-json\/wp\/v2\/types\/post"}],"author":[{"embeddable":true,"href":"https:\/\/www.schiebener.net\/wordpress\/wp-json\/wp\/v2\/users\/3"}],"replies":[{"embeddable":true,"href":"https:\/\/www.schiebener.net\/wordpress\/wp-json\/wp\/v2\/comments?post=46330"}],"version-history":[{"count":0,"href":"https:\/\/www.schiebener.net\/wordpress\/wp-json\/wp\/v2\/posts\/46330\/revisions"}],"wp:attachment":[{"href":"https:\/\/www.schiebener.net\/wordpress\/wp-json\/wp\/v2\/media?parent=46330"}],"wp:term":[{"taxonomy":"category","embeddable":true,"href":"https:\/\/www.schiebener.net\/wordpress\/wp-json\/wp\/v2\/categories?post=46330"},{"taxonomy":"post_tag","embeddable":true,"href":"https:\/\/www.schiebener.net\/wordpress\/wp-json\/wp\/v2\/tags?post=46330"}],"curies":[{"name":"wp","href":"https:\/\/api.w.org\/{rel}","templated":true}]}}