{"id":46253,"date":"2020-03-22T20:56:12","date_gmt":"2020-03-22T19:56:12","guid":{"rendered":"https:\/\/www.schiebener.net\/wordpress\/?p=46253"},"modified":"2020-03-23T16:56:22","modified_gmt":"2020-03-23T15:56:22","slug":"thema-c-zum-letzten-und-danach-ein-sonnenuntergang","status":"publish","type":"post","link":"https:\/\/www.schiebener.net\/wordpress\/thema-c-zum-letzten-und-danach-ein-sonnenuntergang\/","title":{"rendered":"Thema C zum Letzten und danach ein Sonnenuntergang"},"content":{"rendered":"<figure id=\"attachment_46254\" aria-describedby=\"caption-attachment-46254\" style=\"width: 701px\" class=\"wp-caption aligncenter\"><a href=\"https:\/\/www.schiebener.net\/wordpress\/wp-content\/uploads\/2020\/03\/OrdnungsamtMoehnesee2020032001.jpg\" target=\"_blank\" rel=\"noopener noreferrer\"><img loading=\"lazy\" decoding=\"async\" class=\"wp-image-46254\" src=\"https:\/\/www.schiebener.net\/wordpress\/wp-content\/uploads\/2020\/03\/OrdnungsamtMoehnesee2020032001.jpg\" alt=\"\" width=\"701\" height=\"467\" srcset=\"https:\/\/www.schiebener.net\/wordpress\/wp-content\/uploads\/2020\/03\/OrdnungsamtMoehnesee2020032001.jpg 2048w, https:\/\/www.schiebener.net\/wordpress\/wp-content\/uploads\/2020\/03\/OrdnungsamtMoehnesee2020032001-300x200.jpg 300w, https:\/\/www.schiebener.net\/wordpress\/wp-content\/uploads\/2020\/03\/OrdnungsamtMoehnesee2020032001-1024x683.jpg 1024w, https:\/\/www.schiebener.net\/wordpress\/wp-content\/uploads\/2020\/03\/OrdnungsamtMoehnesee2020032001-768x512.jpg 768w, https:\/\/www.schiebener.net\/wordpress\/wp-content\/uploads\/2020\/03\/OrdnungsamtMoehnesee2020032001-1536x1024.jpg 1536w\" sizes=\"auto, (max-width: 709px) 85vw, (max-width: 909px) 67vw, (max-width: 984px) 61vw, (max-width: 1362px) 45vw, 600px\" \/><\/a><figcaption id=\"caption-attachment-46254\" class=\"wp-caption-text\">Vor zwei Tage hatte ich vorsorglich das Bild zum Kontaktverbot aufgenommen. (foto: zoom)<\/figcaption><\/figure>\n<p><strong>Bund und L\u00e4nder haben sich heute auf ein Kontaktverbot im Kampf gegen die Ausbreitung des Coronavirus geeinigt. Versammlungen von mehr als zwei Personen in der \u00d6ffentlichkeit sind ab Montag (23.03.2020) nicht mehr erlaubt.<\/strong><\/p>\n<p>Ausgenommen sind Kernfamilien sowie in einem Haushalt lebende Personen. Bei Verst\u00f6\u00dfen seien drastische Bu\u00dfgelder m\u00f6glich. Es k\u00f6nnten Strafen bis zu 25.000 Euro verh\u00e4ngt werden.\u00a0 Per Rechtsverordnung bleiben alle Restaurants und Gastst\u00e4tten bis zum 19. April geschlossen.<\/p>\n<p>Friseure, Massagesalons und Tattoo-Studios, bei denen Menschen eng aufeinander treffen, m\u00fcssen ebenfalls schlie\u00dfen.<\/p>\n<p>Mit dem Kontaktverbot kann ich pers\u00f6nlich gut leben, zumal ich noch nach drau\u00dfen gehen kann, um mich an der frischen Luft zu bewegen.<\/p>\n<p>Ob die Ma\u00dfnahmen der Regierungen wirken, wird man wahrscheinlich erst ansatzweise nach zwei Wochen sehen, denn so lange kann die Inkubationszeit f\u00fcr <span class=\"module__title__link\">COVID-19<\/span> betragen.<\/p>\n<p>Das n\u00e4chste Problem wird das ausreichende (massenhafte) Testen auf eine Infektion mit dem <span class=\"js-about-item-abstr\">Coronavirus SARS-CoV-2 sein.<\/span><\/p>\n<p>Nun ja, ich m\u00f6chte hier keinen Aufsatz zu Corona schreiben, sondern nur meinen spontanen Gedanken nachh\u00e4ngen. Fakten, Hintergr\u00fcnde und Zusammenh\u00e4nge mag jeder selbst nachlesen.<\/p>\n<p>Mir reicht morgens und abends der <a href=\"https:\/\/www1.wdr.de\/nachrichten\/themen\/coronavirus\/ticker-corona-virus-nrw-100.html\" target=\"_blank\" rel=\"noopener noreferrer\">Live-Ticker von WDR2<\/a>, und ich versuche bewusst, einen Informations-Overkill zu vermeiden. Kognitive Hygiene.<\/p>\n<p>Stattdessen: Spazierg\u00e4nge, B\u00fccher lesen, sich unterhalten, tr\u00e4umen &#8230;<\/p>\n<p><strong>Siehe auch:<\/strong><\/p>\n<p><a href=\"https:\/\/www.schiebener.net\/wordpress\/die-kirschbluete-in-den-zeiten-von-corona\/\" target=\"_blank\" rel=\"noopener noreferrer\">Die Kirschbl\u00fcte in den Zeiten von Corona<\/a><\/p>\n<p><a href=\"https:\/\/www.schiebener.net\/wordpress\/und-wenn-die-wirklichkeit-dich-ueberholt-die-zeit-steht-still\/\" target=\"_blank\" rel=\"noopener noreferrer\">Und wenn die Wirklichkeit dich \u00fcberholt \u2026 die Zeit steht still \u2026<\/a><\/p>\n<p>Ich w\u00e4re froh, wenn ich in n\u00e4chster Zeit keine Artikel zum Thema C schriebe.<\/p>\n<p>Bernd Berke hat in den Revierpassagen interessante pers\u00f6nliche Betrachtungen angestellt. Lest mal:<\/p>\n<p><a href=\"https:\/\/www.revierpassagen.de\/106703\/in-diesen-tagen-der-langsamkeit\/20200322_1322\" rel=\"noopener noreferrer\" target=\"_blank\">In diesen Tagen der Langsamkeit<\/a><\/p>\n<p>Der heutige Sonnenuntergang hat mich jedenfalls sehr begeistert.<\/p>\n<figure id=\"attachment_46255\" aria-describedby=\"caption-attachment-46255\" style=\"width: 700px\" class=\"wp-caption aligncenter\"><a href=\"https:\/\/www.schiebener.net\/wordpress\/wp-content\/uploads\/2020\/03\/SonnenuntergangMoehnesee2020032201.jpg\" target=\"_blank\" rel=\"noopener noreferrer\"><img loading=\"lazy\" decoding=\"async\" class=\"wp-image-46255\" src=\"https:\/\/www.schiebener.net\/wordpress\/wp-content\/uploads\/2020\/03\/SonnenuntergangMoehnesee2020032201.jpg\" alt=\"\" width=\"700\" height=\"467\" srcset=\"https:\/\/www.schiebener.net\/wordpress\/wp-content\/uploads\/2020\/03\/SonnenuntergangMoehnesee2020032201.jpg 2048w, https:\/\/www.schiebener.net\/wordpress\/wp-content\/uploads\/2020\/03\/SonnenuntergangMoehnesee2020032201-300x200.jpg 300w, https:\/\/www.schiebener.net\/wordpress\/wp-content\/uploads\/2020\/03\/SonnenuntergangMoehnesee2020032201-1024x683.jpg 1024w, https:\/\/www.schiebener.net\/wordpress\/wp-content\/uploads\/2020\/03\/SonnenuntergangMoehnesee2020032201-768x512.jpg 768w, https:\/\/www.schiebener.net\/wordpress\/wp-content\/uploads\/2020\/03\/SonnenuntergangMoehnesee2020032201-1536x1024.jpg 1536w\" sizes=\"auto, (max-width: 709px) 85vw, (max-width: 909px) 67vw, (max-width: 984px) 61vw, (max-width: 1362px) 45vw, 600px\" \/><\/a><figcaption id=\"caption-attachment-46255\" class=\"wp-caption-text\">Heute haben mich Spazierg\u00e4nge, Lesen und\u00a0 der Sonnenuntergang vom Thema Corona abgelenkt. (foto: zoom)<\/figcaption><\/figure>\n<p>&nbsp;<\/p>\n","protected":false},"excerpt":{"rendered":"<p>Bund und L\u00e4nder haben sich heute auf ein Kontaktverbot im Kampf gegen die Ausbreitung des Coronavirus geeinigt. Versammlungen von mehr als zwei Personen in der \u00d6ffentlichkeit sind ab Montag (23.03.2020) &hellip; <a href=\"https:\/\/www.schiebener.net\/wordpress\/thema-c-zum-letzten-und-danach-ein-sonnenuntergang\/\" class=\"more-link\"><span class=\"screen-reader-text\">\u201eThema C zum Letzten und danach ein Sonnenuntergang\u201c <\/span>weiterlesen<\/a><\/p>\n","protected":false},"author":3,"featured_media":0,"comment_status":"open","ping_status":"open","sticky":false,"template":"","format":"standard","meta":{"footnotes":""},"categories":[174,1732,7088,2489,674,4761,648],"tags":[8535,8580,8579],"class_list":["post-46253","post","type-post","status-publish","format-standard","hentry","category-dit-und-dat","category-freizeit","category-gesundheit","category-in-eigener-sache","category-kultur","category-soziales","category-was-tun-gegen-langweile","tag-coronavirus","tag-covid-19","tag-sars-cov-2"],"_links":{"self":[{"href":"https:\/\/www.schiebener.net\/wordpress\/wp-json\/wp\/v2\/posts\/46253","targetHints":{"allow":["GET"]}}],"collection":[{"href":"https:\/\/www.schiebener.net\/wordpress\/wp-json\/wp\/v2\/posts"}],"about":[{"href":"https:\/\/www.schiebener.net\/wordpress\/wp-json\/wp\/v2\/types\/post"}],"author":[{"embeddable":true,"href":"https:\/\/www.schiebener.net\/wordpress\/wp-json\/wp\/v2\/users\/3"}],"replies":[{"embeddable":true,"href":"https:\/\/www.schiebener.net\/wordpress\/wp-json\/wp\/v2\/comments?post=46253"}],"version-history":[{"count":0,"href":"https:\/\/www.schiebener.net\/wordpress\/wp-json\/wp\/v2\/posts\/46253\/revisions"}],"wp:attachment":[{"href":"https:\/\/www.schiebener.net\/wordpress\/wp-json\/wp\/v2\/media?parent=46253"}],"wp:term":[{"taxonomy":"category","embeddable":true,"href":"https:\/\/www.schiebener.net\/wordpress\/wp-json\/wp\/v2\/categories?post=46253"},{"taxonomy":"post_tag","embeddable":true,"href":"https:\/\/www.schiebener.net\/wordpress\/wp-json\/wp\/v2\/tags?post=46253"}],"curies":[{"name":"wp","href":"https:\/\/api.w.org\/{rel}","templated":true}]}}