{"id":46084,"date":"2020-02-18T13:29:34","date_gmt":"2020-02-18T12:29:34","guid":{"rendered":"https:\/\/www.schiebener.net\/wordpress\/?p=46084"},"modified":"2020-02-18T13:29:34","modified_gmt":"2020-02-18T12:29:34","slug":"missbrauch-correctiv-und-zdf-frontal21-zeigen-die-verbindungen-des-ehemaligen-papstes-zu-einem-paedophilen-priester","status":"publish","type":"post","link":"https:\/\/www.schiebener.net\/wordpress\/missbrauch-correctiv-und-zdf-frontal21-zeigen-die-verbindungen-des-ehemaligen-papstes-zu-einem-paedophilen-priester\/","title":{"rendered":"Missbrauch: CORRECTIV und ZDF\/ Frontal21 zeigen die Verbindungen des ehemaligen Papstes zu einem p\u00e4dophilen Priester"},"content":{"rendered":"<p><img loading=\"lazy\" decoding=\"async\" class=\"aligncenter size-large wp-image-45992\" src=\"https:\/\/www.schiebener.net\/wordpress\/wp-content\/uploads\/2020\/02\/CORRECTIV-logo-claim-1024x475.png\" alt=\"\" width=\"520\" height=\"241\" srcset=\"https:\/\/www.schiebener.net\/wordpress\/wp-content\/uploads\/2020\/02\/CORRECTIV-logo-claim-1024x475.png 1024w, https:\/\/www.schiebener.net\/wordpress\/wp-content\/uploads\/2020\/02\/CORRECTIV-logo-claim-300x139.png 300w, https:\/\/www.schiebener.net\/wordpress\/wp-content\/uploads\/2020\/02\/CORRECTIV-logo-claim-768x356.png 768w, https:\/\/www.schiebener.net\/wordpress\/wp-content\/uploads\/2020\/02\/CORRECTIV-logo-claim-1536x713.png 1536w, https:\/\/www.schiebener.net\/wordpress\/wp-content\/uploads\/2020\/02\/CORRECTIV-logo-claim-2048x950.png 2048w\" sizes=\"auto, (max-width: 520px) 85vw, 520px\" \/><strong>Die Verbindungen des wegen Kindesmissbrauchs verurteilten Priesters H. zu Papst Emeritus Benedikt XVI. sind weit enger, als bisher von der Kirche zugegeben. Das zeigen neue Recherchen des gemeinn\u00fctzigen Recherchezentrums CORRECTIV und Frontal21<\/strong>.<\/p>\n<p>(Pressemitteilung CORRECTIV)<\/p>\n<p>Zudem werden neue Missbrauchs-F\u00e4lle des Priesters in Bottrop bekannt. Nach neuesten Erkenntnissen gehen das Bistum M\u00fcnchen und Essen von 28 Missbrauchsf\u00e4llen durch den Priester aus, die Staatsanwalt M\u00fcnchen pr\u00fcft den Fall des p\u00e4dophilen Priesters H. erneut. Ein Opferanwalt fordert aufgrund dieser Zusammenh\u00e4nge 500.000 Euro Schadenersatz f\u00fcr seinen Mandanten.<\/p>\n<p>Ein Freund des damaligen Kardinals Ratzinger, der von der Gef\u00e4hrlichkeit des Priesters wusste, hat mit H. sieben Jahre gemeinsam die Gemeinde in Garching und Engelsberg betreut, ohne den p\u00e4dophilen Pfarrer daran zu hindern, Kontakt mit Kindern zu haben. Im Januar 2000 kam es in Garching sogar zu einer Begegnung Ratzingers mit dem damals schon verurteilten Kindersch\u00e4nder im Pfarramt. Der sp\u00e4tere Papst unternahm in der Folge nichts, um H. aus dem Amt zu entfernen. Die Staatsanwaltschaft M\u00fcnchen II \u201epr\u00fcft, ob es weitere Taten gibt und ob Ermittlungen aufzunehmen sind\u201c, sagt eine Sprecherin gegen\u00fcber CORRECTIV und Frontal21.<\/p>\n<p>Die Kirche gibt zu, dass die \u00dcberwachung des Priesters nicht funktioniert habe: Auf Anfrage von CORRECTIV und Frontal21 schreibt das Bistum M\u00fcnchen: \u201eIn den Akten finden sich konkrete Hinweise, dass Weihbischof Heinrich von Soden-Fraunhofen regelm\u00e4\u00dfig \u00fcber die T\u00e4tigkeit von H. in Garching ohne Beanstandung positiv informiert habe\u201c. Die Frage nach dem \u201eErfolg\u201c dieser \u00dcberwachung beantworte sich \u201eaufgrund des bekannten Geschehens von selbst\u201c.<\/p>\n<p>Kaum ein Missbrauchsfall hat die katholische Kirche in Deutschland so aufgeschreckt wie der Fall Peter H.. Die New York Times berichtete 2010, dass der Priester nach dem Missbrauch in Essen wieder in M\u00fcnchen mit dem Wissen des damaligen Erzbischofs Joseph Ratzinger in die Gemeinde eingesetzt wurde. Der Vatikan dementierte damals und sagte, dass Ratzinger damals nicht in die Entscheidung des Bistums eingebunden war.<\/p>\n<p>Die Recherchen von CORRECTIV und Frontal21 zeigen, dass sich Ratzinger und der Priester H. begegneten, als Ratzinger die Glaubenskongregation im Vatikan leitete. Der ehemalige Papst hat sich auf Anfragen dazu nicht ge\u00e4u\u00dfert.<\/p>\n<p>H. fing in den 1970er Jahren als Kaplan in Bottrop an und bereits in der Ruhrgebietsstadt begann der Priester, Kinder zu missbrauchen. Zum ersten Mal berichten CORRECTIV und Frontal21 \u00fcber weitere F\u00e4lle in Bottrop. Der Anwalt Andreas Schulz fordert nun Schadensersatz f\u00fcr seinen Mandanten und die Aufhebung der Verj\u00e4hrung f\u00fcr Kindesmissbrauch. \u201eDie Kirche hat \u00fcber Jahrzehnte nichts unternommen, die Kinder zu sch\u00fctzen, sie hat versteckt und vertuscht und agierte aus der Sicht meines Mandanten wie eine p\u00e4dokriminelle Vereinigung\u201c, sagt Rechtsanwalt Schulz.<\/p>\n<p>&#8212;&#8212;&#8212;&#8212;&#8212;&#8212;&#8212;&#8212;&#8212;&#8211;<\/p>\n<p>Die Recherche erscheint au\u00dferdem im ZDF-Magazin Frontal21 in der Ausgabe von heute, 18. Februar 2020, 21:00 Uhr.<\/p>\n","protected":false},"excerpt":{"rendered":"<p>Die Verbindungen des wegen Kindesmissbrauchs verurteilten Priesters H. zu Papst Emeritus Benedikt XVI. sind weit enger, als bisher von der Kirche zugegeben. Das zeigen neue Recherchen des gemeinn\u00fctzigen Recherchezentrums CORRECTIV &hellip; <a href=\"https:\/\/www.schiebener.net\/wordpress\/missbrauch-correctiv-und-zdf-frontal21-zeigen-die-verbindungen-des-ehemaligen-papstes-zu-einem-paedophilen-priester\/\" class=\"more-link\"><span class=\"screen-reader-text\">\u201eMissbrauch: CORRECTIV und ZDF\/ Frontal21 zeigen die Verbindungen des ehemaligen Papstes zu einem p\u00e4dophilen Priester\u201c <\/span>weiterlesen<\/a><\/p>\n","protected":false},"author":17,"featured_media":0,"comment_status":"open","ping_status":"open","sticky":false,"template":"","format":"standard","meta":{"footnotes":""},"categories":[1,303,1043,49],"tags":[5906,4154,655,1399],"class_list":["post-46084","post","type-post","status-publish","format-standard","hentry","category-allgemein","category-in-unserem-briefkasten","category-pressemitteilungen","category-religion","tag-correctiv","tag-padophilie","tag-pressemitteilung","tag-ratzinger"],"_links":{"self":[{"href":"https:\/\/www.schiebener.net\/wordpress\/wp-json\/wp\/v2\/posts\/46084","targetHints":{"allow":["GET"]}}],"collection":[{"href":"https:\/\/www.schiebener.net\/wordpress\/wp-json\/wp\/v2\/posts"}],"about":[{"href":"https:\/\/www.schiebener.net\/wordpress\/wp-json\/wp\/v2\/types\/post"}],"author":[{"embeddable":true,"href":"https:\/\/www.schiebener.net\/wordpress\/wp-json\/wp\/v2\/users\/17"}],"replies":[{"embeddable":true,"href":"https:\/\/www.schiebener.net\/wordpress\/wp-json\/wp\/v2\/comments?post=46084"}],"version-history":[{"count":0,"href":"https:\/\/www.schiebener.net\/wordpress\/wp-json\/wp\/v2\/posts\/46084\/revisions"}],"wp:attachment":[{"href":"https:\/\/www.schiebener.net\/wordpress\/wp-json\/wp\/v2\/media?parent=46084"}],"wp:term":[{"taxonomy":"category","embeddable":true,"href":"https:\/\/www.schiebener.net\/wordpress\/wp-json\/wp\/v2\/categories?post=46084"},{"taxonomy":"post_tag","embeddable":true,"href":"https:\/\/www.schiebener.net\/wordpress\/wp-json\/wp\/v2\/tags?post=46084"}],"curies":[{"name":"wp","href":"https:\/\/api.w.org\/{rel}","templated":true}]}}