{"id":46037,"date":"2020-02-09T19:53:11","date_gmt":"2020-02-09T18:53:11","guid":{"rendered":"https:\/\/www.schiebener.net\/wordpress\/?p=46037"},"modified":"2020-02-09T20:06:14","modified_gmt":"2020-02-09T19:06:14","slug":"lo-cor-de-la-plana-in-der-alten-synagoge-meschede","status":"publish","type":"post","link":"https:\/\/www.schiebener.net\/wordpress\/lo-cor-de-la-plana-in-der-alten-synagoge-meschede\/","title":{"rendered":"Lo C\u00f2r de la Plana in der alten Synagoge Meschede"},"content":{"rendered":"<p><figure id=\"attachment_46038\" aria-describedby=\"caption-attachment-46038\" style=\"width: 700px\" class=\"wp-caption aligncenter\"><a href=\"https:\/\/www.schiebener.net\/wordpress\/wp-content\/uploads\/2020\/02\/LoCorDeLaPlanaMeschede20200208.jpg\" target=\"_blank\" rel=\"noopener noreferrer\"><img loading=\"lazy\" decoding=\"async\" class=\"wp-image-46038\" src=\"https:\/\/www.schiebener.net\/wordpress\/wp-content\/uploads\/2020\/02\/LoCorDeLaPlanaMeschede20200208.jpg\" alt=\"\" width=\"700\" height=\"467\" srcset=\"https:\/\/www.schiebener.net\/wordpress\/wp-content\/uploads\/2020\/02\/LoCorDeLaPlanaMeschede20200208.jpg 2048w, https:\/\/www.schiebener.net\/wordpress\/wp-content\/uploads\/2020\/02\/LoCorDeLaPlanaMeschede20200208-300x200.jpg 300w, https:\/\/www.schiebener.net\/wordpress\/wp-content\/uploads\/2020\/02\/LoCorDeLaPlanaMeschede20200208-1024x683.jpg 1024w, https:\/\/www.schiebener.net\/wordpress\/wp-content\/uploads\/2020\/02\/LoCorDeLaPlanaMeschede20200208-768x512.jpg 768w, https:\/\/www.schiebener.net\/wordpress\/wp-content\/uploads\/2020\/02\/LoCorDeLaPlanaMeschede20200208-1536x1024.jpg 1536w\" sizes=\"auto, (max-width: 709px) 85vw, (max-width: 909px) 67vw, (max-width: 984px) 61vw, (max-width: 1362px) 45vw, 600px\" \/><\/a><figcaption id=\"caption-attachment-46038\" class=\"wp-caption-text\">Licht an, hell und ohne Beleuchtungstricks: lebhaft, mitrei\u00dfend und voller Humor &#8211;\u00a0 das A- Cappella-Quintett Lo C\u00f2r de la Plana in der Alten Synagoge Meschede. (foto: zoom)<\/figcaption><\/figure><br \/>\n<strong>Bevor Manu Th\u00e9ron, Rodin Kaufmann, Benjamin Novarino Giana, Denis Sampieri und S\u00e9bastien Spessa \u00e0 la \u201eLo C\u00f2r de la Plana\u201c im B\u00fcrgerzentrum &#8222;Alte Synagoge&#8220; in der Kampstra\u00dfe ihren polyphonen Gesang anstimmten, hatten sie noch einen Auftritt beim <a href=\"https:\/\/www.siedlerkarneval.de\/\" target=\"_blank\" rel=\"noopener noreferrer\">Siedlerkarneval<\/a> in der Stadthalle gleich nebenan. Daher r\u00fchrten sowohl die zehn Minuten Versp\u00e4tung als auch die Schals.<\/strong><\/p>\n<p>P\u00fcnktlich zur n\u00e4rrischen Saison hat der <a href=\"https:\/\/www.meschede.de\/tourismus-freizeit-kultur\/freizeit-kultur\/kultur-vor-ort\/werkkreis-kultur-meschede-ev\/\" rel=\"noopener noreferrer\" target=\"_blank\">WKM-WERKKREIS KULTUR MESCHEDE<\/a> im Rahmen des Klangkosmos Weltmusik in NRW die f\u00fcnf S\u00e4nger der Formation \u201eLo C\u00f2r de la Plana\u201c mit ihrem Programm \u201eCarnaval Occitian\u201c aus S\u00fcdfrankreich eingeladen.<\/p>\n<p>Anfang Januar hatte ich die Pressemitteilung des Werkkreises Kultur Meschede <a href=\"https:\/\/www.schiebener.net\/wordpress\/musikalisch-karnevalistische-gruesse-aus-marseille\/\" rel=\"noopener noreferrer\" target=\"_blank\">hier im Blog<\/a> ver\u00f6ffentlicht und war auf Grund der Ank\u00fcndigung neugierig geworden: Karten bestellt und gestern, einen knappen Monat sp\u00e4ter, das B\u00fcrgerzentrum Alte Synagoge besucht. <\/p>\n<p>Ich bin nun wahrlich kein Experte f\u00fcr &#8222;A Capella Ges\u00e4nge in der okzitanischen Tradition&#8220;, aber es war ein musikalisch \u00fcberraschender, mitrei\u00dfender, kurzweiliger Abend. Mit viel Humor und auch augenzwinkernden Einf\u00fchrungen in die einzelnen Lieder mit dem Bogen von popul\u00e4rer Spiritualit\u00e4t zu musikalischen Protestformen.<\/p>\n<p>Weil ich es nicht besser schreiben kann, zitiere ich <a href=\"https:\/\/www.schiebener.net\/wordpress\/musikalisch-karnevalistische-gruesse-aus-marseille\/\" rel=\"noopener noreferrer\" target=\"_blank\">den Pressetext vom 8. Januar<\/a>:<\/p>\n<blockquote><p>Im Herzen von Marseille liegt der Platz \u201eLa Plaine\u201c. Er ist Namensgeber des Ensembles: Lo C\u00f2r de la Plana. \u201eLa Plana\u201c hei\u00dft auf Franz\u00f6sisch \u201eLa Plaine\u201c was \u201ePlateau\u201c oder \u201eFl\u00e4che\u201c bedeutet. Dieser gro\u00dfe Platz wurde im 13. Jahrhundert angelegt und ist aktuell im Zuge eines Stadtumbaus hoch umstritten.<\/p>\n<p>In dem neuen Programm der okzitanischen S\u00e4nger nennen sie, als musikalisch-k\u00fcnstlerisches Sprachrohr, unverbl\u00fcmt soziale und politische Missst\u00e4nde beim Namen.<\/p>\n<p>Lo C\u00f2r De La Plana haben sich den A Capella Ges\u00e4ngen der okzitanischen Tradition verschrieben. Auf ihrer Spurensuche entdecken sie auch ganz moderne Klangwelten. Was die f\u00fcnf S\u00e4nger auf der traditionellen Spurensuchen ausgraben ist alles andere als verstaubt. Da trifft die Chortradition des westlichen Mittelmeerraums auf das Selbstverst\u00e4ndnis einer okzitanischen Eigenst\u00e4ndigkeit und die Weltoffenheit des internationalen Hafens: Marseille hatte schon immer ein farbigeres Kulturverst\u00e4ndnis, auch schon vor dem Titel der Kulturhauptstadt Europas 2013.<\/p>\n<p>Dazu kommt die hohe Professionalit\u00e4t der f\u00fcnf S\u00e4nger des Chors. Anleihen an Melodien aus dem Mittelalter sind zu h\u00f6ren, die Verwandtschaft zu Ges\u00e4ngen der gro\u00dfen Inseln Korsika und Sardinien wird deutlich. Vielf\u00e4ltiger Groove und eine ausgefeilte Gesangstechnik mit Elementen Sprechtechniken der Popmusik und Beatboxing, vor allem aber eine h\u00f6rbare Freude an verschlungenen Melodien und Harmonien machen dieses Konzert zu einem ansteckenden H\u00f6rerlebnis.<\/p>\n<p>Der Chor spielt in folgender Besetzung: Der k\u00fcnstlerische Leiter Manu Th\u00e9ron, Rodin Kaufmann, Benjamin Novarino-Giana, Denis Sampieri, S\u00e9bastien Spessa. Alle f\u00fcnf begleiten sich neben dem Gesang auch am Tamburin.<\/p><\/blockquote>\n<p>Einziger Kritikpunkt: Ein wenig Beleuchtungstechnik h\u00e4tte dem Ambiente nicht geschadet.<\/p>\n<p>Lange Rede kurzer Sinn. Damit die vielen Sauerl\u00e4nder, die gestern nicht dabei waren, einen Eindruck von der Gruppe bekommen, hier ihr Auftritt beim Weltmusik-Festival 2012 in Kroatien:<\/p>\n<div class=\"video-wrapped video-wrapped-video video-wrapped-yt\" style=\"width: 840px; min-height: 473px; background-image: url('https:\/\/www.schiebener.net\/wordpress\/wp-content\/plugins\/wp-video-embed-privacy-master\/preview\/yt\/8YbLmkbn_Ew.jpg?s=8743f43fc3b3cb534a0727d3dc4a21d1f0e15b30317bdf47922a0979d5d47f8f')\" data-embed-frame=\"&lt;iframe title=&quot;Lo Cor de La Plana : La vielha \/ Mi parl\u00e8tz pas de trabalhar @ Ethnoambient Salona 2012&quot; width=&quot;840&quot; height=&quot;473&quot; src=&quot;https:\/\/www.youtube-nocookie.com\/embed\/8YbLmkbn_Ew?feature=oembed&quot; frameborder=&quot;0&quot; allow=&quot;accelerometer; autoplay; clipboard-write; encrypted-media; gyroscope; picture-in-picture; web-share&quot; referrerpolicy=&quot;strict-origin-when-cross-origin&quot; allowfullscreen&gt;&lt;\/iframe&gt;\" data-embed-play=\"&lt;span&gt;Video abspielen&lt;\/span&gt;&lt;div class=&quot;small&quot;&gt;&lt;span&gt;Das Video wird von Youtube eingebettet. Es gelten die &lt;a href=&quot;https:\/\/www.google.com\/intl\/de\/policies\/privacy\/&quot; target=&quot;_blank&quot;&gt;Datenschutzerkl\u00e4rungen von Google&lt;\/a&gt;.&lt;\/span&gt;&lt;\/div&gt;\">\n<div class=\"video-wrapped-nojs\"><span>Aktivieren Sie JavaScript um das Video zu sehen.<br \/>Video-Link: <a href=\"https:\/\/www.youtube.com\/watch?v=8YbLmkbn_Ew\">https:\/\/www.youtube.com\/watch?v=8YbLmkbn_Ew<\/a><\/span><\/div>\n<\/div>\n","protected":false},"excerpt":{"rendered":"<p>Bevor Manu Th\u00e9ron, Rodin Kaufmann, Benjamin Novarino Giana, Denis Sampieri und S\u00e9bastien Spessa \u00e0 la \u201eLo C\u00f2r de la Plana\u201c im B\u00fcrgerzentrum &#8222;Alte Synagoge&#8220; in der Kampstra\u00dfe ihren polyphonen Gesang &hellip; <a href=\"https:\/\/www.schiebener.net\/wordpress\/lo-cor-de-la-plana-in-der-alten-synagoge-meschede\/\" class=\"more-link\"><span class=\"screen-reader-text\">\u201eLo C\u00f2r de la Plana in der alten Synagoge Meschede\u201c <\/span>weiterlesen<\/a><\/p>\n","protected":false},"author":3,"featured_media":0,"comment_status":"open","ping_status":"open","sticky":false,"template":"","format":"standard","meta":{"footnotes":""},"categories":[674,854,80,27],"tags":[6213,8508],"class_list":["post-46037","post","type-post","status-publish","format-standard","hentry","category-kultur","category-kunst","category-lokales","category-musik","tag-alte-synagoge-meschede","tag-lo-cor-de-la-plana"],"_links":{"self":[{"href":"https:\/\/www.schiebener.net\/wordpress\/wp-json\/wp\/v2\/posts\/46037","targetHints":{"allow":["GET"]}}],"collection":[{"href":"https:\/\/www.schiebener.net\/wordpress\/wp-json\/wp\/v2\/posts"}],"about":[{"href":"https:\/\/www.schiebener.net\/wordpress\/wp-json\/wp\/v2\/types\/post"}],"author":[{"embeddable":true,"href":"https:\/\/www.schiebener.net\/wordpress\/wp-json\/wp\/v2\/users\/3"}],"replies":[{"embeddable":true,"href":"https:\/\/www.schiebener.net\/wordpress\/wp-json\/wp\/v2\/comments?post=46037"}],"version-history":[{"count":0,"href":"https:\/\/www.schiebener.net\/wordpress\/wp-json\/wp\/v2\/posts\/46037\/revisions"}],"wp:attachment":[{"href":"https:\/\/www.schiebener.net\/wordpress\/wp-json\/wp\/v2\/media?parent=46037"}],"wp:term":[{"taxonomy":"category","embeddable":true,"href":"https:\/\/www.schiebener.net\/wordpress\/wp-json\/wp\/v2\/categories?post=46037"},{"taxonomy":"post_tag","embeddable":true,"href":"https:\/\/www.schiebener.net\/wordpress\/wp-json\/wp\/v2\/tags?post=46037"}],"curies":[{"name":"wp","href":"https:\/\/api.w.org\/{rel}","templated":true}]}}