{"id":45865,"date":"2020-01-20T20:14:11","date_gmt":"2020-01-20T19:14:11","guid":{"rendered":"https:\/\/www.schiebener.net\/wordpress\/?p=45865"},"modified":"2020-01-20T20:57:39","modified_gmt":"2020-01-20T19:57:39","slug":"ein-praesident-von-facebooks-gnaden-trump-zuckerberg-und-thiel","status":"publish","type":"post","link":"https:\/\/www.schiebener.net\/wordpress\/ein-praesident-von-facebooks-gnaden-trump-zuckerberg-und-thiel\/","title":{"rendered":"Ein Pr\u00e4sident von Facebooks Gnaden?  Trump, Zuckerberg und Thiel"},"content":{"rendered":"<figure id=\"attachment_45870\" aria-describedby=\"caption-attachment-45870\" style=\"width: 694px\" class=\"wp-caption aligncenter\"><a href=\"https:\/\/www.schiebener.net\/wordpress\/wp-content\/uploads\/2020\/01\/trumpzuckerberg20190921.jpg\" target=\"_blank\" rel=\"noopener noreferrer\"><img loading=\"lazy\" decoding=\"async\" class=\"wp-image-45870\" src=\"https:\/\/www.schiebener.net\/wordpress\/wp-content\/uploads\/2020\/01\/trumpzuckerberg20190921.jpg\" alt=\"\" width=\"694\" height=\"582\" srcset=\"https:\/\/www.schiebener.net\/wordpress\/wp-content\/uploads\/2020\/01\/trumpzuckerberg20190921.jpg 1071w, https:\/\/www.schiebener.net\/wordpress\/wp-content\/uploads\/2020\/01\/trumpzuckerberg20190921-300x252.jpg 300w, https:\/\/www.schiebener.net\/wordpress\/wp-content\/uploads\/2020\/01\/trumpzuckerberg20190921-1024x859.jpg 1024w, https:\/\/www.schiebener.net\/wordpress\/wp-content\/uploads\/2020\/01\/trumpzuckerberg20190921-768x644.jpg 768w\" sizes=\"auto, (max-width: 709px) 85vw, (max-width: 909px) 67vw, (max-width: 984px) 61vw, (max-width: 1362px) 45vw, 600px\" \/><\/a><figcaption id=\"caption-attachment-45870\" class=\"wp-caption-text\">Trumps Tweet vom 20. September 2019: &#8222;Nice meeting with Mark Zuckerberg\u00a0 of\u00a0 @Facebook in the Oval Office today.&#8220; (Screenshot: Chris Klein)<\/figcaption><\/figure>\n<p><strong>Mark Zuckerberg trifft sich mit Donald Trump.\u00a0 \u00dcber den Inhalt des Gespr\u00e4chs schweigt er.<\/strong><\/p>\n<p>Der Facebook Erfinder wird nicht gegen L\u00fcgen und Unwahrheiten in politischer Werbung auf Facebook vorgehen. Auch erlaubt die Plattform Werbung, die kleine Gruppen gezielt anspricht (micro-targeted Facebook ads). Die Wahlkampfmaschine von Trump soll bereits jetzt 1000 neue Kleingruppenanzeigen t\u00e4glich schalten.<\/p>\n<p>W\u00e4hrend Donald Trump seine Wahlkampfkasse f\u00fcr die kommende Auseinandersetzung gef\u00fcllt hat und die sozialen Medien mit personalisierter Werbung nutzen wird, erkl\u00e4rt der f\u00fchrende Kandidat der Demokraten Joe Biden, er werde sich auf Fernsehwerbung konzentrieren. Klingt, als w\u00fcrde bei den US-Pr\u00e4sidentschaftswahlen das 20. gegen das 21. Jahrhundert antreten.<\/p>\n<p>Trotz Kritik an dem laxen Umgang mit L\u00fcgen, bewegt sich Facebook nicht. So verbreitete die Plattform im vergangenen Oktober die Falschmeldung, Joe Biden habe der Ukrainischen Regierung $1 Milliarde Dollar angeboten, wenn sie die Untersuchung der Firma seines Sohnes beenden w\u00fcrden. Es werden viele weitere L\u00fcgen folgen.<\/p>\n<p>Dieser kreativen Umgang Facebooks mit der Wahrheit wird von Peter Thiel ma\u00dfgeblich vorangetrieben. Thiel, ein Trump-Unterst\u00fctzer, ist Milliard\u00e4r und Mitglied im Aufsichtsrat von Facebook. Gestern meldete die New York Times, Thiel sei Finanzier eines Start-Ups, welches Fotos aus dem Internet mit dem Ziel sammelt, jeden und jede zu identifizieren. Das Ende der Privatsph\u00e4re, so die NYT. Bisher habe die Firma drei Milliarden Fotos aus dem Netz gesaugt.<\/p>\n<p>Doch zur\u00fcck zu Facebook: Peter Thiel soll Zuckerberg \u00fcberzeugt haben, politische Werbung nicht auf ihren Wahrheitsgehalt zu pr\u00fcfen. Trump habe vor drei Jahren gewonnen, weil er die beste digitale Werbekampagne gef\u00fchrt habe, so Thiel laut einer Memo von Facebook-F\u00fchrungskraft Andrew Bosworth. Facebooks Grunds\u00e4tze k\u00f6nnen, so Thiel weiter, Trump einen weiteren Wahlsieg erm\u00f6glichen.<\/p>\n<p>Facebook sieht sich nicht in der Verantwortung, man biete das Material lediglich an. Manipulierte Werbung und Algorithmen k\u00f6nnen hysterische, l\u00fcgnerische und widerliche politische Diskurse f\u00f6rdern, so der Vorwurf. Doch f\u00fcr Facebook werden damit lediglich die Sehns\u00fcchte der Menschen offengelegt. Die Nutzer sollen ihre eigenen Entscheidungen treffen und nicht von Facebook bevormundet werden.<\/p>\n<p>Soweit das Verantwortungsgef\u00fchl eines der m\u00e4chtigsten Unternehmen der Erde.<\/p>\n<p>Facebook k\u00f6nnte und m\u00f6chte bei den kommenden Wahlen den K\u00f6nigsmacher spielen und Donald Trump zu einer zweiten Legislaturperiode verhelfen. Dies w\u00fcrde dem Konzern aus dem Silicon Valley auch in eigener Sache n\u00fctzen, denn die Demokratischen Kandidaten haben eine st\u00e4rkere Regulierung und sogar die Zerschlagung von Facebook auf die Agenda gesetzt.<\/p>\n<p>&#8212;&#8212;&#8212;&#8212;&#8212;&#8212;&#8212;&#8212;&#8212;&#8212;&#8212;-<\/p>\n<p><em><strong>Informationen f\u00fcr diesen Artikel kommen aus:<\/strong><br \/>\n<a href=\"https:\/\/www.theguardian.com\/commentisfree\/2020\/jan\/20\/trump-election-facebook\" target=\"_blank\" rel=\"noopener noreferrer\">https:\/\/www.theguardian.com\/commentisfree\/2020\/jan\/20\/trump-election-facebook<\/a><br \/>\n<a href=\"https:\/\/www.inputmag.com\/tech\/facebook-executive-andrew-bosworth-could-make-trumps-reelection-harder-but-he-wont\" target=\"_blank\" rel=\"noopener noreferrer\">https:\/\/www.inputmag.com\/tech\/facebook-executive-andrew-bosworth-could-make-trumps-reelection-harder-but-he-wont<\/a><br \/>\n<a href=\"https:\/\/www.nytimes.com\/issue\/todayspaper\/2020\/01\/19\/todays-new-york-times\" target=\"_blank\" rel=\"noopener noreferrer\">https:\/\/www.nytimes.com\/issue\/todayspaper\/2020\/01\/19\/todays-new-york-times<\/a><\/em><\/p>\n","protected":false},"excerpt":{"rendered":"<p>Mark Zuckerberg trifft sich mit Donald Trump.\u00a0 \u00dcber den Inhalt des Gespr\u00e4chs schweigt er. Der Facebook Erfinder wird nicht gegen L\u00fcgen und Unwahrheiten in politischer Werbung auf Facebook vorgehen. Auch &hellip; <a href=\"https:\/\/www.schiebener.net\/wordpress\/ein-praesident-von-facebooks-gnaden-trump-zuckerberg-und-thiel\/\" class=\"more-link\"><span class=\"screen-reader-text\">\u201eEin Pr\u00e4sident von Facebooks Gnaden?  Trump, Zuckerberg und Thiel\u201c <\/span>weiterlesen<\/a><\/p>\n","protected":false},"author":21,"featured_media":0,"comment_status":"open","ping_status":"open","sticky":false,"template":"","format":"standard","meta":{"footnotes":""},"categories":[32,24,173],"tags":[6176,744,2322,8519],"class_list":["post-45865","post","type-post","status-publish","format-standard","hentry","category-medien","category-politik","category-usa","tag-donald-trump","tag-facebook","tag-mark-zuckerberg","tag-peter-thiel"],"_links":{"self":[{"href":"https:\/\/www.schiebener.net\/wordpress\/wp-json\/wp\/v2\/posts\/45865","targetHints":{"allow":["GET"]}}],"collection":[{"href":"https:\/\/www.schiebener.net\/wordpress\/wp-json\/wp\/v2\/posts"}],"about":[{"href":"https:\/\/www.schiebener.net\/wordpress\/wp-json\/wp\/v2\/types\/post"}],"author":[{"embeddable":true,"href":"https:\/\/www.schiebener.net\/wordpress\/wp-json\/wp\/v2\/users\/21"}],"replies":[{"embeddable":true,"href":"https:\/\/www.schiebener.net\/wordpress\/wp-json\/wp\/v2\/comments?post=45865"}],"version-history":[{"count":0,"href":"https:\/\/www.schiebener.net\/wordpress\/wp-json\/wp\/v2\/posts\/45865\/revisions"}],"wp:attachment":[{"href":"https:\/\/www.schiebener.net\/wordpress\/wp-json\/wp\/v2\/media?parent=45865"}],"wp:term":[{"taxonomy":"category","embeddable":true,"href":"https:\/\/www.schiebener.net\/wordpress\/wp-json\/wp\/v2\/categories?post=45865"},{"taxonomy":"post_tag","embeddable":true,"href":"https:\/\/www.schiebener.net\/wordpress\/wp-json\/wp\/v2\/tags?post=45865"}],"curies":[{"name":"wp","href":"https:\/\/api.w.org\/{rel}","templated":true}]}}