{"id":45844,"date":"2020-01-19T21:39:44","date_gmt":"2020-01-19T20:39:44","guid":{"rendered":"https:\/\/www.schiebener.net\/wordpress\/?p=45844"},"modified":"2020-01-19T22:21:40","modified_gmt":"2020-01-19T21:21:40","slug":"nachtrag-heaven-can-wait-kondolenzbuch-fuer-jan-fedder-in-der-davidswache","status":"publish","type":"post","link":"https:\/\/www.schiebener.net\/wordpress\/nachtrag-heaven-can-wait-kondolenzbuch-fuer-jan-fedder-in-der-davidswache\/","title":{"rendered":"Nachtrag: &#8222;Heaven can wait&#8220; &#8211; Kondolenzbuch f\u00fcr Jan Fedder in der Davidwache"},"content":{"rendered":"<figure id=\"attachment_45845\" aria-describedby=\"caption-attachment-45845\" style=\"width: 700px\" class=\"wp-caption aligncenter\"><a href=\"https:\/\/www.schiebener.net\/wordpress\/wp-content\/uploads\/2020\/01\/HamburgDavidswache20200105.jpg\" target=\"_blank\" rel=\"noopener noreferrer\"><img loading=\"lazy\" decoding=\"async\" class=\"wp-image-45845\" src=\"https:\/\/www.schiebener.net\/wordpress\/wp-content\/uploads\/2020\/01\/HamburgDavidswache20200105.jpg\" alt=\"\" width=\"700\" height=\"510\" srcset=\"https:\/\/www.schiebener.net\/wordpress\/wp-content\/uploads\/2020\/01\/HamburgDavidswache20200105.jpg 2048w, https:\/\/www.schiebener.net\/wordpress\/wp-content\/uploads\/2020\/01\/HamburgDavidswache20200105-300x218.jpg 300w, https:\/\/www.schiebener.net\/wordpress\/wp-content\/uploads\/2020\/01\/HamburgDavidswache20200105-1024x746.jpg 1024w, https:\/\/www.schiebener.net\/wordpress\/wp-content\/uploads\/2020\/01\/HamburgDavidswache20200105-768x559.jpg 768w, https:\/\/www.schiebener.net\/wordpress\/wp-content\/uploads\/2020\/01\/HamburgDavidswache20200105-1536x1118.jpg 1536w\" sizes=\"auto, (max-width: 709px) 85vw, (max-width: 909px) 67vw, (max-width: 984px) 61vw, (max-width: 1362px) 45vw, 600px\" \/><\/a><figcaption id=\"caption-attachment-45845\" class=\"wp-caption-text\">&#8222;Heaven can wait&#8220; &#8211; Schlange vor der Davidwache: Eintrag ins Kondolenzbuch f\u00fcr Jan Fedder. (foto: zoom)<\/figcaption><\/figure>\n<p><strong>Manchmal habe ich meine &#8222;<a href=\"https:\/\/de.wikipedia.org\/wiki\/Forrest_Gump\" target=\"_blank\" rel=\"noopener noreferrer\">Forrest Gump<\/a> Momente&#8220;. Am 5. Januar gingen wir zuf\u00e4lligerweise an der Davidwache in Hamburg St. Pauli vorbei. Es war Sonntag und die Menschen warteten ruhig in einer langen Schlange.<\/strong><\/p>\n<p>Ein Polizist in Uniform lie\u00df immer nur ein oder zwei Leute gleichzeitig ein.<\/p>\n<p>Im Nachhinein bin ich schlauer, aber vor zwei Wochen habe ich im ersten Moment gedacht, dass irgendeine \u00fcberf\u00fcllte &#8222;Polizei-Crime-St. Pauli-Ausstellung&#8220; stattf\u00e4nde.<\/p>\n<p>Ich bin halt kein Fernsehmensch.<\/p>\n<p>&#8222;Ist hier irgendwas Besonderes?&#8220;, habe ich den Polizisten an der T\u00fcr gefragt.<\/p>\n<p>&#8222;Das Kondolenzbuch f\u00fcr <a href=\"https:\/\/de.wikipedia.org\/wiki\/Jan_Fedder\" target=\"_blank\" rel=\"noopener noreferrer\">Jan Fedder<\/a> liegt aus!&#8220;, trocken und ernst die Antwort des Uniformierten.<\/p>\n<p>&#8222;Oh, danke!&#8220;, mehr fiel mir nicht ein, und in diesem einen Moment w\u00fcnschte ich mir, dass ich beim Fernsehgucken besser aufgepasst h\u00e4tte, denn es d\u00e4mmerte mir.<\/p>\n<p>Die T\u00fcr zur Wache ging auf, ein \u00e4lteres Paar kam heraus und zwei j\u00fcngere Leute wurden hinein gelassen.<\/p>\n<p>R.I.P. Jan Fedder<\/p>\n","protected":false},"excerpt":{"rendered":"<p>Manchmal habe ich meine &#8222;Forrest Gump Momente&#8220;. Am 5. Januar gingen wir zuf\u00e4lligerweise an der Davidwache in Hamburg St. Pauli vorbei. Es war Sonntag und die Menschen warteten ruhig in &hellip; <a href=\"https:\/\/www.schiebener.net\/wordpress\/nachtrag-heaven-can-wait-kondolenzbuch-fuer-jan-fedder-in-der-davidswache\/\" class=\"more-link\"><span class=\"screen-reader-text\">\u201eNachtrag: &#8222;Heaven can wait&#8220; &#8211; Kondolenzbuch f\u00fcr Jan Fedder in der Davidwache\u201c <\/span>weiterlesen<\/a><\/p>\n","protected":false},"author":3,"featured_media":0,"comment_status":"open","ping_status":"open","sticky":false,"template":"","format":"standard","meta":{"footnotes":""},"categories":[174,83,2489,674,32],"tags":[4758,8516,8514,1145,364],"class_list":["post-45844","post","type-post","status-publish","format-standard","hentry","category-dit-und-dat","category-hamburg-allgemein","category-in-eigener-sache","category-kultur","category-medien","tag-davidwache","tag-grossstadtrevier","tag-jan-fedder","tag-soul-kitchen","tag-st-pauli"],"_links":{"self":[{"href":"https:\/\/www.schiebener.net\/wordpress\/wp-json\/wp\/v2\/posts\/45844","targetHints":{"allow":["GET"]}}],"collection":[{"href":"https:\/\/www.schiebener.net\/wordpress\/wp-json\/wp\/v2\/posts"}],"about":[{"href":"https:\/\/www.schiebener.net\/wordpress\/wp-json\/wp\/v2\/types\/post"}],"author":[{"embeddable":true,"href":"https:\/\/www.schiebener.net\/wordpress\/wp-json\/wp\/v2\/users\/3"}],"replies":[{"embeddable":true,"href":"https:\/\/www.schiebener.net\/wordpress\/wp-json\/wp\/v2\/comments?post=45844"}],"version-history":[{"count":0,"href":"https:\/\/www.schiebener.net\/wordpress\/wp-json\/wp\/v2\/posts\/45844\/revisions"}],"wp:attachment":[{"href":"https:\/\/www.schiebener.net\/wordpress\/wp-json\/wp\/v2\/media?parent=45844"}],"wp:term":[{"taxonomy":"category","embeddable":true,"href":"https:\/\/www.schiebener.net\/wordpress\/wp-json\/wp\/v2\/categories?post=45844"},{"taxonomy":"post_tag","embeddable":true,"href":"https:\/\/www.schiebener.net\/wordpress\/wp-json\/wp\/v2\/tags?post=45844"}],"curies":[{"name":"wp","href":"https:\/\/api.w.org\/{rel}","templated":true}]}}